{"id":550162,"date":"2022-06-16T00:05:42","date_gmt":"2022-06-16T05:05:42","guid":{"rendered":"https:\/\/www.diarioimagen.net\/?p=550162"},"modified":"2022-06-16T21:41:14","modified_gmt":"2022-06-17T02:41:14","slug":"entrega-uaemex-3-5-toneladas-de-taparroscas-a-amanc-estado-de-mexico-ayudara-al-acompanamiento-de-infantes-con-cancer","status":"publish","type":"post","link":"https:\/\/www.diarioimagen.net\/?p=550162","title":{"rendered":"Entrega UAEM\u00e9x 3.5 toneladas de taparroscas a AMANC Estado de M\u00e9xico; ayudar\u00e1 al acompa\u00f1amiento de infantes con c\u00e1ncer"},"content":{"rendered":"<p>&nbsp;<\/p>\n<div id=\"attachment_550257\" style=\"width: 470px\" class=\"wp-caption aligncenter\"><img loading=\"lazy\" decoding=\"async\" aria-describedby=\"caption-attachment-550257\" class=\"size-full wp-image-550257\" src=\"https:\/\/www.diarioimagen.net\/wp-content\/uploads\/2022\/06\/uaem2.jpg\" alt=\"\" width=\"460\" height=\"270\" \/><p id=\"caption-attachment-550257\" class=\"wp-caption-text\">El rector Carlos Eduardo Barrera D\u00edaz entreg\u00f3 dos toneladas de taparroscas a AMANC Estado de M\u00e9xico, I.A.P., con lo que suman 3.5 toneladas en total, que se traducen en recursos econ\u00f3micos para apoyar las causas de la asociaci\u00f3n.<\/p><\/div>\n<p>&nbsp;<\/p>\n<p><strong>Toluca, Estado de M\u00e9xico.\u2014<\/strong> El rector de la Universidad Aut\u00f3noma del Estado de M\u00e9xico (UAEM\u00e9x), Carlos Eduardo Barrera D\u00edaz, entreg\u00f3 a nombre de la comunidad universitaria 3.5 toneladas de taparroscas a la Asociaci\u00f3n Mexicana de Ayuda a Ni\u00f1os con C\u00e1ncer del Estado de M\u00e9xico (AMANC), I.A.P., lo que se traducir\u00e1 en recursos econ\u00f3micos para apoyar las causas de esta instituci\u00f3n.<\/p>\n<p>La comunidad universitaria conformada por estudiantes, docentes y personal administrativo particip\u00f3 en la campa\u00f1a verde de acopio de pet y taparroscas de pl\u00e1stico, la cual se desarroll\u00f3 del 22 de abril al 31 de mayo.<\/p>\n<p>Como resultado de la campa\u00f1a, fueron recolectadas 3.5 toneladas de taparroscas en total, de las cuales, se realiz\u00f3 una primera entrega de 1.5 toneladas el pasado 31 de mayo y este martes las dos toneladas adicionales.<\/p>\n<p>Durante el acto de entrega de tapitas, se firm\u00f3 un Convenio General de Colaboraci\u00f3n entre la UAEM\u00e9x y AMANC Estado de M\u00e9xico, I.A.P. que suscribi\u00f3 Barrera D\u00edaz con el presidente del patronato y la directora general de la Asociaci\u00f3n, Armando Gardu\u00f1o P\u00e9rez y Luz Mar\u00eda Archundia Corona, respectivamente.<\/p>\n<p>Dicha colaboraci\u00f3n abre la posibilidad a la UAEM\u00e9x para que siga ayudando a la lucha contra el c\u00e1ncer infantil a trav\u00e9s del programa \u201cReciclando y ayudando\u201d de AMANC que tiene un perfil ambiental y social.<\/p>\n<p>En su oportunidad, el secretario de Extensi\u00f3n y Vinculaci\u00f3n de la UAEM\u00e9x, Francisco Zepeda Mondrag\u00f3n, expres\u00f3 que la campa\u00f1a verde que se impuls\u00f3 en la Universidad es una acci\u00f3n que responde al cuarto eje de la actual administraci\u00f3n 2021-2025, para el desarrollo institucional, que se\u00f1ala la importancia de la corresponsabilidad de los universitarios por contribuir en entornos de mejores condiciones para todos.<\/p>\n<p>\u201cProcedente de dicha campa\u00f1a, en mayo hicimos la entrega de una tonelada y media de tapitas, hoy nos congratula donar dos toneladas m\u00e1s, sumando tres toneladas y media. Nos enorgullece la sobresaliente respuesta que nos muestra la solidaridad medioambiental que permea en nuestra m\u00e1xima casa de estudios\u201d, indic\u00f3 el universitario.<\/p>\n<p>En tanto, el presidente del patronato de AMANC Estado de M\u00e9xico I.A.P., Armando Gardu\u00f1o P\u00e9rez, agradeci\u00f3 el apoyo que la UAEM\u00e9x muestra con la asociaci\u00f3n y su causa.<\/p>\n<p>\u201cEl convenio de colaboraci\u00f3n que el d\u00eda de hoy hemos firmado, tiene como premisa la apertura a nuestro programa \u2018Reciclando y Ayudando\u2019 el cual tiene dos vertientes, por un lado el cuidado del medio ambiente y por el otro, el permitirnos seguir financiando parte de los servicios de acompa\u00f1amiento integral que damos en AMANC\u201d, dijo.<\/p>\n<p>Al evento, tambi\u00e9n acudi\u00f3 el secretario de Rector\u00eda, Marco Aurelio Cienfuegos Terr\u00f3n, integrantes del SDG Students Hub UAEM\u00e9x, as\u00ed como personal de la Asociaci\u00f3n.<\/p>\n<p>La Asociaci\u00f3n Mexicana de Ayuda a Ni\u00f1os con C\u00e1ncer del Estado de M\u00e9xico tiene un modelo de acompa\u00f1amiento integral para los ni\u00f1os que padecen c\u00e1ncer y sus familias, que va desde el soporte m\u00e9dico, el desarrollo humano, as\u00ed como el apoyo asistencial, emocional y nutricional.<\/p>\n","protected":false},"excerpt":{"rendered":"<p>El rector de la Universidad Aut\u00f3noma del Estado de M\u00e9xico (UAEM\u00e9x), Carlos Eduardo Barrera D\u00edaz, entreg\u00f3 a nombre de la comunidad universitaria 3.5 toneladas de taparroscas a la Asociaci\u00f3n Mexicana de Ayuda a Ni\u00f1os con C\u00e1ncer del Estado de M\u00e9xico (AMANC), I.A.P., lo que se traducir\u00e1 en recursos econ\u00f3micos para apoyar las causas de esta instituci\u00f3n.<\/p>\n","protected":false},"author":3,"featured_media":550257,"comment_status":"open","ping_status":"open","sticky":false,"template":"","format":"standard","meta":{"_monsterinsights_skip_tracking":false,"_monsterinsights_sitenote_active":false,"_monsterinsights_sitenote_note":"","_monsterinsights_sitenote_category":0,"footnotes":""},"categories":[5],"tags":[95742,1490],"class_list":["post-550162","post","type-post","status-publish","format-standard","has-post-thumbnail","hentry","category-estado-de-mexico","tag-amanc","tag-universidad-autonoma-del-estado-de-mexico"],"_links":{"self":[{"href":"https:\/\/www.diarioimagen.net\/index.php?rest_route=\/wp\/v2\/posts\/550162","targetHints":{"allow":["GET"]}}],"collection":[{"href":"https:\/\/www.diarioimagen.net\/index.php?rest_route=\/wp\/v2\/posts"}],"about":[{"href":"https:\/\/www.diarioimagen.net\/index.php?rest_route=\/wp\/v2\/types\/post"}],"author":[{"embeddable":true,"href":"https:\/\/www.diarioimagen.net\/index.php?rest_route=\/wp\/v2\/users\/3"}],"replies":[{"embeddable":true,"href":"https:\/\/www.diarioimagen.net\/index.php?rest_route=%2Fwp%2Fv2%2Fcomments&post=550162"}],"version-history":[{"count":0,"href":"https:\/\/www.diarioimagen.net\/index.php?rest_route=\/wp\/v2\/posts\/550162\/revisions"}],"wp:featuredmedia":[{"embeddable":true,"href":"https:\/\/www.diarioimagen.net\/index.php?rest_route=\/wp\/v2\/media\/550257"}],"wp:attachment":[{"href":"https:\/\/www.diarioimagen.net\/index.php?rest_route=%2Fwp%2Fv2%2Fmedia&parent=550162"}],"wp:term":[{"taxonomy":"category","embeddable":true,"href":"https:\/\/www.diarioimagen.net\/index.php?rest_route=%2Fwp%2Fv2%2Fcategories&post=550162"},{"taxonomy":"post_tag","embeddable":true,"href":"https:\/\/www.diarioimagen.net\/index.php?rest_route=%2Fwp%2Fv2%2Ftags&post=550162"}],"curies":[{"name":"wp","href":"https:\/\/api.w.org\/{rel}","templated":true}]}}