{"id":550177,"date":"2022-06-16T00:02:34","date_gmt":"2022-06-16T05:02:34","guid":{"rendered":"https:\/\/www.diarioimagen.net\/?p=550177"},"modified":"2022-06-16T03:20:20","modified_gmt":"2022-06-16T08:20:20","slug":"sale-ernesto-nemer-de-la-secretaria-de-gobierno-de-edomex-lo-releva-luis-felipe-puente-espinosa","status":"publish","type":"post","link":"https:\/\/www.diarioimagen.net\/?p=550177","title":{"rendered":"Sale Ernesto Nemer de la Secretar\u00eda de Gobierno de Edomex; lo releva Luis Felipe Puente Espinosa"},"content":{"rendered":"<p>&nbsp;<\/p>\n<ul>\n<li><strong><em>Destaca Del Mazo trayectoria de ambos<\/em><\/strong><\/li>\n<\/ul>\n<p>&nbsp;<\/p>\n<h6>Arturo Baena<\/h6>\n<p>&nbsp;<\/p>\n<div id=\"attachment_550256\" style=\"width: 470px\" class=\"wp-caption aligncenter\"><img loading=\"lazy\" decoding=\"async\" aria-describedby=\"caption-attachment-550256\" class=\"wp-image-550256 size-full\" src=\"https:\/\/www.diarioimagen.net\/wp-content\/uploads\/2022\/06\/toluca-3.jpg\" alt=\"\" width=\"460\" height=\"270\" \/><p id=\"caption-attachment-550256\" class=\"wp-caption-text\">Ernesto Nemer \u00c1lvarez deja la Secretar\u00eda General de Gobierno del Estado de M\u00e9xico, fue relevado por Luis Felipe Puente Espinosa.<\/p><\/div>\n<p>&nbsp;<\/p>\n<p><strong>Toluca, Estado de M\u00e9xico.\u2014<\/strong> A diversos actores pol\u00edticos, sobre todo del Valle de M\u00e9xico, les caus\u00f3 sorpresa la salida de\u00a0 Ernesto Nemer \u00c1lvarez de la Secretar\u00eda General de Gobierno, que fue sustituido por Luis Felipe Puente Espinosa, para seguir apoyando desde otra posici\u00f3n el trabajo del gobernador Alfredo Del Mazo Maza.<\/p>\n<p>El mandatario mexiquense reconoci\u00f3 y agradeci\u00f3 el trabajo que encabez\u00f3 el Secretario saliente, Ernesto Nemer \u00c1lvarez, al frente de la Secretar\u00eda General de Gobierno y asegur\u00f3 que su dedicaci\u00f3n ha permitido tener una entidad donde prevalecen la estabilidad, el trabajo constructivo, la paz social y la gobernabilidad.<\/p>\n<p>Del Mazo Maza afirm\u00f3 que Luis Felipe Puente Espinosa, nuevo titular de la Secretar\u00eda General de Gobierno, conoce muy bien al Estado de M\u00e9xico y los retos que enfrenta la entidad, y lo exhort\u00f3 a dar continuidad al gran trabajo que se ha realizado en esa dependencia.<\/p>\n<p>Tambi\u00e9n destac\u00f3 la trayectoria y experiencia de Puente Espinosa en los distintos niveles de Gobierno, ya que ha ocupado cargos en los \u00e1mbitos municipal, estatal y federal.<\/p>\n<p>Luis Felipe Puente se ha desempe\u00f1ado como Coordinador Nacional de Protecci\u00f3n Civil; Secretario de Transporte y Subsecretario de Gobierno, Director General de Turismo en el gobierno del Estado de M\u00e9xico, entre otros cargos.<\/p>\n","protected":false},"excerpt":{"rendered":"<p>A diversos actores pol\u00edticos, sobre todo del Valle de M\u00e9xico, les caus\u00f3 sorpresa la salida de\u00a0 Ernesto Nemer \u00c1lvarez de la Secretar\u00eda General de Gobierno, que fue sustituido por Luis Felipe Puente Espinosa, para seguir apoyando desde otra posici\u00f3n el trabajo del gobernador Alfredo Del Mazo Maza.<\/p>\n","protected":false},"author":3,"featured_media":550256,"comment_status":"open","ping_status":"open","sticky":false,"template":"","format":"standard","meta":{"_monsterinsights_skip_tracking":false,"_monsterinsights_sitenote_active":false,"_monsterinsights_sitenote_note":"","_monsterinsights_sitenote_category":0,"footnotes":""},"categories":[5],"tags":[43675,95745,64055,5718,452],"class_list":["post-550177","post","type-post","status-publish","format-standard","has-post-thumbnail","hentry","category-estado-de-mexico","tag-estado-de-mexico","tag-luis-felipe-puente-espinosa","tag-sale","tag-secretaria-de-gobierno","tag-toluca"],"_links":{"self":[{"href":"https:\/\/www.diarioimagen.net\/index.php?rest_route=\/wp\/v2\/posts\/550177","targetHints":{"allow":["GET"]}}],"collection":[{"href":"https:\/\/www.diarioimagen.net\/index.php?rest_route=\/wp\/v2\/posts"}],"about":[{"href":"https:\/\/www.diarioimagen.net\/index.php?rest_route=\/wp\/v2\/types\/post"}],"author":[{"embeddable":true,"href":"https:\/\/www.diarioimagen.net\/index.php?rest_route=\/wp\/v2\/users\/3"}],"replies":[{"embeddable":true,"href":"https:\/\/www.diarioimagen.net\/index.php?rest_route=%2Fwp%2Fv2%2Fcomments&post=550177"}],"version-history":[{"count":0,"href":"https:\/\/www.diarioimagen.net\/index.php?rest_route=\/wp\/v2\/posts\/550177\/revisions"}],"wp:featuredmedia":[{"embeddable":true,"href":"https:\/\/www.diarioimagen.net\/index.php?rest_route=\/wp\/v2\/media\/550256"}],"wp:attachment":[{"href":"https:\/\/www.diarioimagen.net\/index.php?rest_route=%2Fwp%2Fv2%2Fmedia&parent=550177"}],"wp:term":[{"taxonomy":"category","embeddable":true,"href":"https:\/\/www.diarioimagen.net\/index.php?rest_route=%2Fwp%2Fv2%2Fcategories&post=550177"},{"taxonomy":"post_tag","embeddable":true,"href":"https:\/\/www.diarioimagen.net\/index.php?rest_route=%2Fwp%2Fv2%2Ftags&post=550177"}],"curies":[{"name":"wp","href":"https:\/\/api.w.org\/{rel}","templated":true}]}}