{"id":550181,"date":"2022-06-16T00:04:00","date_gmt":"2022-06-16T05:04:00","guid":{"rendered":"https:\/\/www.diarioimagen.net\/?p=550181"},"modified":"2022-06-16T02:00:04","modified_gmt":"2022-06-16T07:00:04","slug":"supervisa-el-alcalde-de-atizapan-trabajos-en-el-parque-los-ciervos","status":"publish","type":"post","link":"https:\/\/www.diarioimagen.net\/?p=550181","title":{"rendered":"Supervisa el alcalde de Atizap\u00e1n trabajos en el\u00a0parque \u201cLos Ciervos\u201d"},"content":{"rendered":"<p>&nbsp;<\/p>\n<p><img loading=\"lazy\" decoding=\"async\" class=\"aligncenter size-full wp-image-550263\" src=\"https:\/\/www.diarioimagen.net\/wp-content\/uploads\/2022\/06\/atizapan-1.jpg\" alt=\"\" width=\"460\" height=\"270\" \/><\/p>\n<p>&nbsp;<\/p>\n<p><strong>Atizap\u00e1n de Zaragoza, Estado de M\u00e9xico.\u2014<\/strong> El presidente municipal de esta localidad, Pedro Rodr\u00edguez Villegas, acudi\u00f3 al parque Los Ciervos para supervisar la rehabilitaci\u00f3n con concreto asf\u00e1ltico en la avenida de acceso al lugar que servir\u00e1 de esparcimiento a todas las familias atizapenses y de municipios vecinos.<\/p>\n<p>En poco menos de 60 d\u00edas, trabajadores de la Direcci\u00f3n de Obras P\u00fablicas colocaron poco m\u00e1s de 17 mil 149 metros cuadrados de pavimento de concreto asf\u00e1ltico de 7 cent\u00edmetros. Los trabajos tambi\u00e9n incluyeron trazo, nivelaci\u00f3n y fresado de la carpeta asf\u00e1ltica existente que ten\u00eda una afectaci\u00f3n considerable.<\/p>\n","protected":false},"excerpt":{"rendered":"<p>El presidente municipal de esta localidad, Pedro Rodr\u00edguez Villegas, acudi\u00f3 al parque Los Ciervos para supervisar la rehabilitaci\u00f3n con concreto asf\u00e1ltico en la avenida de acceso al lugar que servir\u00e1 de esparcimiento a todas las familias atizapenses y de municipios vecinos.<\/p>\n","protected":false},"author":3,"featured_media":550263,"comment_status":"open","ping_status":"open","sticky":false,"template":"","format":"standard","meta":{"_monsterinsights_skip_tracking":false,"_monsterinsights_sitenote_active":false,"_monsterinsights_sitenote_note":"","_monsterinsights_sitenote_category":0,"footnotes":""},"categories":[5],"tags":[3561,43675,95747,79722],"class_list":["post-550181","post","type-post","status-publish","format-standard","has-post-thumbnail","hentry","category-estado-de-mexico","tag-atizapan-de-zaragoza","tag-estado-de-mexico","tag-los-ciervos","tag-supervisa"],"_links":{"self":[{"href":"https:\/\/www.diarioimagen.net\/index.php?rest_route=\/wp\/v2\/posts\/550181","targetHints":{"allow":["GET"]}}],"collection":[{"href":"https:\/\/www.diarioimagen.net\/index.php?rest_route=\/wp\/v2\/posts"}],"about":[{"href":"https:\/\/www.diarioimagen.net\/index.php?rest_route=\/wp\/v2\/types\/post"}],"author":[{"embeddable":true,"href":"https:\/\/www.diarioimagen.net\/index.php?rest_route=\/wp\/v2\/users\/3"}],"replies":[{"embeddable":true,"href":"https:\/\/www.diarioimagen.net\/index.php?rest_route=%2Fwp%2Fv2%2Fcomments&post=550181"}],"version-history":[{"count":0,"href":"https:\/\/www.diarioimagen.net\/index.php?rest_route=\/wp\/v2\/posts\/550181\/revisions"}],"wp:featuredmedia":[{"embeddable":true,"href":"https:\/\/www.diarioimagen.net\/index.php?rest_route=\/wp\/v2\/media\/550263"}],"wp:attachment":[{"href":"https:\/\/www.diarioimagen.net\/index.php?rest_route=%2Fwp%2Fv2%2Fmedia&parent=550181"}],"wp:term":[{"taxonomy":"category","embeddable":true,"href":"https:\/\/www.diarioimagen.net\/index.php?rest_route=%2Fwp%2Fv2%2Fcategories&post=550181"},{"taxonomy":"post_tag","embeddable":true,"href":"https:\/\/www.diarioimagen.net\/index.php?rest_route=%2Fwp%2Fv2%2Ftags&post=550181"}],"curies":[{"name":"wp","href":"https:\/\/api.w.org\/{rel}","templated":true}]}}