{"id":550219,"date":"2022-06-16T00:02:21","date_gmt":"2022-06-16T05:02:21","guid":{"rendered":"https:\/\/www.diarioimagen.net\/?p=550219"},"modified":"2022-06-16T01:26:10","modified_gmt":"2022-06-16T06:26:10","slug":"a-que-le-temen-los-legisladores-de-morena","status":"publish","type":"post","link":"https:\/\/www.diarioimagen.net\/?p=550219","title":{"rendered":"\u00bfA qu\u00e9 le temen los legisladores de Morena?"},"content":{"rendered":"<h2>La Retaguardia<\/h2>\n<h5>Adriana Moreno Cordero<\/h5>\n<p>&nbsp;<\/p>\n<ul>\n<li><strong><em>La sangre corre a diario en el pa\u00eds<\/em><\/strong><\/li>\n<\/ul>\n<p>&nbsp;<\/p>\n<p>\u00bfA qu\u00e9 le temen los legisladores de Morena que forman parte de la Comisi\u00f3n Permanente del Congreso de la Uni\u00f3n? La pregunta viene a cuento porque ayer, fueron ellos los que frenaron el debate pol\u00edtico que las bancadas de la oposici\u00f3n pretend\u00edan abrir en torno al pol\u00e9mico mitin que el fin de semana se llev\u00f3 a cabo en Toluca, la capital del Estado de M\u00e9xico, al que acudieron los tres aspirantes presidenciales de ese partido: <strong>Claudia Sheinbaum, Marcelo Ebrard<\/strong> y <strong>Ad\u00e1n Augusto L\u00f3pez Hern\u00e1ndez<\/strong> y se excluy\u00f3 sin mayor explicaci\u00f3n al presidente de la Junta de Coordinaci\u00f3n Pol\u00edtica del Senado de la Rep\u00fablica, <strong>Ricardo Monreal Avila<\/strong>.<\/p>\n<p>Y corri\u00f3 a cargo del presidente de la Mesa Directiva de la Permanente, <strong>Sergio Guti\u00e9rrez \u201cGutierritos\u201d Luna<\/strong>, cancelar la agenda pol\u00edtica de esta reuni\u00f3n, lo que nos lleva a pensar que si tanta seguridad tienen los del partido oficial y se sienten tan poderosos por el n\u00famero de gubernaturas acumuladas, algo que es innegable, entonces, \u00bfpor qu\u00e9 mediante burdas artima\u00f1as se rehusaron a debatir?<\/p>\n<p>Total que quien ya tiene candidato para 2024 y es el flamante secretario de Gobernaci\u00f3n, con todo y esa cara y voz que tiene el responsable de la pol\u00edtica interna del pa\u00eds, explic\u00f3 que durante la reuni\u00f3n de la Mesa Directiva, de manera un\u00e1nime, se hab\u00eda votado por excluir del orden del d\u00eda la agenda pol\u00edtica. Mira \u00a1qu\u00e9 casualidad!<\/p>\n<p>Bueno, hasta el diputado del PT, <strong>Gerardo Fern\u00e1ndez Noro\u00f1a<\/strong>, reclam\u00f3 a la Mesa Directiva, pues, seg\u00fan \u00e9l, llevaba la espada m\u00e1s que afilada para \u201cponer a la oposici\u00f3n en su lugar\u201d y con la decisi\u00f3n de la \u201caplanadora\u201d morenista, le estaban quitando esa posibilidad.<\/p>\n<p>\u00bfAcaso los legisladores del partido oficial no quieren reconocer que utilizan pr\u00e1cticas electoreras burdas del PRI de la d\u00e9cada de los setenta.<\/p>\n<p>Por cierto, en el debate de la agenda pol\u00edtica, tambi\u00e9n estaba incluido lo ocurrido en San Crist\u00f3bal de las Casas y la abierta ineficiencia e ineptitud de un gobernador morenista m\u00e1s.<\/p>\n<p>As\u00ed, en otro tema de alg\u00fan modo relacionado, mucho se ha dicho y no por ello se ha vuelto un lugar com\u00fan, sino una muy triste realidad; en M\u00e9xico, no nos podemos acostumbrar a la violencia que diariamente se genera en todo lo largo y ancho del pa\u00eds y no nada m\u00e1s en \u201cla mitad de los estados (que) no tienen problema de violencia que se refleje en homicidios\u201d, como asegura en su gustad\u00edsimo \u201cstand-up\u201d ma\u00f1anero el presidente <strong>Andr\u00e9s Manuel L\u00f3pez Obrador<\/strong>. La sangre corre a diario en el pa\u00eds.<\/p>\n<p>Luego de que grupos armados autodenominados \u201cLos motonetos\u201d, caminaron embozados y, ojo, con armas largas de uso exclusivo del Ej\u00e9rcito, impunemente por las calles de San Crist\u00f3bal de las Casas, Chiapas y luego tuvieron enfrentamientos en un mercado de la localidad. Adem\u00e1s, lo ocurrido en Chilpancingo con los distribuidores de pollos, situaci\u00f3n que dej\u00f3 tambi\u00e9n saldo rojo, aunque ya ayer, la mayor\u00eda de los establecimientos de pollo reabrieron y lo hicieron con sobreprecios y el temor de cu\u00e1ndo se volver\u00eda a repetir esta situaci\u00f3n.<\/p>\n<p>Todo lo anterior, sin olvidar el muy lamentable e irracional linchamiento de <strong>Daniel Picazo<\/strong>, un joven de 31 a\u00f1os, en una comunidad de Puebla y cuyos padres se enteraron por el radio y la televisi\u00f3n que el eficiente gobierno poblano, que encabeza <strong>Luis Miguel Barbosa<\/strong>, hab\u00eda detenido a seis presuntos implicados. De plano resulta incomprensible que quienes est\u00e1n a cargo de esta investigaci\u00f3n, no se hayan comunicado con los padres del joven Picazo, d\u00e1ndoles largas de que en una semana o quiz\u00e1s m\u00e1s tiempo, se comunicar\u00edan con ellos y nada. Eso, en todo caso, es una falta de respeto, sobre todo, al dolor de estos padres.<\/p>\n<p>Y \u00bfqu\u00e9 estaba haciendo el gobernador de Chiapas, <strong>Rutilio Escand\u00f3n<\/strong> ante las violentas acciones de San Crist\u00f3bal de las Casas?, pues \u201cmuy pendiente\u201d, como dijo en repetidas ocasiones el presidente municipal del municipio m\u00e1s tur\u00edstico del estado por tercera ocasi\u00f3n, <strong>Mariano D\u00edaz Ochoa<\/strong>, militante del PVEM, que obviamente, acomodaticio como es el partido del tuc\u00e1n, se dedica a justificar la inacci\u00f3n de su jefe.<\/p>\n<p>Bueno, en este caso ni siquiera tienen la capacidad de ponerse de acuerdo entre ellos. D\u00edaz Ochoa, (\u00bfacaso para quedar bien con el gobernador?) diciendo que no hubo muertos y el presidente L\u00f3pez Obrador asegurando que s\u00ed hubo fallecidos.<\/p>\n<p>Por su parte, \u00bfla gobernadora de Guerrero, <strong>Evelyn Salgado<\/strong>, d\u00f3nde estaba?, pues a lo mejor buscando por todos los medios a su alcance a quien se presenta como el gobernador real, el senador acosador <strong>F\u00e9lix Salgado Macedonio<\/strong> porque, para variar, no sabe qu\u00e9 hacer con el grave problema de la inseguridad en su estado, mientras que el gobernador de Puebla ya demostr\u00f3 su eficiencia.<\/p>\n<p>\u00bfY finalmente, qu\u00e9 estaba haciendo la flamante secretaria de Seguridad y Protecci\u00f3n Ciudadana a nivel federal, <strong>Rosa Icela Rodr\u00edguez<\/strong>?, pues muy ocupada de viaje, apoyando a su hermana <strong>Rita Ozalia Rodr\u00edguez<\/strong>, que por cierto, tambi\u00e9n ha recibido las bondades de esta errada y llamada cuarta transformaci\u00f3n, que ahora quiere \u201cbrincar\u201d a la pol\u00edtica.<\/p>\n<p>En fin, ante este negro panorama, resulta tan sorprendente como indignante, que L\u00f3pez Obrador salga con que se tienen que respetar los usos y costumbres de algunas poblaciones del pa\u00eds. \u00bfCon esta aberraci\u00f3n pretende el Presidente justificar la violencia y la inacci\u00f3n de su errada y llamada Cuarta Transformaci\u00f3n? Todo indica que s\u00ed.<\/p>\n<p style=\"text-align: center;\"><strong>Municiones<\/strong><\/p>\n<p>*** Con la finalidad de dar a conocer el inicio de las actividades comunitarias que el Partido Encuentro Solidario de Baja California (PESBC) lleva a cabo como parte de su agenda ciudadana, su dirigente estatal <strong>C\u00e9sar Eduardo Hank Inzunza,<\/strong> dio a conocer la primera Jornada estatal de limpia. Se trata de una actividad en la que integrantes del PESBC y voluntarios simpatizantes, trabajan de manera simult\u00e1nea en los siete municipios de la entidad. Acompa\u00f1ado por el dirigente municipal del PESBC en Tijuana, <strong>Andr\u00e9s Garza Ch\u00e1vez<\/strong>, as\u00ed como por el secretario de organizaci\u00f3n, <strong>Ranier Falc\u00f3n Mart\u00ednez<\/strong>, el l\u00edder partidista manifest\u00f3 que esta tarea es el inicio de muchas otras que su instituto pol\u00edtico habr\u00e1 de encabezar en lo que resta del a\u00f1o,<\/p>\n<p>*** La declaraci\u00f3n de Ricardo Monreal sobre la situaci\u00f3n por la que atraviesa el l\u00edder del PRI, <strong>Alejandro Moreno<\/strong>, es digna de rescatarse. Resulta que el senador zacatecano se\u00f1ala que el dirigente tricolor no debe ser \u201csujeto de ning\u00fan tipo de vendettas pol\u00edticas\u201d. Recomend\u00f3 que es necesario esperar que la ley y el derecho se apliquen sin distingo, pero sin excesos ni con motivaciones de car\u00e1cter pol\u00edtico. Y \u00a1vaya que Monreal Avila ha sido objeto de este tipo de persecuciones, por lo que agreg\u00f3 que:\u00a0 \u201cYo deseo que le vaya bien (a \u201cAlito\u201d): no me alegra cuando una persona se encuentra bajo estas circunstancias. No me gusta que la gente sufra, pero tampoco estoy de acuerdo en que se presenten persecuciones pol\u00edticas so pretexto de la justicia\u201d.<\/p>\n<p><u><a href=\"mailto:morcora@gmail.com\" target=\"_blank\" rel=\"noopener noreferrer\"><em>morcora@gmail.com<\/em><\/a><\/u><\/p>\n","protected":false},"excerpt":{"rendered":"<p><span style=\"color: #005497;\"><strong>Adriana Moreno Cordero<\/strong><\/span><\/p>\n","protected":false},"author":3,"featured_media":0,"comment_status":"open","ping_status":"open","sticky":false,"template":"","format":"standard","meta":{"_monsterinsights_skip_tracking":false,"_monsterinsights_sitenote_active":false,"_monsterinsights_sitenote_note":"","_monsterinsights_sitenote_category":0,"footnotes":""},"categories":[69370],"tags":[69369,69368,43674],"class_list":["post-550219","post","type-post","status-publish","format-standard","hentry","category-adriana-moreno-cordero","tag-adriana-moreno-cordero","tag-la-retaguardia","tag-opinion"],"_links":{"self":[{"href":"https:\/\/www.diarioimagen.net\/index.php?rest_route=\/wp\/v2\/posts\/550219","targetHints":{"allow":["GET"]}}],"collection":[{"href":"https:\/\/www.diarioimagen.net\/index.php?rest_route=\/wp\/v2\/posts"}],"about":[{"href":"https:\/\/www.diarioimagen.net\/index.php?rest_route=\/wp\/v2\/types\/post"}],"author":[{"embeddable":true,"href":"https:\/\/www.diarioimagen.net\/index.php?rest_route=\/wp\/v2\/users\/3"}],"replies":[{"embeddable":true,"href":"https:\/\/www.diarioimagen.net\/index.php?rest_route=%2Fwp%2Fv2%2Fcomments&post=550219"}],"version-history":[{"count":0,"href":"https:\/\/www.diarioimagen.net\/index.php?rest_route=\/wp\/v2\/posts\/550219\/revisions"}],"wp:attachment":[{"href":"https:\/\/www.diarioimagen.net\/index.php?rest_route=%2Fwp%2Fv2%2Fmedia&parent=550219"}],"wp:term":[{"taxonomy":"category","embeddable":true,"href":"https:\/\/www.diarioimagen.net\/index.php?rest_route=%2Fwp%2Fv2%2Fcategories&post=550219"},{"taxonomy":"post_tag","embeddable":true,"href":"https:\/\/www.diarioimagen.net\/index.php?rest_route=%2Fwp%2Fv2%2Ftags&post=550219"}],"curies":[{"name":"wp","href":"https:\/\/api.w.org\/{rel}","templated":true}]}}