{"id":550221,"date":"2022-06-16T00:04:12","date_gmt":"2022-06-16T05:04:12","guid":{"rendered":"https:\/\/www.diarioimagen.net\/?p=550221"},"modified":"2022-06-16T01:29:03","modified_gmt":"2022-06-16T06:29:03","slug":"moratoria-si-no-legislan-que-no-cobren","status":"publish","type":"post","link":"https:\/\/www.diarioimagen.net\/?p=550221","title":{"rendered":"Moratoria, si no legislan que no cobren"},"content":{"rendered":"<h2>Desde el portal<\/h2>\n<h5>\u00c1ngel Soriano<\/h5>\n<p>&nbsp;<\/p>\n<p>El presidente Andr\u00e9s Manuel L\u00f3pez Obrador se\u00f1al\u00f3 que los diputados deben cumplir la funci\u00f3n para lo que fueron electos: Legislar en favor del pueblo. Y si no cumplen con su funci\u00f3n, no deben cobrar sus dietas; el parlamento es para ello, para discutir y aprobar leyes en beneficio de la comunidad, de lo contrario defraudan a los electores.<\/p>\n<p>Y es que los legisladores, con excepciones, confunden su funci\u00f3n; asumen la representaci\u00f3n popular como una concesi\u00f3n partidista o personal, como un privilegio o una carta de impunidad que les permite hacer y deshacer a su antojo, para la ampliaci\u00f3n de sus intereses personales, para la b\u00fasqueda de intereses facciosos, menos la de mejoras al pueblo.<\/p>\n<p>Las propuestas constitucionales enviadas por el Ejecutivo deber\u00e1n ser analizadas y si hay desacuerdos proponer otras m\u00e1s avanzadas o mejoradas, como es el caso del INE donde, evidentemente, hay una burocracia dorada que maneja una colosal fortuna para los integrantes del organismo y cuya funci\u00f3n deber\u00eda ser honoraria, m\u00e1s que de lujo.<\/p>\n<p>Se debe, sin duda alguna, mejorar los cuerpos policiacos. Cambios de adscripci\u00f3n burocr\u00e1tica, de uniformes, colores o denominaci\u00f3n, se ha visto, durante varios sexenios, que no funciona. La delincuencia va en aumento sin que nadie lo detenga: el pa\u00eds es escenario de robos, secuestros, linchamientos, asaltos, cr\u00edmenes a la luz del d\u00eda. \u00bfNo habr\u00e1 otra propuesta mejor que la GN?.<\/p>\n<p style=\"text-align: center;\"><strong>Turbulencias<br \/>\nJohn Kerry, otra vez de visita en M\u00e9xico<\/strong><\/p>\n<p>Otra vez, como es el caso del embajador Ken Salazar, el enviado presidencial estadunidense para el cambio clim\u00e1tico, John Kerry, estuvo en Palacio Nacional para abordar el tema del uso de energ\u00edas limpias y de cuidado del ambiente, tema que el presidente L\u00f3pez Obrador ha abordado en diferentes ocasiones y que parece ser no atendido por el vecino pa\u00eds del norte y sus impugnadores, las poderosas empresas transnacionales. El gabinete en pleno atendi\u00f3 al visitante frecuente y no se sabe si se fue convencido o no, pero es obvio que los resultados del cambio de pol\u00edtica energ\u00e9tica no se dar\u00e1n de la noche a la ma\u00f1ana\u2026 La fortaleza del PRI, como de Morena, se debe a la fuerza del Presidente en turno. As\u00ed ocurri\u00f3 con el PRI, PAN y Morena, no es que la c\u00fapula dirigente o la militancia le den mayor\u00eda o una cauda de seguidores; los partidarios se van con el poder que ahora no tiene el PRI, sino lo tiene Morena, de ah\u00ed la debilidad de uno y la fortaleza de otro\u2026 Como s\u00edmbolo de la derrota estuvo presente en la reuni\u00f3n de \u201cAlito\u201d Moreno con los ex dirigentes nacionales, el \u201cTriple A\u201d, Alejandro Avil\u00e9s \u00c1lvarez, cuya campa\u00f1a por la gubernatura de Oaxaca fue una campa\u00f1a de escuela de primaria: Enmascarado y con frases huecas, como eso de ofrecer el triple en todo. Todo mundo sab\u00eda en Oaxaca que era una farsa pues carece de credibilidad por sus p\u00e9simos antecedentes en los cargos p\u00fablicos que ha ocupado. Y a\u00fan as\u00ed concurri\u00f3 a la reuni\u00f3n del PRI en demanda de fortalecimiento del partido cuando que es uno de los art\u00edfices de su ca\u00edda\u2026 La jefa de Gobierno de la CDMX, Claudia Sheinbaum, insiste en que la decisi\u00f3n del Tribunal de Justicia Administrativa de inhabilitar por un a\u00f1o a Sandra Cuevas Nieves, alcaldesa en Cuauht\u00e9moc es una decisi\u00f3n administrativa, no pol\u00edtica, la alcaldesa se\u00f1ala que es pol\u00edtica, m\u00e1s que administrativa; el enfrentamiento entre niveles de gobierno es claro que, hasta una simple clausura por violaciones a la normatividad de una Hoster\u00eda de San Jer\u00f3nimo, es motivo de choque. Veremos en que termina este asunto partidista esperando que las diferencias personales no afecten a la comunidad.<\/p>\n<p><u><a href=\"mailto:asorianocarrasco@yahoo.com\" target=\"_blank\" rel=\"noopener noreferrer\"><em>asorianocarrasco@yahoo.com<\/em><\/a><br \/>\n<em><a href=\"https:\/\/revistabrecha.com\" target=\"_blank\" rel=\"noopener noreferrer\">www.revistabrecha.com<\/a><br \/>\n<\/em><\/u><em>facebook oficial <a href=\"https:\/\/es-la.facebook.com\/RevistaBrecha.Oficial\" target=\"_blank\" rel=\"noopener\">@BrechaRevista<\/a><\/em><\/p>\n","protected":false},"excerpt":{"rendered":"<p><span style=\"color: #005497;\"><strong>\u00c1ngel Soriano<\/strong><\/span><\/p>\n","protected":false},"author":3,"featured_media":0,"comment_status":"open","ping_status":"open","sticky":false,"template":"","format":"standard","meta":{"_monsterinsights_skip_tracking":false,"_monsterinsights_sitenote_active":false,"_monsterinsights_sitenote_note":"","_monsterinsights_sitenote_category":0,"footnotes":""},"categories":[135],"tags":[85,86,43674],"class_list":["post-550221","post","type-post","status-publish","format-standard","hentry","category-angel-soriano-opinion","tag-angel-soriano","tag-desde-el-portal","tag-opinion"],"_links":{"self":[{"href":"https:\/\/www.diarioimagen.net\/index.php?rest_route=\/wp\/v2\/posts\/550221","targetHints":{"allow":["GET"]}}],"collection":[{"href":"https:\/\/www.diarioimagen.net\/index.php?rest_route=\/wp\/v2\/posts"}],"about":[{"href":"https:\/\/www.diarioimagen.net\/index.php?rest_route=\/wp\/v2\/types\/post"}],"author":[{"embeddable":true,"href":"https:\/\/www.diarioimagen.net\/index.php?rest_route=\/wp\/v2\/users\/3"}],"replies":[{"embeddable":true,"href":"https:\/\/www.diarioimagen.net\/index.php?rest_route=%2Fwp%2Fv2%2Fcomments&post=550221"}],"version-history":[{"count":0,"href":"https:\/\/www.diarioimagen.net\/index.php?rest_route=\/wp\/v2\/posts\/550221\/revisions"}],"wp:attachment":[{"href":"https:\/\/www.diarioimagen.net\/index.php?rest_route=%2Fwp%2Fv2%2Fmedia&parent=550221"}],"wp:term":[{"taxonomy":"category","embeddable":true,"href":"https:\/\/www.diarioimagen.net\/index.php?rest_route=%2Fwp%2Fv2%2Fcategories&post=550221"},{"taxonomy":"post_tag","embeddable":true,"href":"https:\/\/www.diarioimagen.net\/index.php?rest_route=%2Fwp%2Fv2%2Ftags&post=550221"}],"curies":[{"name":"wp","href":"https:\/\/api.w.org\/{rel}","templated":true}]}}