{"id":550222,"date":"2022-06-16T00:01:16","date_gmt":"2022-06-16T05:01:16","guid":{"rendered":"https:\/\/www.diarioimagen.net\/?p=550222"},"modified":"2022-06-16T01:49:58","modified_gmt":"2022-06-16T06:49:58","slug":"la-silla-presidencial-y-el-agua","status":"publish","type":"post","link":"https:\/\/www.diarioimagen.net\/?p=550222","title":{"rendered":"La silla presidencial y el agua"},"content":{"rendered":"<h2>De pe a pa<\/h2>\n<h5>Alberto Vieyra G.<\/h5>\n<p>&nbsp;<\/p>\n<p>\u201cRecen para que haya agua en Nuevo Le\u00f3n&#8230;\u201d y \u201cmi\u00e9ntenle la madre a Jaime Rodr\u00edguez Calder\u00f3n, el<em> Bronco<\/em>\u201d. En ese tono fresa, burl\u00f3n, vulgar y corriente el gobernadorcito de Nuevo Le\u00f3n, Samuel Garc\u00eda, ha respondido a la carretada de pronunciamientos ciudadanos a trav\u00e9s de las redes sociales que le exigen resolver la crisis por la escasez de agua que enfrenta Nuevo Le\u00f3n y que le est\u00e1n recordando todos los d\u00edas a su jefecita.<\/p>\n<p>S\u00f3lo que al m\u00e1s puro estilo de los politicastros ineptos le echa la culpa a la Conagua del gobierno federal. S\u00ed, le saca al bulto y s\u00f3lo falta que imite a L\u00f3pez Obrador diciendo que \u201cme dejaron un cochinero en Nuevo Le\u00f3n\u201d o que \u201ctodo es culpa de los conservadores fif\u00eds y los gobernantes que me antecedieron\u201d. \u00a1Qu\u00e9 poca manera de salirse por la tangente!<\/p>\n<p>Samuel Garc\u00eda reparte su odio contra Jaime Rodr\u00edguez Calder\u00f3n, a quien mantuvo en la c\u00e1rcel s\u00f3lo por dictados de su h\u00edgado.<\/p>\n<p>No, el problema de la escasez de agua no es tan simple, ni se arregla con rezos, ni con mentadas de madre; se arregla con inteligencia como lo har\u00edan los hombres de Estado y es que los hombres de Estado no piensan solamente en las pr\u00f3ximas elecciones, sino en las pr\u00f3ximas generaciones. No se ve que Samuel Garc\u00eda le cranee a este asunto que podr\u00eda costarle el cargo. Pero, no obstante, su peque\u00f1ez intelectual como bur\u00f3crata, ya sue\u00f1a con ser candidato presidencial, sin saber que los suspirantes por la silla presidencial ser\u00e1n bombardeados por todo el pa\u00eds con agrias exigencias por m\u00e1s de 45 millones de compatriotas que ya enfrentan serios conflictos sociales por la escasez de agua.<\/p>\n<p>Guadalajara, la llamada ciudad garrafonera que consume agua puerca del r\u00edo Santiago; Nuevo Le\u00f3n, Ciudad de M\u00e9xico, Coahuila, Puebla, Estado de M\u00e9xico, Veracruz, Chihuahua, Sonora y la Baja California se est\u00e1n convirtiendo en una papa caliente para la clase pol\u00edtica que ya no podr\u00e1 resolver el problema con <em>tacos de lengua<\/em> y <em>atolito con el dedo<\/em>, sino con millonarios proyectos h\u00eddricos que almacenen grandes reservas de agua potable, incluyendo el agua del mar y conviertan las aguas negras en aguas tratadas para la agricultura y la industria.<\/p>\n<p>El dato duro de los 45 millones de compatriotas lo acaba de arrojar la encuesta de M\u00e9xico Elige<em>,<\/em> que dirige Sergio Zaragoza, y viene a encender los focos rojos en un asunto que les dar\u00e1 severos dolores de cabeza a la clase pol\u00edtica azteca.<\/p>\n<p>Tampoco se resolver\u00eda el problema de la escasez de agua con un hurac\u00e1n que le pegar\u00e1 a Nuevo Le\u00f3n. No sabe ni lo que dice ese gobernante de caricatura. Una cat\u00e1strofe no se resuelve con otra cat\u00e1strofe.<\/p>\n<p>Recordar\u00e9 que, en 1988, el hurac\u00e1n <em>Gilberto<\/em> con una devastadora categor\u00eda tres se impact\u00f3 en Nuevo Le\u00f3n, Quintana Roo, Yucat\u00e1n, Campeche, Coahuila y Tamaulipas con un saldo de m\u00e1s de 250 personas muertas y da\u00f1os materiales por m\u00e1s de 750 millones de d\u00f3lares. Ese hurac\u00e1n que a punto estuvo de desaparecer al cerro de La Silla caus\u00f3 inundaciones en gran parte de Monterrey, pero con un abastecimiento que no habr\u00eda problemas por el agua e incluso los neoloneses tampoco tuvieron problemas por el vital l\u00edquido durante el r\u00e9gimen del <em>Bronco<\/em>.<\/p>\n<p>El agua se acaba y si bien \u201cDios da el agua, no la entuba\u201d y menos en la era del cambio clim\u00e1tico en que la mayor\u00eda de los seres humanos estamos devastando a nuestro planeta.<\/p>\n<p><a href=\"mailto:info@agenciamn.com\" target=\"_blank\" rel=\"noopener noreferrer\"><em>info@agenciamn.com<\/em><\/a><\/p>\n","protected":false},"excerpt":{"rendered":"<p><span style=\"color: #005497;\"><strong>Alberto Vieyra G.<\/strong><\/span><\/p>\n","protected":false},"author":3,"featured_media":0,"comment_status":"open","ping_status":"open","sticky":false,"template":"","format":"standard","meta":{"_monsterinsights_skip_tracking":false,"_monsterinsights_sitenote_active":false,"_monsterinsights_sitenote_note":"","_monsterinsights_sitenote_category":0,"footnotes":""},"categories":[4596],"tags":[43697,4597,43674],"class_list":["post-550222","post","type-post","status-publish","format-standard","hentry","category-alberto-vieyra-g","tag-alberto-vieyra-g","tag-de-pe-a-pa","tag-opinion"],"_links":{"self":[{"href":"https:\/\/www.diarioimagen.net\/index.php?rest_route=\/wp\/v2\/posts\/550222","targetHints":{"allow":["GET"]}}],"collection":[{"href":"https:\/\/www.diarioimagen.net\/index.php?rest_route=\/wp\/v2\/posts"}],"about":[{"href":"https:\/\/www.diarioimagen.net\/index.php?rest_route=\/wp\/v2\/types\/post"}],"author":[{"embeddable":true,"href":"https:\/\/www.diarioimagen.net\/index.php?rest_route=\/wp\/v2\/users\/3"}],"replies":[{"embeddable":true,"href":"https:\/\/www.diarioimagen.net\/index.php?rest_route=%2Fwp%2Fv2%2Fcomments&post=550222"}],"version-history":[{"count":0,"href":"https:\/\/www.diarioimagen.net\/index.php?rest_route=\/wp\/v2\/posts\/550222\/revisions"}],"wp:attachment":[{"href":"https:\/\/www.diarioimagen.net\/index.php?rest_route=%2Fwp%2Fv2%2Fmedia&parent=550222"}],"wp:term":[{"taxonomy":"category","embeddable":true,"href":"https:\/\/www.diarioimagen.net\/index.php?rest_route=%2Fwp%2Fv2%2Fcategories&post=550222"},{"taxonomy":"post_tag","embeddable":true,"href":"https:\/\/www.diarioimagen.net\/index.php?rest_route=%2Fwp%2Fv2%2Ftags&post=550222"}],"curies":[{"name":"wp","href":"https:\/\/api.w.org\/{rel}","templated":true}]}}