{"id":550226,"date":"2022-06-16T00:08:05","date_gmt":"2022-06-16T05:08:05","guid":{"rendered":"https:\/\/www.diarioimagen.net\/?p=550226"},"modified":"2022-06-16T01:32:32","modified_gmt":"2022-06-16T06:32:32","slug":"el-pri-y-su-futuro-incierto","status":"publish","type":"post","link":"https:\/\/www.diarioimagen.net\/?p=550226","title":{"rendered":"El PRI y su futuro incierto"},"content":{"rendered":"<h2>Punto por punto<\/h2>\n<h5>Augusto Corro<\/h5>\n<p>&nbsp;<\/p>\n<p>El Partido Revolucionario Institucional (PRI) confirm\u00f3 que sigue sin br\u00fajula despu\u00e9s de la cadena de derrotas pol\u00edticas.<\/p>\n<p>Esa organizaci\u00f3n pol\u00edtica se encuentra en un laberinto. Su l\u00edder, Alejandro Moreno C\u00e1rdenas, se aferra al poder. Declar\u00f3 que no renunciar\u00e1 a la dirigencia.<\/p>\n<p>El Revolucionario Institucional cay\u00f3 en desgracia tras la derrota en las elecciones presidenciales de 2018.<\/p>\n<p>Desde esa ocasi\u00f3n, los electores le dieron la espalda: unos cuantos legisladores lo representan en el Congreso; igual ocurre en los gobiernos de los estados.<\/p>\n<p>Quiz\u00e1s la tragedia del otrora \u201cpartidazo\u201d empez\u00f3 a fraguarse en sexenios anteriores.<\/p>\n<p>Con los ex presidentes panistas Vicente Fox y Felipe Calder\u00f3n, el PRI alcanz\u00f3 a sobrevivir y recuper\u00f3 la presidencia de la Rep\u00fablica.<\/p>\n<p>Lleg\u00f3 Movimiento Regeneraci\u00f3n Nacional (Morena) y el partido tricolor va rumbo al abismo.<\/p>\n<p>Fueron un sinn\u00famero de factores que influyeron para llevar al tricolor a la situaci\u00f3n deplorable en la que se encuentra. Por ejemplo, la alianza con el Partido Acci\u00f3n Nacional (PAN) sembr\u00f3 la confusi\u00f3n y la duda en la militancia priista.<\/p>\n<p>Juntar a dos o m\u00e1s partidos pol\u00edticos de ideas y principios diferentes solo habla de la desesperaci\u00f3n que provoca en las dirigencias la falta de rumbo.\u00a0 Ese es el caso de \u201cVa por M\u00e9xico\u201d, la alianza partidista en la que participan los citados institutos pol\u00edticos, m\u00e1s el Partido de la Revoluci\u00f3n Democr\u00e1tica (PRD).<\/p>\n<p>A los tres partidos, de acuerdo con sus metas, lo \u00fanico que les interesa es detener el proyecto obradorista de la Cuarta Transformaci\u00f3n.<\/p>\n<p>Esas organizaciones luchan, principalmente, por el poder. Solo que sus dirigentes ya mostraron su incapacidad para resucitarlos.<\/p>\n<p>Salvo el PAN, el PRI y el PRD van rumbo al abismo. As\u00ed lo demostraron una vez efectuadas las elecciones estatales el 5 de junio.<\/p>\n<p>Desde cualquier \u00e1ngulo que se observe el escenario pol\u00edtico, el PRI es el partido que se encuentra en un callej\u00f3n sin salida, con dos contiendas electorales en su agenda.<\/p>\n<p>Nos referimos a las elecciones estatales en el Estado de M\u00e9xico (Edomex) y las presidenciales en 2024.<\/p>\n<p>Claro, tambi\u00e9n se votar\u00e1 por nuevo gobernador en Coahuila, pero ese hecho no tiene tanta relevancia.\u00a0 S\u00ed es de gran importancia para el PRI ganar el Edomex, entidad considerada como baluarte tricolor, pues no ha conocido gobernador de otro partido.<\/p>\n<p>Tambi\u00e9n representa un estado con el mayor n\u00famero de electores, con una importante ubicaci\u00f3n geogr\u00e1fica cercana a la Ciudad de M\u00e9xico.\u00a0 El gobierno del Edomex es de lo poco que queda del poderoso partido tricolor. Es algo parecido a un s\u00edmbolo.<\/p>\n<p>Si en 2023 se pierde esa plaza, los priistas se quedar\u00e1n en la orfandad total.\u00a0 Morena no quiere sorpresas y desde el domingo arranc\u00f3 su campa\u00f1a electoral para ganar el Edomex y la candidatura presidencial del 2024.<\/p>\n<p>Los morenistas efectuaron un mitin al que calificaron como reuni\u00f3n de unidad en la que participaron los tres precandidatos m\u00e1s visibles en busca de la silla presidencial.<\/p>\n<p>Tambi\u00e9n estuvieron los presuntos candidatos morenistas que van tras la gubernatura.<\/p>\n<p>El movimiento es intenso en la esfera pol\u00edtica. La alianza Va por M\u00e9xico no alcanza a crecer.<\/p>\n<p>Los dirigentes de los partidos opositores no encuentran la manera de frenar el avance de Morena.<\/p>\n<p>Entre los problemas que afectan a los partidos pol\u00edticos est\u00e1n la autoridad moral de sus l\u00edderes.<\/p>\n<p>Tal es el caso de Alejandro Moreno C\u00e1rdenas (a) \u201cAlito\u201d, que se encuentra en el ojo de la tormenta debido a las acusaciones en su contra por delitos de corrupci\u00f3n.<\/p>\n<p>La situaci\u00f3n que priva en el PRI y concretamente el golpeteo constante a su l\u00edder, provoc\u00f3 preocupaci\u00f3n a exdirigentes del partido.<\/p>\n<p>Todos ellos, con la presencia de \u201cAlito\u201d, coincidieron en que el dirigente deb\u00eda renunciar al cargo, no s\u00f3lo por los esc\u00e1ndalos, sino tambi\u00e9n por su pobre desempe\u00f1o pol\u00edtico.<\/p>\n<p>El presidente del PRI, de lo que queda, no se inmut\u00f3 y respondi\u00f3 que no renunciar\u00e1 al cargo que terminar\u00e1 en agosto de 2023.<\/p>\n<p>Los adversarios de \u201cAlito\u201d ya dijeron que el campechano buscar\u00e1 reelegirse en el cargo y de ah\u00ed buscar la candidatura presidencial priista.<\/p>\n<p>Sin duda, el PRI vive un futuro incierto.<\/p>\n<p>\u00bfUsted qu\u00e9 opina amable lector?<\/p>\n<p><a href=\"mailto:aco2742@hotmail.com\" target=\"_blank\" rel=\"noopener noreferrer\"><em>aco2742@hotmail.com<\/em><\/a><\/p>\n","protected":false},"excerpt":{"rendered":"<p><span style=\"color: #005497;\"><strong>Augusto Corro<\/strong><\/span><\/p>\n","protected":false},"author":3,"featured_media":0,"comment_status":"open","ping_status":"open","sticky":false,"template":"","format":"standard","meta":{"_monsterinsights_skip_tracking":false,"_monsterinsights_sitenote_active":false,"_monsterinsights_sitenote_note":"","_monsterinsights_sitenote_category":0,"footnotes":""},"categories":[157],"tags":[43686,43674,11515],"class_list":["post-550226","post","type-post","status-publish","format-standard","hentry","category-augusto-corro","tag-augusto-corro","tag-opinion","tag-punto-por-punto"],"_links":{"self":[{"href":"https:\/\/www.diarioimagen.net\/index.php?rest_route=\/wp\/v2\/posts\/550226","targetHints":{"allow":["GET"]}}],"collection":[{"href":"https:\/\/www.diarioimagen.net\/index.php?rest_route=\/wp\/v2\/posts"}],"about":[{"href":"https:\/\/www.diarioimagen.net\/index.php?rest_route=\/wp\/v2\/types\/post"}],"author":[{"embeddable":true,"href":"https:\/\/www.diarioimagen.net\/index.php?rest_route=\/wp\/v2\/users\/3"}],"replies":[{"embeddable":true,"href":"https:\/\/www.diarioimagen.net\/index.php?rest_route=%2Fwp%2Fv2%2Fcomments&post=550226"}],"version-history":[{"count":0,"href":"https:\/\/www.diarioimagen.net\/index.php?rest_route=\/wp\/v2\/posts\/550226\/revisions"}],"wp:attachment":[{"href":"https:\/\/www.diarioimagen.net\/index.php?rest_route=%2Fwp%2Fv2%2Fmedia&parent=550226"}],"wp:term":[{"taxonomy":"category","embeddable":true,"href":"https:\/\/www.diarioimagen.net\/index.php?rest_route=%2Fwp%2Fv2%2Fcategories&post=550226"},{"taxonomy":"post_tag","embeddable":true,"href":"https:\/\/www.diarioimagen.net\/index.php?rest_route=%2Fwp%2Fv2%2Ftags&post=550226"}],"curies":[{"name":"wp","href":"https:\/\/api.w.org\/{rel}","templated":true}]}}