{"id":550229,"date":"2022-06-16T00:03:48","date_gmt":"2022-06-16T05:03:48","guid":{"rendered":"https:\/\/www.diarioimagen.net\/?p=550229"},"modified":"2022-06-16T01:33:47","modified_gmt":"2022-06-16T06:33:47","slug":"ajustes-en-edomex","status":"publish","type":"post","link":"https:\/\/www.diarioimagen.net\/?p=550229","title":{"rendered":"Ajustes en Edomex"},"content":{"rendered":"<h2>Espacio Electoral<\/h2>\n<h5>Eleazar Flores<\/h5>\n<p>&nbsp;<\/p>\n<p><strong>\u00bfINCERTIDUMBRE?-.<\/strong> No obstante versiones de los \u201cexpertos\u201d, muchos esperaban ajustes en el gabinete del gobernador Alfredo del Mazo Maza, pero nadie o, para ser exactos, pocos cre\u00edan que fuera en la secretar\u00eda General de Gobierno, tanto por quien sale como por quien lleg\u00f3.<\/p>\n<p>Salvo asuntos que no hayan trascendido por la discreci\u00f3n del hoy ex secretario Ernesto Nemer \u00c1lvarez, el clima pol\u00edtico parec\u00eda marchar bien, con excepci\u00f3n de la evidente inseguridad, no privativa del estado, sino imperante en todo el pa\u00eds.<\/p>\n<p>En cuanto a su relevo, Luis Felipe Puente Espinosa, que pocos consignan haber iniciado su vida pol\u00edtica de primer nivel como presidente municipal de Atizap\u00e1n de Zaragoza en los no tan lejanos noventa, ciertamente acumula experiencia en los \u00e1mbito federal, estatal y obviamente municipal, adem\u00e1s del partidista que aun cuando muchos lo dudan, es envidiable cancha de entrenamiento y capacitaci\u00f3n pol\u00edtica.<\/p>\n<p><strong>NEMER-.<\/strong> Especulaciones al por mayor respecto al futuro destino pol\u00edtico del licenciado en Derecho Ernesto Nemer \u00c1lvarez, uno de los pol\u00edticos m\u00e1s experimentados tambi\u00e9n en los \u00e1mbitos federal, estatal y municipal, con responsabilidades siempre de primer nivel, por lo que muchos creen que podr\u00eda ser aprovechado por su partido para empresas mayores como\u2026<\/p>\n<p>Como la candidatura\u2026 o en principio precandidatura priista al gobierno mexiquense o bien un cargo en el propio Comit\u00e9 Ejecutivo Nacional tricolor, cuya dirigencia sigue renuente a dejar las b\u00e1rtulos no obstante los p\u00e9simos resultados comiciales del pasado 5 de junio.<\/p>\n<p>Colaborador cercano de primer nivel con el ex presidente Ernesto Zedillo, los \u00faltimos gobernadores como Emilio Chuayffet, C\u00e9sar Camacho, Arturo Montiel y con cargos de elecci\u00f3n con Eruviel \u00c1vila y ahora con Del Mazo Maza, Nemer \u00c1lvarez podr\u00eda ser aprovechado, pues su\u00a0 experiencia y fama p\u00fablica pocos la tienen en esas dimensiones.<\/p>\n<p><strong>PUENTE ESPINOSA-.<\/strong> Luis Felipe Puente tambi\u00e9n posee un expediente de experiencia y buena fama p\u00fablica -tan escasa en la clase pol\u00edtica-, pues cuando alcalde dej\u00f3 buenas cuentas en Atizap\u00e1n de Zaragoza y como coordinador nacional de Protecci\u00f3n Civil afront\u00f3 y resolvi\u00f3 con prontitud muchos de los problemas que ocasionaron\u00a0 los fen\u00f3menos meteorol\u00f3gico en el sexenio del presidente Enrique Pe\u00f1a Nieto.<\/p>\n<p>Con eficiencia y discreci\u00f3n asumi\u00f3 en 2018 la direcci\u00f3n estatal de Protecci\u00f3n Civil\u00a0 a la cual renunci\u00f3 en 2020 para desempe\u00f1arse como subsecretario del gobierno estatal en el conflictivo y poblado valle de M\u00e9xico.<\/p>\n<p>Tambi\u00e9n con discreci\u00f3n y casi cero reflectores se desempe\u00f1\u00f3 a \u00faltimas fechas como secretario t\u00e9cnico del comit\u00e9 directivo estatal del PRI, de donde salta a partir de ayer a la Secretar\u00eda General de Gobierno, en tiempos realmente dif\u00edciles. Tambi\u00e9n tiene buenas relaciones con los medios de comunicaci\u00f3n, nacionales incluso y seguramente se aplicar\u00e1 en acercarse a los locales.<\/p>\n<p><em><a href=\"mailto:elefa44@gmail.com\" target=\"_blank\" rel=\"noopener noreferrer\">elefa44@gmail.com<\/a><\/em><\/p>\n","protected":false},"excerpt":{"rendered":"<p><span style=\"color: #005497;\"><strong>Eleazar Flores<\/strong><\/span><\/p>\n","protected":false},"author":3,"featured_media":0,"comment_status":"open","ping_status":"open","sticky":false,"template":"","format":"standard","meta":{"_monsterinsights_skip_tracking":false,"_monsterinsights_sitenote_active":false,"_monsterinsights_sitenote_note":"","_monsterinsights_sitenote_category":0,"footnotes":""},"categories":[81743],"tags":[81744,81776,43674],"class_list":["post-550229","post","type-post","status-publish","format-standard","hentry","category-eleazar-flores","tag-eleazar-flores","tag-espacio-electoral","tag-opinion"],"_links":{"self":[{"href":"https:\/\/www.diarioimagen.net\/index.php?rest_route=\/wp\/v2\/posts\/550229","targetHints":{"allow":["GET"]}}],"collection":[{"href":"https:\/\/www.diarioimagen.net\/index.php?rest_route=\/wp\/v2\/posts"}],"about":[{"href":"https:\/\/www.diarioimagen.net\/index.php?rest_route=\/wp\/v2\/types\/post"}],"author":[{"embeddable":true,"href":"https:\/\/www.diarioimagen.net\/index.php?rest_route=\/wp\/v2\/users\/3"}],"replies":[{"embeddable":true,"href":"https:\/\/www.diarioimagen.net\/index.php?rest_route=%2Fwp%2Fv2%2Fcomments&post=550229"}],"version-history":[{"count":0,"href":"https:\/\/www.diarioimagen.net\/index.php?rest_route=\/wp\/v2\/posts\/550229\/revisions"}],"wp:attachment":[{"href":"https:\/\/www.diarioimagen.net\/index.php?rest_route=%2Fwp%2Fv2%2Fmedia&parent=550229"}],"wp:term":[{"taxonomy":"category","embeddable":true,"href":"https:\/\/www.diarioimagen.net\/index.php?rest_route=%2Fwp%2Fv2%2Fcategories&post=550229"},{"taxonomy":"post_tag","embeddable":true,"href":"https:\/\/www.diarioimagen.net\/index.php?rest_route=%2Fwp%2Fv2%2Ftags&post=550229"}],"curies":[{"name":"wp","href":"https:\/\/api.w.org\/{rel}","templated":true}]}}