{"id":550233,"date":"2022-06-16T00:01:50","date_gmt":"2022-06-16T05:01:50","guid":{"rendered":"https:\/\/www.diarioimagen.net\/?p=550233"},"modified":"2022-06-16T01:36:51","modified_gmt":"2022-06-16T06:36:51","slug":"errores-de-epigmenio","status":"publish","type":"post","link":"https:\/\/www.diarioimagen.net\/?p=550233","title":{"rendered":"Errores de Epigmenio"},"content":{"rendered":"<h2>Precios y desprecios<\/h2>\n<h5>Freddy S\u00e1nchez<\/h5>\n<p>&nbsp;<\/p>\n<p>Qui\u00e9n y c\u00f3mo puede dar por terminada la guerra del gobierno federal contra las mafias del delito.<\/p>\n<p>O lo \u00fanico que importa es saber qui\u00e9n la comenz\u00f3 para repudiarlo \u201ceternamente\u201d.<\/p>\n<p>Lo segundo lo ha se\u00f1alado hasta la saciedad Epigmenio Ibarra y el propio presidente L\u00f3pez Obrador mencionando a Felipe Calder\u00f3n como el responsable del comienzo de una \u201ccarnicer\u00eda sangrienta\u201d en territorio nacional por las matanzas entre facinerosos y autoridades. Un derramamiento de sangre que se prolong\u00f3 seis a\u00f1os m\u00e1s con Enrique Pe\u00f1a Nieto y a pesar del giro de 360 grados en el combate a la delincuencia organizada no logra detenerse en el sexenio de la 4T.<\/p>\n<p>Y en ese aspecto, cada que se le pregunta al se\u00f1or Epigmenio \u00e9ste no quita el dedo del rengl\u00f3n culpando a Calder\u00f3n y asegurando que lo que est\u00e1 en curso que es atacar las causas del delito, no es algo que pueda resolver en corto plazo la brutalidad criminal que tuvo su \u201cg\u00e9nesis\u201d en tiempos del segundo presidente panista.<\/p>\n<p>Con plena convicci\u00f3n (seg\u00fan lo refleja su contundente reiterar a cada rato lo mismo), asegura que Andr\u00e9s Manuel al cambiar la estrategia agresiva contra los criminales, est\u00e1 en lo correcto porque no hay mejor camino que el que se sigue para restituir la seguridad en M\u00e9xico.<\/p>\n<p>Aunque, Epigmenio reconoce, (algunos piensan que se cura en salud), la inevitable prolongaci\u00f3n de la violencia delictiva m\u00e1s all\u00e1 del r\u00e9gimen en curso de la Cuarta Transformaci\u00f3n.<\/p>\n<p>Mucho tiempo m\u00e1s debe esperarse, ha llegado a decir sin precisar cu\u00e1ndo exactamente terminar\u00e1 con \u00e9xito \u201cpara el bien de todos\u201d en territorio nacional la pol\u00edtica de \u201cabrazos, no balazos\u201d en sustituci\u00f3n de las matanzas contra criminales ordenadas desde el poder. Y es que en ese tenor podr\u00eda decirse que los programas sociales se han convertido en promoventes primordiales de la b\u00fasqueda de soluci\u00f3n a las causas de la criminalidad.<\/p>\n<p>Al respecto, Epigmenio explica que dar a los j\u00f3venes apoyo econ\u00f3mico evita que estos se dejen convencer por mafias criminales que se aprovechan de sus necesidades de subsistencia para inducirlos a delinquir y de ese modo proveer de sustento sus hogares.<\/p>\n<p>De ah\u00ed que cada programa social est\u00e9 pensando en darle a la gente dinero con el cu\u00e1l pueda atender sus requerimientos de bienestar m\u00e1s elementales.<\/p>\n<p>Y pongamos que eso es verdad. Porque los que nada ten\u00edan y ahora tienen un respaldo econ\u00f3mico que proviene de las arcas p\u00fablicas, ciertamente pueden optar por vivir de lo que se le proporciona oficialmente y no convertirse en s\u00fabditos del crimen organizado por la imperiosa necesidad de conseguir de cualquier manera el efectivo para comer.<\/p>\n<p>La cuesti\u00f3n es que existen algunas reservas sobre la adecuada aplicaci\u00f3n de dichos programas sociales, a partir del desconocimiento de qui\u00e9nes son exactamente lo beneficiarios, en qu\u00e9 han cambiado sus vidas desde que reciben los apoyos p\u00fablicos, cu\u00e1les son sus actuales roles de actividad\u00a0 y durante cu\u00e1nto tiempo necesitar\u00e1n seguir siendo objeto del apoyo gubernamental antes de dejar que lleguen otros necesitados como ellos, habida cuenta de que en alg\u00fan momento tendr\u00e1n un trabajo propio y no requerir\u00e1n \u201ctoda su vida\u201d estar en una n\u00f3mina de desamparados sociales. Otra cosa naturalmente: c\u00f3mo se impide a las mafias criminales que se intimide y obligue a los beneficiarios de los programas a tomar el dinero del gobierno y seguir siendo \u201cbrazos\u201d en operativos del crimen.<\/p>\n<p>Qu\u00e9 evita que las mafias secuestren inmigrantes para hacerlos delincuentes y secuestren a mujeres y ni\u00f1os para el tr\u00e1fico de personas o de \u00f3rganos y en otros casos los usen como \u201ctransporte\u201d de sus drogas. Adem\u00e1s de extorsionar empresarios cuando les viene en gana.\u00a0\u00a0 As\u00ed que atacar las causas del crimen organizado sin evitar la opacidad de los programas sociales y no combatir los efectos de la delincuencia en diversos aspectos parece una grave deficiencia de la 4T y parte de los malos c\u00e1lculos y los posibles errores de Epigmenio.<\/p>\n<p><em><a href=\"mailto:serviciospremier_vip@hotmail.com\" target=\"_blank\" rel=\"noopener noreferrer\">serviciospremier_vip@hotmail.com<\/a><\/em><\/p>\n","protected":false},"excerpt":{"rendered":"<p><span style=\"color: #005497;\"><strong>Freddy S\u00e1nchez<\/strong><\/span><\/p>\n","protected":false},"author":3,"featured_media":0,"comment_status":"open","ping_status":"open","sticky":false,"template":"","format":"standard","meta":{"_monsterinsights_skip_tracking":false,"_monsterinsights_sitenote_active":false,"_monsterinsights_sitenote_note":"","_monsterinsights_sitenote_category":0,"footnotes":""},"categories":[22959],"tags":[43710,43674,22960],"class_list":["post-550233","post","type-post","status-publish","format-standard","hentry","category-freddy-sanchez","tag-freddy-sanchez","tag-opinion","tag-precios-y-desprecios"],"_links":{"self":[{"href":"https:\/\/www.diarioimagen.net\/index.php?rest_route=\/wp\/v2\/posts\/550233","targetHints":{"allow":["GET"]}}],"collection":[{"href":"https:\/\/www.diarioimagen.net\/index.php?rest_route=\/wp\/v2\/posts"}],"about":[{"href":"https:\/\/www.diarioimagen.net\/index.php?rest_route=\/wp\/v2\/types\/post"}],"author":[{"embeddable":true,"href":"https:\/\/www.diarioimagen.net\/index.php?rest_route=\/wp\/v2\/users\/3"}],"replies":[{"embeddable":true,"href":"https:\/\/www.diarioimagen.net\/index.php?rest_route=%2Fwp%2Fv2%2Fcomments&post=550233"}],"version-history":[{"count":0,"href":"https:\/\/www.diarioimagen.net\/index.php?rest_route=\/wp\/v2\/posts\/550233\/revisions"}],"wp:attachment":[{"href":"https:\/\/www.diarioimagen.net\/index.php?rest_route=%2Fwp%2Fv2%2Fmedia&parent=550233"}],"wp:term":[{"taxonomy":"category","embeddable":true,"href":"https:\/\/www.diarioimagen.net\/index.php?rest_route=%2Fwp%2Fv2%2Fcategories&post=550233"},{"taxonomy":"post_tag","embeddable":true,"href":"https:\/\/www.diarioimagen.net\/index.php?rest_route=%2Fwp%2Fv2%2Ftags&post=550233"}],"curies":[{"name":"wp","href":"https:\/\/api.w.org\/{rel}","templated":true}]}}