{"id":550310,"date":"2022-06-17T00:06:41","date_gmt":"2022-06-17T05:06:41","guid":{"rendered":"https:\/\/www.diarioimagen.net\/?p=550310"},"modified":"2022-06-20T02:00:32","modified_gmt":"2022-06-20T07:00:32","slug":"vacunacion-disminuyo-severidad-de-sintomas-de-covid-19-deben-continuar-medidas-de-proteccion-y-cuidado","status":"publish","type":"post","link":"https:\/\/www.diarioimagen.net\/?p=550310","title":{"rendered":"Vacunaci\u00f3n disminuy\u00f3 severidad de s\u00edntomas de Covid-19; deben continuar medidas de protecci\u00f3n y cuidado"},"content":{"rendered":"<p>&nbsp;<\/p>\n<ul>\n<li><strong><em>La m\u00e9dico cirujano de la CMS de la UAEM\u00e9x, Alejandra Romero Licea, dijo que en esta quinta ola es f\u00e1cil confundir s\u00edntomas de gripe y tos con el virus, por lo que llam\u00f3 a realizarse la prueba correspondiente<\/em><\/strong><\/li>\n<\/ul>\n<p>&nbsp;<\/p>\n<div id=\"attachment_550407\" style=\"width: 470px\" class=\"wp-caption aligncenter\"><img loading=\"lazy\" decoding=\"async\" aria-describedby=\"caption-attachment-550407\" class=\"size-full wp-image-550407\" src=\"https:\/\/www.diarioimagen.net\/wp-content\/uploads\/2022\/06\/uaem-11.jpg\" alt=\"\" width=\"460\" height=\"270\" \/><p id=\"caption-attachment-550407\" class=\"wp-caption-text\">El s\u00edntoma principal y que se presenta en todos los contagiados por la variante \u00f3micron y sus subvariantes es el dolor muscular; en contraste, la p\u00e9rdida de olfato casi no sucede<\/p><\/div>\n<p>&nbsp;<\/p>\n<p><strong>Toluca, Estado de M\u00e9xico.\u2014<\/strong> Con la aplicaci\u00f3n de los esquemas completos de vacunaci\u00f3n y refuerzo contra la Covid-19 es com\u00fan que las personas confundan los s\u00edntomas de esta enfermedad con gripa, tos, rinitis o sinusitis, por lo que la m\u00e9dico cirujano de la Cl\u00ednica Multidisciplinaria de Salud (CMS) de la Universidad Aut\u00f3noma del Estado de M\u00e9xico (UAEM\u00e9x), Alejandra Romero Licea, llam\u00f3 a la poblaci\u00f3n a realizarse la prueba correspondiente antes de descartar el contagio y mantener el uso de cubrebocas y lavado de manos constante para disminuir la posibilidad de contraer el virus.<\/p>\n<p>La universitaria afirm\u00f3 que toda la poblaci\u00f3n sigue expuesta a contagiarse de la Covid-19. La diferencia entre personas vacunadas y aquellas que no lo est\u00e1n es la intensidad de los s\u00edntomas y la probabilidad de letalidad con la que podr\u00edan enfermar.<\/p>\n<p>Explic\u00f3 que los s\u00edntomas que se registran por la variante \u00f3micron y sus subvariantes en esta quinta ola de la Covid-19 es el escurrimiento nasal, tos, dolor de garganta al comer o hablar, dolor de cabeza y en todos los casos el dolor muscular, que puede ser considerado como el s\u00edntoma principal si se est\u00e1 contagiado.<\/p>\n<p>A diferencia de los contagios en olas anteriores, Romero Licea indic\u00f3 que la p\u00e9rdida del olfato no es una variable constante entre personas contagiadas y en caso de que se presente, la recuperaci\u00f3n del mismo es en un corto lapso.<\/p>\n<p>\u201cCuando hay s\u00edntomas como tos, escurrimiento nasal que es transparente, a lo mejor sin presentar fiebre, creen que es un catarro com\u00fan, por eso es f\u00e1cil confundirlo. Incluso las personas que tienen alergias como rinitis o sinusitis pueden decir que es alergia. Entonces, como siempre, tenemos nuestra confiable prueba PCR de preferencia, para descartar que sea Covid y en la mayor\u00eda de los casos s\u00ed lo es\u201d, indic\u00f3.<\/p>\n<p>En ese sentido, la m\u00e9dico cirujano llam\u00f3 a la poblaci\u00f3n a seguir utilizando el cubrebocas, mantener el lavado de manos constante y ventilar espacios cerrados, medidas que previenen el contagio, mientras que la vacunaci\u00f3n ha impactado directamente en la disminuci\u00f3n de la severidad de los s\u00edntomas y, sobre todo, de la muertes de quienes padecen esta enfermedad.<\/p>\n<p>En caso de estar contagiado, la universitaria enfatiz\u00f3 la importancia de respetar el aislamiento de la persona por un lapso de siete d\u00edas, que es la recomendaci\u00f3n ante la variante \u00f3micron y sus subvariantes, consideradas menos letales, pero igual de contagiosas que las anteriores cepas del virus.<\/p>\n<p>Agreg\u00f3 que a diferencia de las anteriores cepas, las secuelas que deja el \u00f3micron son pasajeras y la recuperaci\u00f3n es m\u00e1s r\u00e1pida, a menos que la persona tenga da\u00f1o pulmonar o en las v\u00edas respiratorias.<\/p>\n","protected":false},"excerpt":{"rendered":"<p>Con la aplicaci\u00f3n de los esquemas completos de vacunaci\u00f3n y refuerzo contra la Covid-19 es com\u00fan que las personas confundan los s\u00edntomas de esta enfermedad con gripa, tos, rinitis o sinusitis, por lo que la m\u00e9dico cirujano de la Cl\u00ednica Multidisciplinaria de Salud (CMS) de la Universidad Aut\u00f3noma del Estado de M\u00e9xico (UAEM\u00e9x), Alejandra Romero Licea, llam\u00f3 a la poblaci\u00f3n a realizarse la prueba correspondiente antes de descartar el contagio y mantener el uso de cubrebocas y lavado de manos constante para disminuir la posibilidad de contraer el virus.<\/p>\n","protected":false},"author":3,"featured_media":550407,"comment_status":"open","ping_status":"open","sticky":false,"template":"","format":"standard","meta":{"_monsterinsights_skip_tracking":false,"_monsterinsights_sitenote_active":false,"_monsterinsights_sitenote_note":"","_monsterinsights_sitenote_category":0,"footnotes":""},"categories":[5],"tags":[90021,43675,63178,22495,452,2643],"class_list":["post-550310","post","type-post","status-publish","format-standard","has-post-thumbnail","hentry","category-estado-de-mexico","tag-covid-19","tag-estado-de-mexico","tag-medidas","tag-proteccion","tag-toluca","tag-vacunacion"],"_links":{"self":[{"href":"https:\/\/www.diarioimagen.net\/index.php?rest_route=\/wp\/v2\/posts\/550310","targetHints":{"allow":["GET"]}}],"collection":[{"href":"https:\/\/www.diarioimagen.net\/index.php?rest_route=\/wp\/v2\/posts"}],"about":[{"href":"https:\/\/www.diarioimagen.net\/index.php?rest_route=\/wp\/v2\/types\/post"}],"author":[{"embeddable":true,"href":"https:\/\/www.diarioimagen.net\/index.php?rest_route=\/wp\/v2\/users\/3"}],"replies":[{"embeddable":true,"href":"https:\/\/www.diarioimagen.net\/index.php?rest_route=%2Fwp%2Fv2%2Fcomments&post=550310"}],"version-history":[{"count":0,"href":"https:\/\/www.diarioimagen.net\/index.php?rest_route=\/wp\/v2\/posts\/550310\/revisions"}],"wp:featuredmedia":[{"embeddable":true,"href":"https:\/\/www.diarioimagen.net\/index.php?rest_route=\/wp\/v2\/media\/550407"}],"wp:attachment":[{"href":"https:\/\/www.diarioimagen.net\/index.php?rest_route=%2Fwp%2Fv2%2Fmedia&parent=550310"}],"wp:term":[{"taxonomy":"category","embeddable":true,"href":"https:\/\/www.diarioimagen.net\/index.php?rest_route=%2Fwp%2Fv2%2Fcategories&post=550310"},{"taxonomy":"post_tag","embeddable":true,"href":"https:\/\/www.diarioimagen.net\/index.php?rest_route=%2Fwp%2Fv2%2Ftags&post=550310"}],"curies":[{"name":"wp","href":"https:\/\/api.w.org\/{rel}","templated":true}]}}