{"id":550322,"date":"2022-06-17T00:02:41","date_gmt":"2022-06-17T05:02:41","guid":{"rendered":"https:\/\/www.diarioimagen.net\/?p=550322"},"modified":"2022-06-27T01:03:07","modified_gmt":"2022-06-27T06:03:07","slug":"inyectan-otros-350-mdp-al-tren-interurbano-toluca-cdmx","status":"publish","type":"post","link":"https:\/\/www.diarioimagen.net\/?p=550322","title":{"rendered":"Inyectan otros 350 mdp al Tren Interurbano Toluca-Ciudad de M\u00e9xico"},"content":{"rendered":"<p>&nbsp;<\/p>\n<h3 style=\"text-align: center;\">A 8 a\u00f1os del comienzo de la obra<\/h3>\n<p>&nbsp;<\/p>\n<ul>\n<li><em><strong>En el primer semestre de este 2022, suma 1,300 millones de pesos de inversi\u00f3n<\/strong><\/em><\/li>\n<\/ul>\n<p>&nbsp;<\/p>\n<div id=\"attachment_550422\" style=\"width: 470px\" class=\"wp-caption aligncenter\"><img loading=\"lazy\" decoding=\"async\" aria-describedby=\"caption-attachment-550422\" class=\"size-full wp-image-550422\" src=\"https:\/\/www.diarioimagen.net\/wp-content\/uploads\/2022\/06\/TREN-INTERURBANO.jpg\" alt=\"\" width=\"460\" height=\"270\" \/><p id=\"caption-attachment-550422\" class=\"wp-caption-text\">El gobierno federal inyect\u00f3 350 millones de pesos adicionales a la construcci\u00f3n del Tren Interurbano de Toluca. Suma 1,300 mdp, este a\u00f1o.<\/p><\/div>\n<p>&nbsp;<\/p>\n<p>Tras 8 a\u00f1os de haber iniciado su construcci\u00f3n, la Secretar\u00eda de Infraestructura, Comunicaciones y Transportes (SICT) firm\u00f3 un nuevo convenio de colaboraci\u00f3n con el gobierno de la Ciudad de M\u00e9xico para la reasignaci\u00f3n de recursos para la construcci\u00f3n del Tren Interurbano M\u00e9xico-Toluca por 350 millones de pesos.<\/p>\n<p>Esta cantidad se suma a la desembolsada en marzo por el gobierno federal por 950 millones de pesos, por lo que en el primer semestre de este a\u00f1o, el proyecto suma 1,300 millones de pesos.<\/p>\n<p>De acuerdo con informaci\u00f3n proporcionada por la SICT, los recursos se destinar\u00e1n a la construcci\u00f3n de un tramo ferroviario de doble v\u00eda con origen en la salida de los t\u00faneles sobre la autopista M\u00e9xico-Toluca con una estaci\u00f3n en Santa Fe y una terminal en el Centro de Transferencia Integral de Observatorio, tramo denominado \u201cT\u00fanel Metro Observatorio\u201d de 16+935 kil\u00f3metros de longitud, con inicio en el kil\u00f3metro 40+765 y terminaci\u00f3n en el kil\u00f3metro 57+700, en la Ciudad de M\u00e9xico.<\/p>\n<p>La obra tendr\u00e1 una longitud de 58 kil\u00f3metros de v\u00eda doble f\u00e9rrea electrificada. Este sistema de transporte contempla siete estaciones con dos terminales en Zinancatepec -en la Zona Metropolitana del Valle de Toluca- y Observatorio, respectivamente.<\/p>\n<p>Hasta el momento, el costo de la obra es de 90 mil millones de pesos y arroja avances en la obra civil del 78%, de obra electromec\u00e1nica del 61% y financiero del 77%.<\/p>\n<p>Se prev\u00e9 que este tren pueda ser inaugurado en septiembre de 2023, justo a unos d\u00edas de que Alfredo del Mazo deje el cargo como gobernador del Estado de M\u00e9xico.<\/p>\n","protected":false},"excerpt":{"rendered":"<p>Tras 8 a\u00f1os de haber iniciado su construcci\u00f3n, la Secretar\u00eda de Infraestructura, Comunicaciones y Transportes (SICT) firm\u00f3 un nuevo convenio de colaboraci\u00f3n con el gobierno de la Ciudad de M\u00e9xico para la reasignaci\u00f3n de recursos para la construcci\u00f3n del Tren Interurbano M\u00e9xico-Toluca por 350 millones de pesos.<\/p>\n","protected":false},"author":3,"featured_media":550422,"comment_status":"open","ping_status":"open","sticky":false,"template":"","format":"standard","meta":{"_monsterinsights_skip_tracking":false,"_monsterinsights_sitenote_active":false,"_monsterinsights_sitenote_note":"","_monsterinsights_sitenote_category":0,"footnotes":""},"categories":[8],"tags":[43678,5247,452,49371],"class_list":["post-550322","post","type-post","status-publish","format-standard","has-post-thumbnail","hentry","category-finanzas","tag-finanzas","tag-inversion","tag-toluca","tag-tren-interurbano"],"_links":{"self":[{"href":"https:\/\/www.diarioimagen.net\/index.php?rest_route=\/wp\/v2\/posts\/550322","targetHints":{"allow":["GET"]}}],"collection":[{"href":"https:\/\/www.diarioimagen.net\/index.php?rest_route=\/wp\/v2\/posts"}],"about":[{"href":"https:\/\/www.diarioimagen.net\/index.php?rest_route=\/wp\/v2\/types\/post"}],"author":[{"embeddable":true,"href":"https:\/\/www.diarioimagen.net\/index.php?rest_route=\/wp\/v2\/users\/3"}],"replies":[{"embeddable":true,"href":"https:\/\/www.diarioimagen.net\/index.php?rest_route=%2Fwp%2Fv2%2Fcomments&post=550322"}],"version-history":[{"count":0,"href":"https:\/\/www.diarioimagen.net\/index.php?rest_route=\/wp\/v2\/posts\/550322\/revisions"}],"wp:featuredmedia":[{"embeddable":true,"href":"https:\/\/www.diarioimagen.net\/index.php?rest_route=\/wp\/v2\/media\/550422"}],"wp:attachment":[{"href":"https:\/\/www.diarioimagen.net\/index.php?rest_route=%2Fwp%2Fv2%2Fmedia&parent=550322"}],"wp:term":[{"taxonomy":"category","embeddable":true,"href":"https:\/\/www.diarioimagen.net\/index.php?rest_route=%2Fwp%2Fv2%2Fcategories&post=550322"},{"taxonomy":"post_tag","embeddable":true,"href":"https:\/\/www.diarioimagen.net\/index.php?rest_route=%2Fwp%2Fv2%2Ftags&post=550322"}],"curies":[{"name":"wp","href":"https:\/\/api.w.org\/{rel}","templated":true}]}}