{"id":550324,"date":"2022-06-17T00:01:47","date_gmt":"2022-06-17T05:01:47","guid":{"rendered":"https:\/\/www.diarioimagen.net\/?p=550324"},"modified":"2022-06-17T02:47:04","modified_gmt":"2022-06-17T07:47:04","slug":"solicita-amlo-que-se-sepa-todo-sobre-acusaciones-de-eu-contra-genaro-garcia-luna","status":"publish","type":"post","link":"https:\/\/www.diarioimagen.net\/?p=550324","title":{"rendered":"Solicita AMLO que se sepa todo sobre acusaciones de EU contra Genaro Garc\u00eda Luna"},"content":{"rendered":"<p>&nbsp;<\/p>\n<ul>\n<li><strong><em>Supuestamente amenaz\u00f3 y orden\u00f3 manipular a testigos<\/em><\/strong><\/li>\n<\/ul>\n<p>&nbsp;<\/p>\n<div id=\"attachment_550438\" style=\"width: 470px\" class=\"wp-caption aligncenter\"><img loading=\"lazy\" decoding=\"async\" aria-describedby=\"caption-attachment-550438\" class=\"size-full wp-image-550438\" src=\"https:\/\/www.diarioimagen.net\/wp-content\/uploads\/2022\/06\/amlo-5.jpg\" alt=\"\" width=\"460\" height=\"270\" \/><p id=\"caption-attachment-550438\" class=\"wp-caption-text\">El presidente Andr\u00e9s Manuel L\u00f3pez Obrador pidi\u00f3 a EU dar a conocer todas las pruebas sobre el caso de Garc\u00eda Luna.<\/p><\/div>\n<p>&nbsp;<\/p>\n<p>Luego de que se revelara de que Genaro Garc\u00eda Luna, secretario de Seguridad en el sexenio de Felipe Calder\u00f3n Hinojosa, presuntamente intent\u00f3 silenciar a periodistas y manipular testigos, el presidente Andr\u00e9s Manuel L\u00f3pez Obrador sugiri\u00f3 \u201cventilar\u201d todo lo relacionado al caso, pues es un asunto \u201cmuy delicado\u201d. Se\u00f1al\u00f3 que hacerlas p\u00fablicas ayudar\u00e1 a garantizar que no haya abuso de autoridad y no se perpet\u00fae la impunidad.<\/p>\n<p>Llama a que se sepa todo en el caso de Garc\u00eda Luna, quien est\u00e1 detenido en Estados Unidos: Nosotros queremos que todo se ventile, que la vida p\u00fablica sea cada vez m\u00e1s p\u00fablica (&#8230;) estamos hablando de la seguridad de los ciudadanos y de la seguridad nacional.<\/p>\n<p>\u201cIndependientemente de si tiene valor jur\u00eddico o no las grabaciones, ojal\u00e1 y se busque la forma de que se den a conocer, porque yo siempre he sostenido de que la justicia tiene que ver mucho con lo preventivo\u201d, dijo el Presidente en su ma\u00f1anera<\/p>\n<p>L\u00f3pez Obrador refiri\u00f3 a exponer todos los hechos y reprobarlos para evitar que otras personas los repitan, \u201cque no se queden nada m\u00e1s en juzgados\u201d.<\/p>\n<p>Refrend\u00f3 que su administraci\u00f3n estar\u00e1 pendiente sobre la posibilidad de que se d\u00e9 a conocer los detalles del caso.<\/p>\n<p>De acuerdo con los fiscales del Departamento de Justicia de Estados Unidos, el ex mano derecha de Calder\u00f3n Hinojosa, ya preso, habl\u00f3 en noviembre de 2020 con un preso, \u201canzuelo del gobierno estadunidense\u201d, a quien le proporcion\u00f3 el n\u00famero de tel\u00e9fono de un integrante de la mafia rusa con el objetivo de matar al ex l\u00edder del C\u00e1rtel de Sinaloa, Jes\u00fas \u201cRey\u201d Zambada Garc\u00eda, y al ex director de Seguridad Federal de la Polic\u00eda Federal, Luis C\u00e1rdenas Palomino.<\/p>\n<p>Garc\u00eda Luna, detenido en 2019 en Estados Unidos, fue acusado por los fiscales tambi\u00e9n de sobornar a periodistas y medios de informativos para evitar que hablaran de sus nexos con el C\u00e1rtel de Sinaloa.<\/p>\n<p>Asimismo, se indica que entre 2008 y 2013 el ex secretario de Seguridad acos\u00f3 y amenaz\u00f3 a un periodista por sus trabajos en contra suya.<\/p>\n<p>L\u00f3pez Obrador adem\u00e1s reiter\u00f3 su cuestionamiento a Calder\u00f3n Hinojosa sobre su relaci\u00f3n con Garc\u00eda Luna y acerca de, presuntamente, no tener conocimiento de las relaciones de su secretario de Seguridad con el crimen organizado.<\/p>\n<p>\u201cYo pienso que, aunque Garc\u00eda Luna era un personaje importante en el gobierno, la responsabilidad se tiene arriba, en la decisi\u00f3n equivocada de enfrentar el problema de la delincuencia con medidas coercitivas, declarando la guerra\u201d, coment\u00f3.<\/p>\n<p>Sobre Luis C\u00e1rdenas Palomino, cercano a Garc\u00eda Luna y preso en M\u00e9xico, el Presidente se\u00f1ala que se debe proteger la vida de cualquier persona que corra riesgo.<\/p>\n<p style=\"text-align: center;\"><strong>Anuncia que denunciar\u00e1 a Vulcan Materials ante la ONU <\/strong><\/p>\n<p>Sin dar una fecha exacta, el presidente L\u00f3pez Obrador anunci\u00f3 que su gobierno presentar\u00e1 una denuncia ante la Organizaci\u00f3n de las Naciones Unidas (ONU) y ante tribunales internacionales en contra de la empresa estadounidense Vulcan Materials por ocasionar un desastre ecol\u00f3gico en Playa del Carmen, Quintana Roo, adem\u00e1s de que adelant\u00f3 que estudia que se presente una notificaci\u00f3n a las bolsas de valores en donde cotice la empresa.<\/p>\n<p>El jefe del Ejecutivo federal advirti\u00f3 que mientras \u00e9l est\u00e9 al frente de la Presidencia y \u201capegado a la legalidad\u201d no permitir\u00e1 que Vulcan Materials extraiga materiales p\u00e9treos por medio de Calica.<\/p>\n<p>\u201cYa se tom\u00f3 la decisi\u00f3n de cancelar por completo la obra, y as\u00ed como ellos acudieron a tribunales internacionales, nosotros vamos a acudir a la ONU y a tribunales internacionales. No dejamos, no cancelamos la posibilidad del acuerdo, pero mientras estemos en el gobierno, apegados a la legalidad, no vamos permitir que se extraiga material de construcci\u00f3n de Calica\u201d.<\/p>\n<p>\u201cA lo mejor est\u00e1n pensando ellos que ya va a terminar el gobierno y que van a reiniciar sus labores, pero vamos hacer denuncias en la ONU, porque incluso, estoy pensando tambi\u00e9n hacer una notificaci\u00f3n a las bolsas de valores donde cotiza la empresa, porque todos tenemos que cuidar el medio ambiente de verdad no estos ambientalistas falsos\u201d, se\u00f1al\u00f3.<\/p>\n<p>Desde Palacio Nacional, el Mandatario federal se\u00f1al\u00f3 que a\u00fan no se tiene una fecha exacta pues se est\u00e1 juntando toda la documentaci\u00f3n para fundar la denuncia.<\/p>\n<p>Sin embargo, se\u00f1al\u00f3 que que no se descarta la posibilidad de un acuerdo para que la empresa deje de sacar materiales para construcci\u00f3n y que utilice esos terrenos en proyectos tur\u00edsticos o en su caso, indic\u00f3, el gobierno federal plante\u00f3 que su gobierno podr\u00eda comprarles estos terrenos tras un avalu\u00f3 y se declararlas como Reserva Natural Protegida con el uso de algunas zonas con prop\u00f3sitos tur\u00edsticos.<\/p>\n<p>\u201cEstamos trabajando, se est\u00e1 haciendo toda la documentaci\u00f3n para fundar (las denuncias). Entonces no cerramos la posibilidad del acuerdo, si ellos dicen \u201cvamos a que utilicemos las tierras para prop\u00f3sitos tur\u00edsticos sin afectar el medio ambiente\u201d y tambi\u00e9n \u201cqueremos tenerla para utilizar el puerto\u201d, estamos en lo mismo.<\/p>\n<p>\u201cEs m\u00e1s, les plantemos, les compramos lo que tienen, hacemos un avalu\u00f3 y les compramos y ya nosotros ya vemos si declaramos Reserva Natural Protegida con el uso de algunas zonas con prop\u00f3sitos tur\u00edsticos, pero no podemos de ninguna manera permitir que se siga destruyendo el medio ambiente\u201d, indic\u00f3.<\/p>\n<p style=\"text-align: center;\"><strong>Suman 7 detenidos por el linchamiento<br \/>\nde Daniel Picazo en Huauchinango, Puebla<\/strong><\/p>\n<p>En su participaci\u00f3n en la ma\u00f1anera,Ricardo Mej\u00eda Berdeja, subsecretario de Seguridad P\u00fablica de la Secretar\u00eda de Seguridad y Protecci\u00f3n Ciudadana (SSPC), destac\u00f3 la detenci\u00f3n de siete personas presuntamente involucradas en el linchamiento en contra de Daniel Picazo Gonz\u00e1lez, joven e xasesor de la C\u00e1mara de Diputados, en la comunidad de Papatlazolco, municipio de Huauchinango, Puebla.<\/p>\n<p>Al presentar el informe de Cero Impunidad en la conferencia de prensa del presidente L\u00f3pez Obrador, el subsecretario indic\u00f3 que el linchamiento ocurrido el pasado 10 de junio se provoc\u00f3 a partir de desinformaci\u00f3n, del rumor adelantado y de la exacerbaci\u00f3n de los \u00e1nimos de la comunidad, lo cual, se\u00f1al\u00f3, no habr\u00e1 impunidad en este caso.<\/p>\n<p>\u201cSe informa de la detenci\u00f3n de presuntos responsables de un linchamiento de un homicidio tumultuario cometido en el municipio de Huauchinango en la comunidad de Papatlazolco, en agravio de Daniel \u201cN\u201d. Ya se obtuvo la detenci\u00f3n de cinco masculino autores presuntos de este evento criminal los cuales ya\u00a0 fueron vinculados a proceso penal y tambi\u00e9n la detenci\u00f3n de dos individuos tambi\u00e9n presuntamente involucrados en este evento.<\/p>\n<p>\u201cEl linchamiento, como ustedes lo saben, se provoca a partir de la desinformaci\u00f3n del rumor adelantado y de la exacerbaci\u00f3n de los \u00e1nimos de la comunidad y este caso es importante, porque tampoco debe de haber impunidad cuando se comenten este tipo de eventos de alto impacto en agravio de un joven como era Daniel\u201d, se\u00f1al\u00f3.<\/p>\n<p style=\"text-align: center;\"><strong>Este fin de mes exhumar\u00e1n cuerpo de Debanhi<\/strong><\/p>\n<p>Mej\u00eda Berdeja tambi\u00e9n anunci\u00f3 que el pr\u00f3ximo 30 de junio se llevar\u00e1 a cabo la exhumaci\u00f3n del cuerpo de Debanhi Escobar con el objetivo de homologar las investigaciones previas anteriormente y as\u00ed determinar las causas de la muerte de la joven en Nuevo Le\u00f3n.<\/p>\n<p>La fecha fue acordada tras la reuni\u00f3n con la fiscal\u00eda y el gobierno de Nuevo Le\u00f3n, la Comisi\u00f3n Ejecutiva de Atenci\u00f3n a V\u00edctimas y los padres de la joven.<\/p>\n<p>El objetivo de la exhumaci\u00f3n del cuerpo de Debanhi es para contar con una opini\u00f3n t\u00e9cnica m\u00e1s a las dos necropsias antes realizadas.<\/p>\n<p>Y es que la necropsia de las autoridades de Nuevo Le\u00f3n indic\u00f3 que Debanhi Escobar probablemente muri\u00f3 de manera accidental al caer a un pozo de agua del hotel Nueva Castilla, en Escobedo, mientras que el segundo estudio solicitado por el padre de la joven, Mario Escobar, precis\u00f3 que ella falleci\u00f3 a causa de golpes en la cabeza y que incluso fue abusada sexualmente.<\/p>\n<p>Mej\u00eda Berdeja adem\u00e1s indic\u00f3 que el Grupo Interinstitucional que analiza el caso de Debanhi, cuyo cuerpo fue hallado el 21 de abril, constat\u00f3 que las diligencias, entrevistas, actuaciones y peritajes ya est\u00e1n integrados a la carpeta de investigaci\u00f3n.<\/p>\n","protected":false},"excerpt":{"rendered":"<p>Luego de que se revelara de que Genaro Garc\u00eda Luna, secretario de Seguridad en el sexenio de Felipe Calder\u00f3n Hinojosa, presuntamente intent\u00f3 silenciar a periodistas y manipular testigos, el presidente Andr\u00e9s Manuel L\u00f3pez Obrador sugiri\u00f3 \u201cventilar\u201d todo lo relacionado al caso, pues es un asunto \u201cmuy delicado\u201d. Se\u00f1al\u00f3 que hacerlas p\u00fablicas ayudar\u00e1 a garantizar que no haya abuso de autoridad y no se perpet\u00fae la impunidad.<\/p>\n","protected":false},"author":3,"featured_media":550438,"comment_status":"open","ping_status":"open","sticky":false,"template":"","format":"standard","meta":{"_monsterinsights_skip_tracking":false,"_monsterinsights_sitenote_active":false,"_monsterinsights_sitenote_note":"","_monsterinsights_sitenote_category":0,"footnotes":""},"categories":[7],"tags":[71329,2545,707,43677],"class_list":["post-550324","post","type-post","status-publish","format-standard","has-post-thumbnail","hentry","category-seguridad","tag-acusaciones","tag-amlo","tag-genaro-garcia-luna","tag-seguridad"],"_links":{"self":[{"href":"https:\/\/www.diarioimagen.net\/index.php?rest_route=\/wp\/v2\/posts\/550324","targetHints":{"allow":["GET"]}}],"collection":[{"href":"https:\/\/www.diarioimagen.net\/index.php?rest_route=\/wp\/v2\/posts"}],"about":[{"href":"https:\/\/www.diarioimagen.net\/index.php?rest_route=\/wp\/v2\/types\/post"}],"author":[{"embeddable":true,"href":"https:\/\/www.diarioimagen.net\/index.php?rest_route=\/wp\/v2\/users\/3"}],"replies":[{"embeddable":true,"href":"https:\/\/www.diarioimagen.net\/index.php?rest_route=%2Fwp%2Fv2%2Fcomments&post=550324"}],"version-history":[{"count":0,"href":"https:\/\/www.diarioimagen.net\/index.php?rest_route=\/wp\/v2\/posts\/550324\/revisions"}],"wp:featuredmedia":[{"embeddable":true,"href":"https:\/\/www.diarioimagen.net\/index.php?rest_route=\/wp\/v2\/media\/550438"}],"wp:attachment":[{"href":"https:\/\/www.diarioimagen.net\/index.php?rest_route=%2Fwp%2Fv2%2Fmedia&parent=550324"}],"wp:term":[{"taxonomy":"category","embeddable":true,"href":"https:\/\/www.diarioimagen.net\/index.php?rest_route=%2Fwp%2Fv2%2Fcategories&post=550324"},{"taxonomy":"post_tag","embeddable":true,"href":"https:\/\/www.diarioimagen.net\/index.php?rest_route=%2Fwp%2Fv2%2Ftags&post=550324"}],"curies":[{"name":"wp","href":"https:\/\/api.w.org\/{rel}","templated":true}]}}