{"id":550377,"date":"2022-06-17T00:03:53","date_gmt":"2022-06-17T05:03:53","guid":{"rendered":"https:\/\/www.diarioimagen.net\/?p=550377"},"modified":"2022-06-17T02:00:26","modified_gmt":"2022-06-17T07:00:26","slug":"ni-juntos-tumbaron-a-alito-por-ahora","status":"publish","type":"post","link":"https:\/\/www.diarioimagen.net\/?p=550377","title":{"rendered":"Ni juntos tumbaron a \u201cAlito\u201d, por ahora"},"content":{"rendered":"<h2>Espacio Electoral<\/h2>\n<h5>Eleazar Flores<\/h5>\n<p>&nbsp;<\/p>\n<p><strong>DIVIDIDOS AL CUBO-.<\/strong> Imposible creer que ante la fuerte debilidad de \u201cAlito\u201d, ni once ex presidentes tricolores lo hayan podido derrocar de la presidencia m\u00e1s d\u00e9bil de los \u00faltimos a\u00f1os, pero hay dos razones para ello, no satisfacer la intenci\u00f3n tabasque\u00f1a, por ahora, y dejar para el tercer trimestre el cambio anhelado.<\/p>\n<p>Los observadores de peso adem\u00e1s le advirtieron a \u201cAlito\u201d que deje de presumir haber sido elegido por la militancia y no por un Presidente\u2026 lo que ni \u00e9l mismo se la cree.<\/p>\n<p>Un \u00e1ngulo m\u00e1s de an\u00e1lisis, posterior al c\u00f3nclave nocturno del martes pasado, es que el \u201cajuste mayor\u201d que se har\u00e1 al motor nacional priista ser\u00e1, s\u00ed con miras a 2023, en lo inmediato; pero con el inter\u00e9s superior de 2024, en el que, finalmente, se escuchar\u00e1n las opiniones de ex presidentes partidistas de peso y otras voces externas m\u00e1s, prescindiendo de la gerontolog\u00eda hidroc\u00e1lida y chiapaneca de G\u00f3mez Villanueva y De la Vega Dom\u00ednguez, respectivamente.<\/p>\n<p>Antes de comentar la reuni\u00f3n del Consejo Pol\u00edtico Nacional del mi\u00e9rcoles por la noche va otra propuesta de los ex dirigentes nacionales priistas respecto a alianzas o coaliciones 2023-2024, en las que anticiparon ser \u201cmano\u201d en el Estado de M\u00e9xico y aceptar ser acompa\u00f1amiento en las elecciones de Coahuila, temas prioritarios para el cambio partidista del tercer trimestre.<\/p>\n<p>Hasta aqu\u00ed, las cuidadosas revelaciones de algunos asistentes a la reuni\u00f3n del martes, pero seguramente otras \u201cfuentes\u201d comunicar\u00e1n otras, sin hasta ahora manejar nombre o nombres de potenciales sucesores de \u201cAlito\u201d y la Viggiano, quien con mucha raz\u00f3n reclam\u00f3 el nulo respaldo de cuadros de lujo de su desencantadora campa\u00f1a hidalguense. No todo fue culpa suya.<\/p>\n<p><strong>CONSEJO POL\u00cdTICO-. <\/strong>Como para demostrar que s\u00ed trabaja, el a\u00fan presidente priista Alejandro Moreno C\u00e1rdenas convoc\u00f3 de emergencia a\u00a0 los integrantes\u00a0 del Consejo Pol\u00edtico Nacional, que lo integran los l\u00edderes estatales y dem\u00e1s cuadros de lujo, para anunciar el Plan Estrat\u00e9gico de Acci\u00f3n Pol\u00edtica 2023-2024, que no es\u00a0 otra cosa que buenas intenciones de hacer bien las cosas a nivel de comit\u00e9s seccionales, municipales y distritales, hasta ah\u00ed.<\/p>\n<p>Todos los dem\u00e1s cargos y responsabilidades partidistas se cubrir\u00e1n como siempre lo ha hecho el otrora partidazo, cubriendo cuotas de sectores campesino, obrero, popular, y muchas facciones m\u00e1s, siendo las m\u00e1s vistas las de j\u00f3venes, mujeres y Movimiento Territorial.<\/p>\n<p>A grosso modo, este es el panorama actual del partido que hasta en el triunvirato formado para prop\u00f3sitos electorales va en segundo lugar, superado por el PAN y eso s\u00ed, arriba del PRD que en honor a la verdad no es consuelo alguno.<\/p>\n<p>Pues con todo esto, los amarillos amenazan ir solos en el Edomex, seg\u00fan Jes\u00fas Zambrano.<\/p>\n<p><em><a href=\"mailto:elefa44@gmail.com\" target=\"_blank\" rel=\"noopener noreferrer\">elefa44@gmail.com<\/a><\/em><\/p>\n","protected":false},"excerpt":{"rendered":"<p><span style=\"color: #005497;\"><strong>Eleazar Flores<\/strong><\/span><\/p>\n","protected":false},"author":3,"featured_media":0,"comment_status":"open","ping_status":"open","sticky":false,"template":"","format":"standard","meta":{"_monsterinsights_skip_tracking":false,"_monsterinsights_sitenote_active":false,"_monsterinsights_sitenote_note":"","_monsterinsights_sitenote_category":0,"footnotes":""},"categories":[81743],"tags":[81744,81776,43674],"class_list":["post-550377","post","type-post","status-publish","format-standard","hentry","category-eleazar-flores","tag-eleazar-flores","tag-espacio-electoral","tag-opinion"],"_links":{"self":[{"href":"https:\/\/www.diarioimagen.net\/index.php?rest_route=\/wp\/v2\/posts\/550377","targetHints":{"allow":["GET"]}}],"collection":[{"href":"https:\/\/www.diarioimagen.net\/index.php?rest_route=\/wp\/v2\/posts"}],"about":[{"href":"https:\/\/www.diarioimagen.net\/index.php?rest_route=\/wp\/v2\/types\/post"}],"author":[{"embeddable":true,"href":"https:\/\/www.diarioimagen.net\/index.php?rest_route=\/wp\/v2\/users\/3"}],"replies":[{"embeddable":true,"href":"https:\/\/www.diarioimagen.net\/index.php?rest_route=%2Fwp%2Fv2%2Fcomments&post=550377"}],"version-history":[{"count":0,"href":"https:\/\/www.diarioimagen.net\/index.php?rest_route=\/wp\/v2\/posts\/550377\/revisions"}],"wp:attachment":[{"href":"https:\/\/www.diarioimagen.net\/index.php?rest_route=%2Fwp%2Fv2%2Fmedia&parent=550377"}],"wp:term":[{"taxonomy":"category","embeddable":true,"href":"https:\/\/www.diarioimagen.net\/index.php?rest_route=%2Fwp%2Fv2%2Fcategories&post=550377"},{"taxonomy":"post_tag","embeddable":true,"href":"https:\/\/www.diarioimagen.net\/index.php?rest_route=%2Fwp%2Fv2%2Ftags&post=550377"}],"curies":[{"name":"wp","href":"https:\/\/api.w.org\/{rel}","templated":true}]}}