{"id":550490,"date":"2022-06-20T00:01:05","date_gmt":"2022-06-20T05:01:05","guid":{"rendered":"https:\/\/www.diarioimagen.net\/?p=550490"},"modified":"2022-06-20T22:40:24","modified_gmt":"2022-06-21T03:40:24","slug":"recesion-en-puerta-en-eu-ante-su-intento-de-controlar-inflacion","status":"publish","type":"post","link":"https:\/\/www.diarioimagen.net\/?p=550490","title":{"rendered":"Recesi\u00f3n en puerta en EU, ante su intento de controlar inflaci\u00f3n"},"content":{"rendered":"<p>&nbsp;<\/p>\n<h3 style=\"text-align: center;\">Repercutir\u00e1 en M\u00e9xico por sus v\u00ednculos: expertos<\/h3>\n<p>&nbsp;<\/p>\n<ul>\n<li><strong><em>Preocupaci\u00f3n por las agresivas alzas en las tasas de inter\u00e9s, no vistas desde 1994<\/em><\/strong><\/li>\n<\/ul>\n<p>&nbsp;<\/p>\n<div id=\"attachment_550580\" style=\"width: 470px\" class=\"wp-caption aligncenter\"><img loading=\"lazy\" decoding=\"async\" aria-describedby=\"caption-attachment-550580\" class=\"size-full wp-image-550580\" src=\"https:\/\/www.diarioimagen.net\/wp-content\/uploads\/2022\/06\/RECESION-EN-EU.jpg\" alt=\"\" width=\"460\" height=\"270\" \/><p id=\"caption-attachment-550580\" class=\"wp-caption-text\">Expertos coinciden que los aumentos agresivos de las tasas de inter\u00e9s en Estados Unidos, en su intento de frenar la inflaci\u00f3n, derivar\u00e1 en una recesi\u00f3n.<\/p><\/div>\n<p>&nbsp;<\/p>\n<p>Estados Unidos experimentar\u00e1 una recesi\u00f3n el pr\u00f3ximo a\u00f1o, ante el tono cada vez m\u00e1s agresivo de la Reserva Federal (Fed) en su intento de controlar la inflaci\u00f3n, alertan expertos. Esta situaci\u00f3n tambi\u00e9n impactar\u00eda a M\u00e9xico por sus v\u00ednculos econ\u00f3micos.<\/p>\n<p>La Fed elev\u00f3 en 75 puntos base la tasa de inter\u00e9s de los Fondos Federales, situaci\u00f3n que no se ve\u00eda desde noviembre de 1994, luego de que en mayo la inflaci\u00f3n lleg\u00f3 a 8.6 por ciento, el mayor nivel visto en 41 a\u00f1os.<\/p>\n<p>Con ello, la tasa de los Fondos Federales se ubic\u00f3 en el rango del 1.5 al 1.75 por ciento, y el mercado est\u00e1 descontando que la tasa cierre por encima del 3 por ciento este a\u00f1o, situaci\u00f3n que podr\u00eda poner un \u2018freno\u2019 a la econom\u00eda norteamericana el pr\u00f3ximo a\u00f1o.<\/p>\n<p>Jack Abblin, CIO de la gestora de activos Cresset, indic\u00f3 que los l\u00edderes empresariales cada vez est\u00e1n m\u00e1s preocupados por una recesi\u00f3n en EU. \u201cLa probabilidad de recesi\u00f3n dentro de 24 meses (por parte de la Fed) se dispar\u00f3 a m\u00e1s del 98 por ciento en mayo\u201d.<\/p>\n<p>Daniel Bachman, economista para la consultora Deloitte en Estados Unidos, coincidi\u00f3 que existe la posibilidad de que el tono restrictivo de la Fed derive en una recesi\u00f3n. Por su parte, Esteban Polidura, director de asesor\u00eda para las Am\u00e9ricas de Julius Baer, coment\u00f3 que \u201ca\u00fan no se sabe si la Reserva Federal de Estados Unidos lograr\u00e1 dise\u00f1ar un aterrizaje suave sin causar demasiada destrucci\u00f3n de la demanda\u201d.<\/p>\n<p>Para JPMorgan Chase, la ca\u00edda que reporta el S&amp;P 500 implica un 85 por ciento de probabilidad de una recesi\u00f3n en medio de temores de un error de pol\u00edtica por parte de la Fed. La advertencia de los especialistas se basa en la ca\u00edda promedio del 26 por ciento del S&amp;P 500 durante las \u00faltimas 11 recesiones y surge tras la ca\u00edda del \u00edndice de referencia a un mercado bajista en medio de las preocupaciones sobre el aumento de la inflaci\u00f3n y las agresivas alzas en las tasas de inter\u00e9s.<\/p>\n<p>Analistas de Wells Fargo tambi\u00e9n auguran que a mediados de 2023 la Uni\u00f3n Americana registre una leve recesi\u00f3n, dado el panorama inflacionario actual.<\/p>\n<p>\u201cEstamos cambiando nuestro pron\u00f3stico de caso base para el pr\u00f3ximo a\u00f1o de un aterrizaje econ\u00f3mico suave a una recesi\u00f3n leve a partir de mediados de 2023. Los datos recientes sugieren que la inflaci\u00f3n se est\u00e1 arraigando cada vez m\u00e1s en la econom\u00eda\u201d, a\u00f1adieron.<\/p>\n<p>Una encuesta reciente del Financial Times e IGM, se\u00f1ala que el 38 por ciento de economistas consultados avizoran una recesi\u00f3n en la primera mitad de 2023, y 30 por ciento prev\u00e9 que ser\u00e1 en la segunda mitad de ese a\u00f1o. Otro 30 por ciento estima que ser\u00e1 en 2024.<\/p>\n<p>Bloomberg Economics estima que hay un 80 por ciento de probabilidad de que la mayor econom\u00eda del mundo caiga en recesi\u00f3n en el primer trimestre de 2024, tras el tono m\u00e1s hawkish de la Fed.<\/p>\n<p style=\"text-align: center;\"><strong>Inminente impacto en M\u00e9xico: analistas<\/strong><\/p>\n<p>La inminente recesi\u00f3n en EU podr\u00eda impactar de manera negativa en M\u00e9xico, dados los estrechos v\u00ednculos comerciales que mantienen ambas naciones, coinciden analistas.<\/p>\n<p>Joan Domene, economista s\u00e9nior para Oxford Economics, se\u00f1al\u00f3 que la recuperaci\u00f3n econ\u00f3mica en M\u00e9xico se ha dado principalmente por el sector externo, por lo que, un \u2018freno\u2019 en la econom\u00eda estadounidense ser\u00eda perjudicial.<\/p>\n<p>\u201cUna recesi\u00f3n en Estados Unidos, cuando se diese, tendr\u00eda un efecto negativo para el pa\u00eds debido a que pr\u00e1cticamente nuestro sector exportador es el que nos ha mantenido a flote, o por lo menos en recuperaci\u00f3n desde el a\u00f1o pasado\u201d, dijo.<\/p>\n<p>Jacobo Rodr\u00edguez, director de an\u00e1lisis econ\u00f3mico y financiero de BW Capital, coincidi\u00f3 en que, adem\u00e1s de la afectaci\u00f3n del sector externo, se podr\u00edan poner en riesgo las remesas que llegan al pa\u00eds.<\/p>\n<p>\u201cDesafortunadamente el mercado interno mexicano no es lo suficientemente s\u00f3lido como para enfrentar un choque externo; inclusive ya estar\u00edamos hablando de un sexenio perdido\u201d, a\u00f1adi\u00f3 el especialista.<\/p>\n","protected":false},"excerpt":{"rendered":"<p>Estados Unidos experimentar\u00e1 una recesi\u00f3n el pr\u00f3ximo a\u00f1o, ante el tono cada vez m\u00e1s agresivo de la Reserva Federal (Fed) en su intento de controlar la inflaci\u00f3n, alertan expertos. Esta situaci\u00f3n tambi\u00e9n impactar\u00eda a M\u00e9xico por sus v\u00ednculos econ\u00f3micos.<\/p>\n","protected":false},"author":3,"featured_media":550580,"comment_status":"open","ping_status":"open","sticky":false,"template":"","format":"standard","meta":{"_monsterinsights_skip_tracking":false,"_monsterinsights_sitenote_active":false,"_monsterinsights_sitenote_note":"","_monsterinsights_sitenote_category":0,"footnotes":""},"categories":[8],"tags":[2786,43678,932,63892,43679,19840],"class_list":["post-550490","post","type-post","status-publish","format-standard","has-post-thumbnail","hentry","category-finanzas","tag-eu","tag-finanzas","tag-inflacion","tag-inminente","tag-mundo","tag-recesion"],"_links":{"self":[{"href":"https:\/\/www.diarioimagen.net\/index.php?rest_route=\/wp\/v2\/posts\/550490","targetHints":{"allow":["GET"]}}],"collection":[{"href":"https:\/\/www.diarioimagen.net\/index.php?rest_route=\/wp\/v2\/posts"}],"about":[{"href":"https:\/\/www.diarioimagen.net\/index.php?rest_route=\/wp\/v2\/types\/post"}],"author":[{"embeddable":true,"href":"https:\/\/www.diarioimagen.net\/index.php?rest_route=\/wp\/v2\/users\/3"}],"replies":[{"embeddable":true,"href":"https:\/\/www.diarioimagen.net\/index.php?rest_route=%2Fwp%2Fv2%2Fcomments&post=550490"}],"version-history":[{"count":0,"href":"https:\/\/www.diarioimagen.net\/index.php?rest_route=\/wp\/v2\/posts\/550490\/revisions"}],"wp:featuredmedia":[{"embeddable":true,"href":"https:\/\/www.diarioimagen.net\/index.php?rest_route=\/wp\/v2\/media\/550580"}],"wp:attachment":[{"href":"https:\/\/www.diarioimagen.net\/index.php?rest_route=%2Fwp%2Fv2%2Fmedia&parent=550490"}],"wp:term":[{"taxonomy":"category","embeddable":true,"href":"https:\/\/www.diarioimagen.net\/index.php?rest_route=%2Fwp%2Fv2%2Fcategories&post=550490"},{"taxonomy":"post_tag","embeddable":true,"href":"https:\/\/www.diarioimagen.net\/index.php?rest_route=%2Fwp%2Fv2%2Ftags&post=550490"}],"curies":[{"name":"wp","href":"https:\/\/api.w.org\/{rel}","templated":true}]}}