{"id":550492,"date":"2022-06-20T00:02:34","date_gmt":"2022-06-20T05:02:34","guid":{"rendered":"https:\/\/www.diarioimagen.net\/?p=550492"},"modified":"2022-06-20T22:42:02","modified_gmt":"2022-06-21T03:42:02","slug":"acuerdo-antiinflacionario-no-frena-la-escalada-de-precios","status":"publish","type":"post","link":"https:\/\/www.diarioimagen.net\/?p=550492","title":{"rendered":"Acuerdo antiinflacionario no frena la escalada de precios"},"content":{"rendered":"<p>&nbsp;<\/p>\n<ul>\n<li><strong><em>A m\u00e1s de un mes del anuncio del Pacic<\/em><\/strong><\/li>\n<\/ul>\n<p>&nbsp;<\/p>\n<div id=\"attachment_550582\" style=\"width: 470px\" class=\"wp-caption aligncenter\"><img loading=\"lazy\" decoding=\"async\" aria-describedby=\"caption-attachment-550582\" class=\"size-full wp-image-550582\" src=\"https:\/\/www.diarioimagen.net\/wp-content\/uploads\/2022\/06\/CARESTIA-GALOPANTE.jpg\" alt=\"\" width=\"460\" height=\"270\" \/><p id=\"caption-attachment-550582\" class=\"wp-caption-text\">La estrategia impulsada por el gobierno federal para contener el incremento en los precios, todav\u00eda no se observa un impacto importante en los niveles de inflaci\u00f3n.<\/p><\/div>\n<p>&nbsp;<\/p>\n<p>A m\u00e1s de un mes de que el gobierno federal anunciara el acuerdo antiinflacionario, el precio de la canasta b\u00e1sica alimentaria contin\u00faa registrando encarecimientos mayores al 10%, tanto en comunidades rurales como en las grandes ciudades.<\/p>\n<p>Aunque los precios de los combustibles se han mantenido controlados gracias a los est\u00edmulos fiscales implementados en M\u00e9xico, con los alimentos no se ha tenido el mismo \u00e9xito.<\/p>\n<p>Para pagar una despensa m\u00ednima de comida y bebidas en las grandes ciudades se necesitan 1,982.45 pesos mensuales por persona. En las regiones rurales son necesarios 1,523.90 pesos, de acuerdo con cifras elaboradas por el Coneval (Consejo Nacional de Evaluaci\u00f3n de la Pol\u00edtica de Desarrollo Social) a trav\u00e9s de las l\u00edneas de pobreza y pobreza m\u00ednima por ingresos.<\/p>\n<p>Entonces, un hogar en la ciudad de M\u00e9rida, Yucat\u00e1n en donde viven cinco personas se necesitar\u00edan poco m\u00e1s de 9,600 pesos cada mes s\u00f3lo para cubrir las necesidades alimentarias. La misma familia en la comunidad rural de Chuc\u00e1ndiro, Michoac\u00e1n, requerir\u00eda alrededor de 7,600 pesos mensuales.<\/p>\n<p>Durante mayo de 2022, la canasta b\u00e1sica alimentaria en zonas urbanas se encareci\u00f3 11.4% en comparaci\u00f3n interanual, mientras que en regiones rurales el encarecimiento fue de 11.9 por ciento.<\/p>\n<p>Esto refleja dos hechos importantes: Por un lado, las familias rurales y m\u00e1s pobres son las que enfrentan encarecimientos m\u00e1s pronunciados y por otro lado, se observ\u00f3 apenas un ligero freno respecto de las tasas de crecimiento del mes previo, que estuvieron en un rango de 12 por ciento.<\/p>\n<p>A un mes de que se anunci\u00f3 la operaci\u00f3n del Pacic (Paquete Contra la Inflaci\u00f3n y la Carest\u00eda), la estrategia impulsada por el gobierno federal para contener el incremento en los precios, todav\u00eda no se observa un impacto importante en los niveles de inflaci\u00f3n, especialmente en el rubro de los alimentos y productos agropecuarios.<\/p>\n<p>La tendencia inflacionaria en M\u00e9xico y en el mundo contin\u00faa presionando el poder adquisitivo en los hogares. Los productos y servicios que registran las tasas m\u00e1s altas de inflaci\u00f3n son justamente los que m\u00e1s incidencia tienen en el INPC (\u00cdndice Nacional de Precios al Consumidor).<\/p>\n<p>Las frutas, las verduras, los alimentos procesados, la comida preparada en establecimientos, las bebidas no alcoh\u00f3licas, los l\u00e1cteos y las carnes de animales se anotan entre los gen\u00e9ricos con los mayores aumentos en el nivel de precios.<\/p>\n<p>Y pese a los esfuerzos realizados desde la pol\u00edtica p\u00fablica, la alianza con la iniciativa privada, el incremento en la producci\u00f3n y reducci\u00f3n de costos, los analistas y expertos proyectan que la inflaci\u00f3n sea uno de los obst\u00e1culos en el desarrollo econ\u00f3mico, por lo menos, hasta fines del pr\u00f3ximo a\u00f1o.<\/p>\n","protected":false},"excerpt":{"rendered":"<p>A m\u00e1s de un mes de que el gobierno federal anunciara el acuerdo antiinflacionario, el precio de la canasta b\u00e1sica alimentaria contin\u00faa registrando encarecimientos mayores al 10%, tanto en comunidades rurales como en las grandes ciudades.<\/p>\n","protected":false},"author":3,"featured_media":550582,"comment_status":"open","ping_status":"open","sticky":false,"template":"","format":"standard","meta":{"_monsterinsights_skip_tracking":false,"_monsterinsights_sitenote_active":false,"_monsterinsights_sitenote_note":"","_monsterinsights_sitenote_category":0,"footnotes":""},"categories":[8],"tags":[95320,89552,43678,46011],"class_list":["post-550492","post","type-post","status-publish","format-standard","has-post-thumbnail","hentry","category-finanzas","tag-antiinflacionario","tag-escalada","tag-finanzas","tag-precios"],"_links":{"self":[{"href":"https:\/\/www.diarioimagen.net\/index.php?rest_route=\/wp\/v2\/posts\/550492","targetHints":{"allow":["GET"]}}],"collection":[{"href":"https:\/\/www.diarioimagen.net\/index.php?rest_route=\/wp\/v2\/posts"}],"about":[{"href":"https:\/\/www.diarioimagen.net\/index.php?rest_route=\/wp\/v2\/types\/post"}],"author":[{"embeddable":true,"href":"https:\/\/www.diarioimagen.net\/index.php?rest_route=\/wp\/v2\/users\/3"}],"replies":[{"embeddable":true,"href":"https:\/\/www.diarioimagen.net\/index.php?rest_route=%2Fwp%2Fv2%2Fcomments&post=550492"}],"version-history":[{"count":0,"href":"https:\/\/www.diarioimagen.net\/index.php?rest_route=\/wp\/v2\/posts\/550492\/revisions"}],"wp:featuredmedia":[{"embeddable":true,"href":"https:\/\/www.diarioimagen.net\/index.php?rest_route=\/wp\/v2\/media\/550582"}],"wp:attachment":[{"href":"https:\/\/www.diarioimagen.net\/index.php?rest_route=%2Fwp%2Fv2%2Fmedia&parent=550492"}],"wp:term":[{"taxonomy":"category","embeddable":true,"href":"https:\/\/www.diarioimagen.net\/index.php?rest_route=%2Fwp%2Fv2%2Fcategories&post=550492"},{"taxonomy":"post_tag","embeddable":true,"href":"https:\/\/www.diarioimagen.net\/index.php?rest_route=%2Fwp%2Fv2%2Ftags&post=550492"}],"curies":[{"name":"wp","href":"https:\/\/api.w.org\/{rel}","templated":true}]}}