{"id":550494,"date":"2022-06-20T00:02:44","date_gmt":"2022-06-20T05:02:44","guid":{"rendered":"https:\/\/www.diarioimagen.net\/?p=550494"},"modified":"2022-06-20T04:07:46","modified_gmt":"2022-06-20T09:07:46","slug":"planea-rusia-resistir-sanciones-y-completar-mision-en-ucrania","status":"publish","type":"post","link":"https:\/\/www.diarioimagen.net\/?p=550494","title":{"rendered":"Planea Rusia resistir sanciones y completar misi\u00f3n en Ucrania"},"content":{"rendered":"<p>&nbsp;<\/p>\n<h3 style=\"text-align: center;\">Reconoce que no se encuentra en situaci\u00f3n c\u00f3moda<\/h3>\n<p>&nbsp;<\/p>\n<ul>\n<li><strong><em>Ocupar m\u00e1s territorios depender\u00e1 de la voluntadde poblaci\u00f3n local, se\u00f1ala<\/em><\/strong><\/li>\n<\/ul>\n<p>&nbsp;<\/p>\n<div id=\"attachment_550610\" style=\"width: 470px\" class=\"wp-caption aligncenter\"><img loading=\"lazy\" decoding=\"async\" aria-describedby=\"caption-attachment-550610\" class=\"size-full wp-image-550610\" src=\"https:\/\/www.diarioimagen.net\/wp-content\/uploads\/2022\/06\/GUERRA1-11.jpg\" alt=\"\" width=\"460\" height=\"270\" \/><p id=\"caption-attachment-550610\" class=\"wp-caption-text\">Rusia considera continuar con su misi\u00f3n en Ucrania y soporta las sanciones impuestas por Estados Unidos y los pa\u00edses occidentales.<\/p><\/div>\n<p>&nbsp;<\/p>\n<p>El portavoz del Kremlin, Dimitri Peskov, afirm\u00f3 que Rusia planea resistir las sanciones occidentales y completar su misi\u00f3n en el Donb\u00e1s, en el este de Ucrania.<\/p>\n<p>El objetivo n\u00famero uno es proteger a la poblaci\u00f3n del Donb\u00e1s y de Lugansk de quienes est\u00e1n bombardeando Donetsk, por ejemplo, ahora mismo, y matando a civiles all\u00ed. Y lo han estado haciendo durante los \u00faltimos ocho o nueve a\u00f1os\u201d, ha subrayado Peskov en una entrevista en el canal estadounidense CNN.<\/p>\n<p>A la pregunta de si la intenci\u00f3n de Rusia es ocupar los territorios ucranianos en Odesa, J\u00e1rkov y Jers\u00f3n, Peskov ha se\u00f1alado que la decisi\u00f3n depender\u00eda de la \u201cvoluntad de la poblaci\u00f3n local\u201d.<\/p>\n<p>En cuanto a otros territorios y regiones de Ucrania, ya saben, cuanto m\u00e1s limpian nuestros militares el territorio de esos regimientos nacionalistas, m\u00e1s gente les da la bienvenida y m\u00e1s gente declara su deseo de interrumpir su vida futura con el r\u00e9gimen moderno de Kiev\u201d, ha indicado.<\/p>\n<p>Peskov ha matizado que Rusia no representa ninguna amenaza para los pa\u00edses b\u00e1lticos y Finlandia, que anunciaron su intenci\u00f3n de ingresar en la OTAN el mes pasado, rompiendo la no alianza militar de d\u00e9cadas tras la invasi\u00f3n rusa de Ucrania.<\/p>\n<p>Estamos seguros de que el ingreso de Finlandia y Suecia en la OTAN no aportar\u00e1 ning\u00fan beneficio adicional a la seguridad del continente europeo. Por el contrario, traer\u00e1 una tensi\u00f3n adicional\u201d, ha aseverado el portavoz ruso.<\/p>\n<p>Por otro lado, Peskov ha admitido que Mosc\u00fa no se encuentra en una \u201cposici\u00f3n c\u00f3moda\u201d tras las sanciones econ\u00f3micas \u201csin precedentes\u201d de Occidente contra Rusia, pero ha indicado que \u201cel efecto crucial\u201d de las sanciones que Occidente esperaba \u201cno se ha producido\u201d.<\/p>\n<p>Ahora nos sentimos incluso un poco mejor de lo que se podr\u00eda pensar\u201d, ha afirmado Peskov, agregando: \u201cpor supuesto, entendemos nuestros problemas, entendemos que en muy poco tiempo tendremos que compensar la disminuci\u00f3n bastante significativa de m\u00e1s del 40-45 por ciento en las importaciones\u201d.<\/p>\n<p>Asimismo, ha recalcado que Rusia est\u00e1 planeando dar un \u201cimpulso muy serio\u201d a su producci\u00f3n e infraestructura nacionales y reorganizando las importaciones.<\/p>\n<p>Para reorganizar las importaciones, tenemos que reorganizar la direcci\u00f3n de las mismas. Compensar la direcci\u00f3n occidental, aumentando las importaciones de la direcci\u00f3n oriental\u201d, ha manifestado Peskov insinuando el aumento de las importaciones de los pa\u00edses asi\u00e1ticos.<\/p>\n<p>En este sentido, ha concluido diciendo: \u201ctodo esto es muy posible porque nuestro mundo es muy grande y muy rico\u201d.<\/p>\n<p style=\"text-align: center;\"><strong>L\u00edder separatista llama a Rusia a \u2018liberar\u2019 toda Ucrania y tomar Kiev<\/strong><\/p>\n<p>Por su parte, el l\u00edder del territorio separatista prorruso de Donetsk, en el este de Ucrania, inst\u00f3 este viernes a Rusia a proseguir su ofensiva militar para \u201cliberar\u201d toda Ucrania y tomar Kiev, la capital.<\/p>\n<p>Yo dir\u00eda que hay que liberar toda Ucrania y desde luego la ciudad rusa de Kiev y Ucrania occidental\u201d, afirm\u00f3 Denis Pushilin en entrevista a la agencia rusa Tass en el foro econ\u00f3mico de San Petersburgo.<\/p>\n<p>Ello permitir\u00eda impedir que recaiga esta pesada responsabilidad en la generaci\u00f3n siguiente\u201d, agreg\u00f3.<\/p>\n<p>Al lanzar su asalto contra Ucrania el 24 de febrero, Rusia intent\u00f3 inicialmente conquistar Kiev, pero la resistencia de las fuerzas ucranianas la oblig\u00f3 a replegarse.<\/p>\n<p>Desde entonces, Mosc\u00fa concentra su ofensiva en el este de Ucrania, en la regi\u00f3n del Donb\u00e1s, y el presidente ruso, Vladimir Putin, reconoci\u00f3 la independencia de dos territorios separatistas, las\u00a0 \u201crep\u00fablicas\u201d de Donetsk y Lugansk.<\/p>\n<p>El Kremlin justifica su ofensiva contra su vecino por la necesidad de \u201cproteger\u201d a las poblaciones de habla rusa del Donb\u00e1s de fuerzas ucranianas a las que califica de \u201cneonazis\u201d. Putin niega adem\u00e1s la realidad de la naci\u00f3n y el pueblo ucraniano, estimando que hist\u00f3ricamente rusos y ucranianos forman una sola entidad.<\/p>\n<p style=\"text-align: center;\"><strong>Segunda visita sopresa de Boris Johnson a Ucrania<\/strong><\/p>\n<p>Mientras tanto, el primer ministro brit\u00e1nico, Boris Johnson, reliz\u00f3 su segunda visita sorpresa a Ucrania, al d\u00eda siguiente de la de cuatro dirigentes de la Uni\u00f3n Europea (UE) a este pa\u00eds confrontado a una invasi\u00f3n rusa.<\/p>\n<p>Estoy encantado de ver de nuevo en Kiev a un gran amigo de nuestro pa\u00eds\u201d, escribi\u00f3 Zelenski en Telegram.<\/p>\n<p>En tanto, Johnson manifest\u00f3 en su cuenta Twitter su satisfacci\u00f3n por \u201cestar de nuevo en Kiev\u201d.<\/p>\n<p>Los numerosos d\u00edas que dura esta guerra han demostrado el apoyo firme y determinado de Reino Unido a Ucrania\u201d, escribi\u00f3 Zelenski, antes de darle la bienvenida al primer ministro brit\u00e1nico.<\/p>\n<p>Seg\u00fan un comunicado de los servicios de Johnson, el primer ministro brit\u00e1nico \u201cofreci\u00f3 lanzar un gran programa de formaci\u00f3n de las fuerzas ucranianas, que podr\u00eda formar hasta a 10 mil soldados cada 120 d\u00edas\u201d.<\/p>\n<p>Johnson fue el primer l\u00edder de un pa\u00eds del G7 en visitar Kiev el pasado 9 de abril, apenas dos semanas despu\u00e9s de que las tropas rusas fueran repelidas de los suburbios de la capital.<\/p>\n<p>La visita de este viernes del \u2018premier\u2019 brit\u00e1nico se produce adem\u00e1s horas despu\u00e9s de que la Uni\u00f3n Europea enviara un fuerte mensaje de solidaridad a Kiev al respaldar su deseo de ser candidato al bloque.<\/p>\n<p>Los 27 miembros de la UE deber\u00e1n dar su luz verde de forma un\u00e1nime. Pero los l\u00edderes de las principales econom\u00edas europeas &#8211; Alemania, Francia e Italia &#8211; ya expresaron su apoyo total en un viaje a Ucrania el jueves.<\/p>\n","protected":false},"excerpt":{"rendered":"<p>El portavoz del Kremlin, Dimitri Peskov, afirm\u00f3 que Rusia planea resistir las sanciones occidentales y completar su misi\u00f3n en el Donb\u00e1s, en el este de Ucrania.<\/p>\n","protected":false},"author":3,"featured_media":550610,"comment_status":"open","ping_status":"open","sticky":false,"template":"","format":"standard","meta":{"_monsterinsights_skip_tracking":false,"_monsterinsights_sitenote_active":false,"_monsterinsights_sitenote_note":"","_monsterinsights_sitenote_category":0,"footnotes":""},"categories":[9],"tags":[16709,65864,43679,3143,2967,5589],"class_list":["post-550494","post","type-post","status-publish","format-standard","has-post-thumbnail","hentry","category-mundo","tag-guerra","tag-mision","tag-mundo","tag-rusia","tag-sanciones","tag-ucrania"],"_links":{"self":[{"href":"https:\/\/www.diarioimagen.net\/index.php?rest_route=\/wp\/v2\/posts\/550494","targetHints":{"allow":["GET"]}}],"collection":[{"href":"https:\/\/www.diarioimagen.net\/index.php?rest_route=\/wp\/v2\/posts"}],"about":[{"href":"https:\/\/www.diarioimagen.net\/index.php?rest_route=\/wp\/v2\/types\/post"}],"author":[{"embeddable":true,"href":"https:\/\/www.diarioimagen.net\/index.php?rest_route=\/wp\/v2\/users\/3"}],"replies":[{"embeddable":true,"href":"https:\/\/www.diarioimagen.net\/index.php?rest_route=%2Fwp%2Fv2%2Fcomments&post=550494"}],"version-history":[{"count":0,"href":"https:\/\/www.diarioimagen.net\/index.php?rest_route=\/wp\/v2\/posts\/550494\/revisions"}],"wp:featuredmedia":[{"embeddable":true,"href":"https:\/\/www.diarioimagen.net\/index.php?rest_route=\/wp\/v2\/media\/550610"}],"wp:attachment":[{"href":"https:\/\/www.diarioimagen.net\/index.php?rest_route=%2Fwp%2Fv2%2Fmedia&parent=550494"}],"wp:term":[{"taxonomy":"category","embeddable":true,"href":"https:\/\/www.diarioimagen.net\/index.php?rest_route=%2Fwp%2Fv2%2Fcategories&post=550494"},{"taxonomy":"post_tag","embeddable":true,"href":"https:\/\/www.diarioimagen.net\/index.php?rest_route=%2Fwp%2Fv2%2Ftags&post=550494"}],"curies":[{"name":"wp","href":"https:\/\/api.w.org\/{rel}","templated":true}]}}