{"id":550531,"date":"2022-06-20T00:05:56","date_gmt":"2022-06-20T05:05:56","guid":{"rendered":"https:\/\/www.diarioimagen.net\/?p=550531"},"modified":"2022-06-20T04:02:44","modified_gmt":"2022-06-20T09:02:44","slug":"ciclista-de-uaemex-tendra-competencias-en-espana","status":"publish","type":"post","link":"https:\/\/www.diarioimagen.net\/?p=550531","title":{"rendered":"Ciclista de UAEM\u00e9x tendr\u00e1 competencias en Espa\u00f1a"},"content":{"rendered":"<p>&nbsp;<\/p>\n<div id=\"attachment_550598\" style=\"width: 470px\" class=\"wp-caption aligncenter\"><img loading=\"lazy\" decoding=\"async\" aria-describedby=\"caption-attachment-550598\" class=\"size-full wp-image-550598\" src=\"https:\/\/www.diarioimagen.net\/wp-content\/uploads\/2022\/06\/uaem2-1.jpg\" alt=\"\" width=\"460\" height=\"270\" \/><p id=\"caption-attachment-550598\" class=\"wp-caption-text\">El ciclista mexiquense Olaf Axel Gonz\u00e1lez Ju\u00e1rez.<\/p><\/div>\n<p>&nbsp;<\/p>\n<p><strong>Tenancingo, Estado de M\u00e9xico.\u2014<\/strong> El estudiante del sexto semestre de la Escuela Preparatoria Dr. Pablo Gonz\u00e1lez Casanova ubicada en el municipio de Tenancingo, de la Universidad Aut\u00f3noma del Estado de M\u00e9xico (UAEMex) y deportista de la disciplina de ciclismo, Olaf Axel Gonz\u00e1lez Ju\u00e1rez, estar\u00e1 por espacio de casi tres meses en Espa\u00f1a, donde participar\u00e1 en varias Vueltas Ciclistas en el pa\u00eds ib\u00e9rico.<\/p>\n<p>\u201cEstar\u00e9 participando en varias competencias en ciclismo de ruta en Espa\u00f1a del mes de junio a agosto, tengo ya varios a\u00f1os compitiendo a nivel nacional y pues a principios del a\u00f1o me hicieron la invitaci\u00f3n para competir en Espa\u00f1a y por fin se dio algo que hemos estado buscado, el poder estar en estas competencias, dentro de la categor\u00eda junior\u201d, coment\u00f3 el deportista de la Aut\u00f3noma mexiquense.<\/p>\n<p>Gonz\u00e1lez Ju\u00e1rez, indic\u00f3 que se encuentra contento por participar en la Vuelta a Valladolid, Circuito Cantabro, Vuelta Ciclista Penedes, Gran Premio Junior en Madrid, en San Sebasti\u00e1n de los Reyes, Vuelta a Le\u00f3n, Ruta del Vino y Ruta del Vino en Ribera de Duero.<\/p>\n<p>El joven deportista lleva diez a\u00f1os dentro del ciclismo impulsado por su hermano, quien tambi\u00e9n lo practica. Es la primera vez que tendr\u00e1 actividad en el extranjero, \u201cme siento emocionado y nervioso, tambi\u00e9n muy agradecido con las personas que me han estado apoyando al director Dr. Christian Mendoza Guadarrama, a mis maestros y tratar\u00e9 de dar lo mejor\u201d, apunt\u00f3.<\/p>\n<p>\u201cPara nuestro plantel Pablo Gonz\u00e1lez Casanova, es un orgullo que j\u00f3venes con talento sobresalgan ya sea en el deporte, cultura o actividades acad\u00e9micas, se detectan y se les impulsa, tambi\u00e9n agradecidos por el apoyo de nuestro director Dr. Christian Mendoza Guadarrama, para que ellos puedan sacar lo mejor de s\u00ed y sientan que por parte de la Universidad y del plantel en s\u00ed, existe el apoyo total hacia ellos, para nosotros es un orgullo tener alumnos as\u00ed\u201d, dijo el promotor deportivo Lorenzo D\u00edaz Vel\u00e1zquez.<\/p>\n<p>El ciclista de la Aut\u00f3noma Mexiquense indic\u00f3 que desea poner el alto el nombre de la instituci\u00f3n y sobre todo destacar que se tienen buenos elementos en el \u00e1mbito deportivo.<\/p>\n","protected":false},"excerpt":{"rendered":"<p>El estudiante del sexto semestre de la Escuela Preparatoria Dr. Pablo Gonz\u00e1lez Casanova ubicada en el municipio de Tenancingo, de la Universidad Aut\u00f3noma del Estado de M\u00e9xico (UAEMex) y deportista de la disciplina de ciclismo, Olaf Axel Gonz\u00e1lez Ju\u00e1rez, estar\u00e1 por espacio de casi tres meses en Espa\u00f1a, donde participar\u00e1 en varias Vueltas Ciclistas en el pa\u00eds ib\u00e9rico.<\/p>\n","protected":false},"author":3,"featured_media":550598,"comment_status":"open","ping_status":"open","sticky":false,"template":"","format":"standard","meta":{"_monsterinsights_skip_tracking":false,"_monsterinsights_sitenote_active":false,"_monsterinsights_sitenote_note":"","_monsterinsights_sitenote_category":0,"footnotes":""},"categories":[5],"tags":[88075,850,43675,14859,67878],"class_list":["post-550531","post","type-post","status-publish","format-standard","has-post-thumbnail","hentry","category-estado-de-mexico","tag-ciclista","tag-espana","tag-estado-de-mexico","tag-tenancingo","tag-uaemex"],"_links":{"self":[{"href":"https:\/\/www.diarioimagen.net\/index.php?rest_route=\/wp\/v2\/posts\/550531","targetHints":{"allow":["GET"]}}],"collection":[{"href":"https:\/\/www.diarioimagen.net\/index.php?rest_route=\/wp\/v2\/posts"}],"about":[{"href":"https:\/\/www.diarioimagen.net\/index.php?rest_route=\/wp\/v2\/types\/post"}],"author":[{"embeddable":true,"href":"https:\/\/www.diarioimagen.net\/index.php?rest_route=\/wp\/v2\/users\/3"}],"replies":[{"embeddable":true,"href":"https:\/\/www.diarioimagen.net\/index.php?rest_route=%2Fwp%2Fv2%2Fcomments&post=550531"}],"version-history":[{"count":0,"href":"https:\/\/www.diarioimagen.net\/index.php?rest_route=\/wp\/v2\/posts\/550531\/revisions"}],"wp:featuredmedia":[{"embeddable":true,"href":"https:\/\/www.diarioimagen.net\/index.php?rest_route=\/wp\/v2\/media\/550598"}],"wp:attachment":[{"href":"https:\/\/www.diarioimagen.net\/index.php?rest_route=%2Fwp%2Fv2%2Fmedia&parent=550531"}],"wp:term":[{"taxonomy":"category","embeddable":true,"href":"https:\/\/www.diarioimagen.net\/index.php?rest_route=%2Fwp%2Fv2%2Fcategories&post=550531"},{"taxonomy":"post_tag","embeddable":true,"href":"https:\/\/www.diarioimagen.net\/index.php?rest_route=%2Fwp%2Fv2%2Ftags&post=550531"}],"curies":[{"name":"wp","href":"https:\/\/api.w.org\/{rel}","templated":true}]}}