{"id":550553,"date":"2022-06-20T00:08:16","date_gmt":"2022-06-20T05:08:16","guid":{"rendered":"https:\/\/www.diarioimagen.net\/?p=550553"},"modified":"2022-06-20T02:46:26","modified_gmt":"2022-06-20T07:46:26","slug":"la-oposicion-y-su-economia","status":"publish","type":"post","link":"https:\/\/www.diarioimagen.net\/?p=550553","title":{"rendered":"La oposici\u00f3n y su econom\u00eda"},"content":{"rendered":"<h2>Punto por punto<\/h2>\n<h5>Augusto Corro<\/h5>\n<p>&nbsp;<\/p>\n<p>Sin duda, la falta de dinero es una preocupaci\u00f3n que arrastran algunos partidos opositores. La escasez de ese recurso econ\u00f3mico empieza a da\u00f1ar la econom\u00eda de algunas organizaciones pol\u00edticas.<\/p>\n<p>Se lleg\u00f3 a esta situaci\u00f3n, tras los descalabros de la oposici\u00f3n en las contiendas electorales. Se reduce el n\u00famero de electores y consecuentemente se pierden los registros como partidos y tambi\u00e9n las prerrogativas.<\/p>\n<p>En esas condiciones se encuentran dos organizaciones pol\u00edticas: PRI y PRD aliadas con el PAN en \u201cVa por M\u00e9xico\u201d. Ante la reducci\u00f3n del financiamiento, las dirigencias priistas y perredistas decidieron endeudarse con pr\u00e9stamos bancarios millonarios.<\/p>\n<p>En 2021, el PRI consigui\u00f3 un cr\u00e9dito bancario con Banca Afirme por 207.4 millones de pesos. El PRD logr\u00f3 un pr\u00e9stamo por 50 millones de pesos. (<em>La Jornada<\/em>).<\/p>\n<p>Lo que ocurre en el escenario pol\u00edtico en materia econ\u00f3mica es muy importante, pues la oposici\u00f3n se encuentra ante las elecciones en dos entidades en 2023: Estado de M\u00e9xico y Coahuila; as\u00ed como la contienda electoral presidencial de 2024.<\/p>\n<p>Y si se llega a aprobar la reforma electoral las prerrogativas a los partidos pol\u00edticos podr\u00edan reducirse considerablemente o quiz\u00e1 desaparecer.<\/p>\n<p>Se desconoce la situaci\u00f3n econ\u00f3mica de Acci\u00f3n Nacional; pero es l\u00f3gico\u00a0 suponer que no pasa por una situaci\u00f3n bonancible.<\/p>\n<p>Ah\u00ed est\u00e1, pues, el problema de la falta de dinero de los partidos de oposici\u00f3n y no parece tener una soluci\u00f3n pr\u00e1ctica e inmediata.<\/p>\n<p><strong>No s\u00f3lo es el dinero<\/strong><\/p>\n<p>Por cierto, no s\u00f3lo es la falta de recursos econ\u00f3micos lo que padece la oposici\u00f3n, sino tambi\u00e9n la escasez de precandidatos presidenciales.<\/p>\n<p>Mientras en el partido Movimiento Regeneraci\u00f3n Nacional (Morena) sobran aspirantes en busca de la silla presidencial, en los partidos opositores la \u201ccaballada\u201d est\u00e1 flaca o no hay precandidato.<\/p>\n<p>Claro que puede ser una sorpresa el precandidato de \u201cVa por M\u00e9xico\u201d si la designaci\u00f3n viene del l\u00edder empresarial Claudio X. Gonz\u00e1lez, quien mueve los hilos en la alianza \u201cVa por M\u00e9xico\u201d.<\/p>\n<p>Porque en Acci\u00f3n Nacional no se ve claro. Se tiene la impresi\u00f3n que los panistas ahora s\u00ed quieren impulsar a Margarita Zavala esposa del ex presidente Felipe Calder\u00f3n para que los represente en 2024. La se\u00f1ora de Calder\u00f3n fue rechazada por su partido en las \u00faltimas presidenciales y tuvo que competir como aspirante independiente, con los resultados que todos conocemos.<\/p>\n<p>En la organizaci\u00f3n blanquiazul, el \u00fanico que aparece como precandidato es Ricardo Anaya, quien es perseguido por la Fiscal\u00eda General de la Rep\u00fablica (FGR) por presuntos delitos, entre otros el de recibir sobornos del exdirector de Pemex, Emilio Lozoya. El panista se autoexilio y desde Estados Unidos se promueve pol\u00edticamente, en una campa\u00f1a cada vez menos interesante.<\/p>\n<p>Marko Cort\u00e9s, l\u00edder de Acci\u00f3n Nacional, destap\u00f3 a sus precandidatos. No caus\u00f3 ning\u00fan impacto. No aparece, pues, el candidato que representar\u00e1 a \u201cVa por M\u00e9xico\u201d. Debido a la escasez de presidenciables en el PAN se empez\u00f3 a citar el nombre de Santiago Creel.<\/p>\n<p>En el Revolucionario Institucional tampoco se encuentran en jauja. La lucha interna cada vez tiende a agudizarse. La manzana de la discordia: Alejandro Moreno C\u00e1rdenas (a) \u201cAlito\u201d, presidente del tricolor, llev\u00f3 a su partido a un callej\u00f3n sin salida.<\/p>\n<p>En medio de una tormenta de acusaciones, exdirigentes de esa organizaci\u00f3n le solicitaron la renuncia. Alito se neg\u00f3 y la bronca sigue. Son los propios priistas quienes est\u00e1n inconformes con su dirigente, debido que se ali\u00f3 a Acci\u00f3n Nacional y al PRD en \u201cVa por M\u00e9xico\u201d.<\/p>\n<p>Del PRD poco se sabe. Jes\u00fas Zambrano est\u00e1 atado. La condici\u00f3n del partido en v\u00edas de desaparici\u00f3n no le permite asumir otra condici\u00f3n que no sea la de aceptar lo que digan los aliados. Sin fuerza para exigir, el partido del sol azteca se convirti\u00f3 en una simple comparsa.<\/p>\n<p>\u00bfUsted qu\u00e9 opina amable lector?<\/p>\n<p><a href=\"mailto:aco2742@hotmail.com\" target=\"_blank\" rel=\"noopener noreferrer\"><em>aco2742@hotmail.com<\/em><\/a><\/p>\n","protected":false},"excerpt":{"rendered":"<p><span style=\"color: #005497;\"><strong>Augusto Corro<\/strong><\/span><\/p>\n","protected":false},"author":3,"featured_media":0,"comment_status":"open","ping_status":"open","sticky":false,"template":"","format":"standard","meta":{"_monsterinsights_skip_tracking":false,"_monsterinsights_sitenote_active":false,"_monsterinsights_sitenote_note":"","_monsterinsights_sitenote_category":0,"footnotes":""},"categories":[157],"tags":[43686,43674,11515],"class_list":["post-550553","post","type-post","status-publish","format-standard","hentry","category-augusto-corro","tag-augusto-corro","tag-opinion","tag-punto-por-punto"],"_links":{"self":[{"href":"https:\/\/www.diarioimagen.net\/index.php?rest_route=\/wp\/v2\/posts\/550553","targetHints":{"allow":["GET"]}}],"collection":[{"href":"https:\/\/www.diarioimagen.net\/index.php?rest_route=\/wp\/v2\/posts"}],"about":[{"href":"https:\/\/www.diarioimagen.net\/index.php?rest_route=\/wp\/v2\/types\/post"}],"author":[{"embeddable":true,"href":"https:\/\/www.diarioimagen.net\/index.php?rest_route=\/wp\/v2\/users\/3"}],"replies":[{"embeddable":true,"href":"https:\/\/www.diarioimagen.net\/index.php?rest_route=%2Fwp%2Fv2%2Fcomments&post=550553"}],"version-history":[{"count":0,"href":"https:\/\/www.diarioimagen.net\/index.php?rest_route=\/wp\/v2\/posts\/550553\/revisions"}],"wp:attachment":[{"href":"https:\/\/www.diarioimagen.net\/index.php?rest_route=%2Fwp%2Fv2%2Fmedia&parent=550553"}],"wp:term":[{"taxonomy":"category","embeddable":true,"href":"https:\/\/www.diarioimagen.net\/index.php?rest_route=%2Fwp%2Fv2%2Fcategories&post=550553"},{"taxonomy":"post_tag","embeddable":true,"href":"https:\/\/www.diarioimagen.net\/index.php?rest_route=%2Fwp%2Fv2%2Ftags&post=550553"}],"curies":[{"name":"wp","href":"https:\/\/api.w.org\/{rel}","templated":true}]}}