{"id":550562,"date":"2022-06-20T00:07:47","date_gmt":"2022-06-20T05:07:47","guid":{"rendered":"https:\/\/www.diarioimagen.net\/?p=550562"},"modified":"2022-06-20T02:53:34","modified_gmt":"2022-06-20T07:53:34","slug":"moratoria-constitucional-no-significa-dejar-de-legislar","status":"publish","type":"post","link":"https:\/\/www.diarioimagen.net\/?p=550562","title":{"rendered":"\u201cMoratoria constitucional\u201d no significa dejar de legislar"},"content":{"rendered":"<h2>Clase Pol\u00edtica<\/h2>\n<h5>Miguel \u00c1ngel Rivera<strong>\u00a0<\/strong><\/h5>\n<p>&nbsp;<\/p>\n<p>Entre que los aciertos que ha tenido\u00a0el presidente\u00a0Andr\u00e9s Manuel L\u00f3pez Obrador\u00a0durante su administraci\u00f3n, tal vez el m\u00e1s destacado es el de crear las ma\u00f1aneras, con lo cual lleva la agenda pol\u00edtica, social y econ\u00f3mica\u00a0del pa\u00eds.<\/p>\n<p>Esa tribuna diaria le ha dado ventaja, por ejemplo, en d\u00edas recientes, en torno al conflictivo asunto de la llamada \u201cmoratoria constitucional\u201d, anunciada por el bloque opositor integrado por los partidos PAN, PRI y PRD, la pol\u00e9mica.<\/p>\n<p>Con la sagacidad que ha mostrado desde su larga campa\u00f1a para llegar a la Presidencia de la Rep\u00fablica,\u00a0aprovech\u00f3 la inercia de descalificar a los diputados de oposici\u00f3n, al grado de calificarlos de \u201ctraidores a la patria\u201d, por haber votado en contra de su reforma constitucional\u00a0en materia energ\u00e9tica.<\/p>\n<p>Por el contrario, los partidos de oposici\u00f3n dejaron la iniciativa y en vez de insistir en el tema y de explicarlo para que resultara aceptable\u00a0en todos los sectores de la sociedad, lo cual adem\u00e1s se traducir\u00eda en restar simpat\u00edas al Presidente y a\u00a0la llamada Cuarta Transformaci\u00f3n.<\/p>\n<p>Aqu\u00ed, aprovecharon el primer mandatario y sus corifeos para insistir en que los opositores son \u201ctraidores a la patria\u201d, con el agregado de que quieren seguir cobrando sin apenas trabajar.<\/p>\n<p>En particular, L\u00f3pez Obrador pidi\u00f3 a los legisladores rivales que, si van a dejar de legislar, tambi\u00e9n dejen de cobrar.<\/p>\n<p>As\u00ed redujo una gran maniobra pol\u00edtica en su contra\u00a0en apenas en un \u201csan lunes\u201d, ese d\u00eda que se toman los trabajadores de la construcci\u00f3n despu\u00e9s de un fin de semana de excesos.<\/p>\n<p>Con la lentitud que operan cuando se trata de informar al resto de la sociedad, inclusive en sus momentos cumbre, cuando detentaban el poder, los ahora alica\u00eddos PAN y PRI, acompa\u00f1ados por el PRD que tambi\u00e9n tuvo sus momentos de \u00e9xito \u2014muchos con L\u00f3pez Obrador como \u2014\u2013 tardaron en reaccionar, hasta que el reciente fin de semana intentaron aclarar que no se trata de un paro legislativo, sino s\u00f3lo contener los cambios que intenta impulsar el presidente L\u00f3pez Obrador, para los cuales necesita modificar la\u00a0Constituci\u00f3n\u00a0y que no significan un avance, sino que pueden resultar en retrocesos.<\/p>\n<p style=\"text-align: center;\"><strong>Defender la autonom\u00eda de las autoridades electorales<\/strong><\/p>\n<p>Por ejemplo,\u00a0una de las anunciadas reformas del presidente\u00a0L\u00f3pez Obradores la electoral, mediante la cual trata de modificar las funciones y la integraci\u00f3n del Instituto Nacional Electoral (INE) y del Tribunal Electoral del Poder Judicial de la Federaci\u00f3n\u00a0\u00a0(TEPJF), cambios que son considerados regresivos, no s\u00f3lo por los partidos de oposici\u00f3n, sino tambi\u00e9n por organismos de la sociedad civil.<\/p>\n<p>El trabajo de esas dos instituciones es perfectible, pero es reconocido casi universalmente que s\u00f3lo hasta la aparici\u00f3n del INE y del Tribunal Electoral\u00a0se tuvo certeza sobre los resultados electorales. Los \u00fanicos que a veces se quejan de supuestos fraudes son los miembros de Morena y sus r\u00e9moras, pero s\u00f3lo cuando pierden, no cuando ganan.<\/p>\n<p>Entre los dirigentes de oposici\u00f3n que intentaron llenar el vac\u00edo informativo en torno a la \u201cmoratoria constitucional\u201d\u00a0est\u00e1 el coordinador de los diputados federales del PRI, el ex gobernador de Coahuila, Rub\u00e9n Moreira, quien precis\u00f3 que la moratoria no significa paralizar la actividad legislativa.<\/p>\n<p>Se\u00f1al\u00f3 que, alentados por el presidente del tricolor, Alejandro Moreno (quien es diputado), y por el mismo Moreira, los legisladores priistas\u00a0han sido puntuales al participar en las reuniones convocadas por las\u00a0comisiones\u00a0legislativas\u00a0que se llevan a cabo, tanto en el Senado de la Rep\u00fablica como en\u00a0la C\u00e1mara de Diputados.<\/p>\n<p>En un comunicado, el coordinador tricolor destac\u00f3 que su\u00a0Grupo Parlamentario present\u00f3 la pasada\u00a0semana, 5 iniciativas y 10 puntos de acuerdos, adem\u00e1s de suscribir efem\u00e9ride y agenda pol\u00edtica en la Comisi\u00f3n Permanente del Congreso de la Uni\u00f3n, con lo que se demuestra que haber suscrito la \u201cmoratoria constitucional\u201d de la alianza Va por M\u00e9xico, no significa dejar de legislar o incumplir con los compromisos que tienen con la ciudadan\u00eda en la C\u00e1mara de Diputados.<\/p>\n<p>Moreira precis\u00f3 que\u00a0la \u201cmoratoria constitucional\u201d se refiere a no aprobar reformas a la Carta Magna que puedan afectar a las instituciones y sean perjudiciales para los mexicanos.<\/p>\n<p>Se\u00f1al\u00f3 que la bancada tricolor ha sido insistente en la necesidad de defender a los organismos aut\u00f3nomos, como son el Instituto Nacional Electoral (INE)\u00a0y el Tribunal Electoral, que han\u00a0sido\u00a0fundamentales\u00a0para que el sistema democr\u00e1tico prevalezca y se respete en nuestro pa\u00eds, resultando de ello la alternancia en el Poder Ejecutivo y la llegada de la actual administraci\u00f3n, que hoy se dedica a atacarlo con la intenci\u00f3n de imponer un r\u00e9gimen dictatorial.<\/p>\n<p>En el mismo sentido,\u00a0dijo Moreira,\u00a0se ha alzado la voz por otras instituciones como el Instituto Nacional de Transparencia, Acceso a la Informaci\u00f3n y Protecci\u00f3n de Datos Personales (INAI), que permite transparentar la gesti\u00f3n p\u00fablica y la rendici\u00f3n de cuentas del gobierno a la sociedad.<\/p>\n<p>En cuanto al tema\u00a0de la\u00a0Guardia Nacional\u00a0\u2014que AMLO desea militarizar\u2014\u00a0el GPPRI ha advertido que en materia de seguridad hay una crisis terrible por falta de administraci\u00f3n y de reglas para los recursos humanos de dicho cuerpo policiaco, que deber\u00eda discutirse, pero ante la polarizaci\u00f3n y cerraz\u00f3n de Morena es imposible.<\/p>\n<p>Por ello, los diputados federales priistas consideran que\u00a0es pertinente\u00a0una breve pausa para hacer cambios a la Constituci\u00f3n, ya que cuando el partido oficialista no escucha, ni debate, ni incluye opiniones, no hay otra salida que evitar la p\u00e9rdida de tiempo y trabajar en otros temas que son de gran inter\u00e9s y necesidad para M\u00e9xico.<\/p>\n<p>Por su parte, el coordinador de los diputados federales del PAN, Jorge Romero, al responder a las cr\u00edticas presidenciales, sostuvo de manera\u00a0tajante que nadie nunca ha dicho que vayan a dejar de legislar.<\/p>\n<p>\u201cHay que dejar muy claras las cosas. Nadie piensa dejar de legislar. Lo que dejamos muy en claro es que esas reformas, esas que tanto cantaron, constitucionales, que eran la el\u00e9ctrica, que ya se cay\u00f3; la electoral; y la de la Guardia Nacional; que la primera supone b\u00e1sicamente la materializaci\u00f3n del pique que se trae este gobierno contra el INE, ya no se diga contra las Oples; y la de la Guardia Nacional que es la que pretende militarizar las funciones de la seguridad p\u00fablica; esas son las que, no es que no vayamos a legislar, nos vamos a comisiones, dictaminamos, nom\u00e1s que la vamos a votar en contra. Nunca hemos dicho que no vamos a trabajar, precis\u00f3 el legislador del partido blanquiazul.<\/p>\n<p>Adem\u00e1s,\u00a0record\u00f3 que\u00a0se legisla en periodos ordinarios o extraordinarios,\u00a0pero\u00a0ahora mismo el Congreso est\u00e1 en receso.<\/p>\n<p>El\u00a0l\u00edder del PAN, Marko Cort\u00e9s, ret\u00f3 al presidente Andr\u00e9s Manuel L\u00f3pez Obrador y a la bancada de Morena en el Congreso de la Uni\u00f3n a que aprueben las iniciativas de su partido que mantienen en la \u201ccongeladora\u201d.<\/p>\n<p>El dirigente\u00a0albiazul public\u00f3 un video en el que promueve la agenda panista y condena la administraci\u00f3n de L\u00f3pez Obrador, motivo por el cual insisti\u00f3 en que el Legislativo federal deber\u00eda de operar bajo los objetivos del PAN en vez de continuar con la agenda planteada por la mayor\u00eda\u00a0oficialista.\u00a0Asimismo, ret\u00f3 al Presidente que se ponga a trabajar,\u00a0pues, seg\u00fan \u00e9l, M\u00e9xico se encuentra peor en materia de seguridad, salud y econom\u00eda.<\/p>\n<p>Con su anuncio de \u201cmoratoria constitucional\u201d, PRI, PAN y PRD pretenden frenar no s\u00f3lo reformas constitucionales presentadas por el presidente L\u00f3pez Obrador, sino tambi\u00e9n las de Morena, que se refieren a cambios de trascendencia para los mexicanos y el pa\u00eds,\u00a0respondieron los diputados Aleida Alavez y Leonel Godoy y el senador C\u00e9sar Cravioto.<\/p>\n<p>\u201cLa mal llamada moratoria que tratan de imponer los dirigentes de los partidos de la alianza Va por M\u00e9xico, luego de su derrota en el proceso electoral del pasado 5 de junio, viola disposiciones constitucionales y el compromiso de legislar a favor de la ciudadan\u00eda\u201d, recalc\u00f3 la diputada Morenista Alavez.<\/p>\n<p>El ex priista y ahora \u201cmoreno\u201d Leonel Godoy\u00a0resalt\u00f3 que no considera que esa decisi\u00f3n ilegal y antidemocr\u00e1tica, que en forma cupular tomaron los \u201cl\u00edderes corruptos de los tres partidos, Marko Cort\u00e9s, Alejandro Moreno, \u201cAlito\u201d y Jes\u00fas Zambrano, respectivamente tenga \u00e9xito.<\/p>\n<p>Los ciudadanos se los volver\u00e1n a cobrar en las urnas, como pas\u00f3 el pasado 5 de junio, en que perdieron cuatro de las seis gubernaturas en disputa, por su decisi\u00f3n de frenar la reforma el\u00e9ctrica,\u00a0dijo el senador\u00a0C\u00e9sar Cravioto.<\/p>\n<p><em><a href=\"mailto:riparcangel@hotmail.com\" target=\"_blank\" rel=\"noopener noreferrer\">riparcangel@hotmail.com<\/a><\/em><\/p>\n","protected":false},"excerpt":{"rendered":"<p><span style=\"color: #005497;\"><strong>Miguel \u00c1ngel Rivera<\/strong><\/span<\/span><\/p>\n","protected":false},"author":3,"featured_media":0,"comment_status":"open","ping_status":"open","sticky":false,"template":"","format":"standard","meta":{"_monsterinsights_skip_tracking":false,"_monsterinsights_sitenote_active":false,"_monsterinsights_sitenote_note":"","_monsterinsights_sitenote_category":0,"footnotes":""},"categories":[84119],"tags":[84120,84121,43674],"class_list":["post-550562","post","type-post","status-publish","format-standard","hentry","category-miguel-angel-rivera","tag-clase-politica","tag-miguel-angel-rivera","tag-opinion"],"_links":{"self":[{"href":"https:\/\/www.diarioimagen.net\/index.php?rest_route=\/wp\/v2\/posts\/550562","targetHints":{"allow":["GET"]}}],"collection":[{"href":"https:\/\/www.diarioimagen.net\/index.php?rest_route=\/wp\/v2\/posts"}],"about":[{"href":"https:\/\/www.diarioimagen.net\/index.php?rest_route=\/wp\/v2\/types\/post"}],"author":[{"embeddable":true,"href":"https:\/\/www.diarioimagen.net\/index.php?rest_route=\/wp\/v2\/users\/3"}],"replies":[{"embeddable":true,"href":"https:\/\/www.diarioimagen.net\/index.php?rest_route=%2Fwp%2Fv2%2Fcomments&post=550562"}],"version-history":[{"count":0,"href":"https:\/\/www.diarioimagen.net\/index.php?rest_route=\/wp\/v2\/posts\/550562\/revisions"}],"wp:attachment":[{"href":"https:\/\/www.diarioimagen.net\/index.php?rest_route=%2Fwp%2Fv2%2Fmedia&parent=550562"}],"wp:term":[{"taxonomy":"category","embeddable":true,"href":"https:\/\/www.diarioimagen.net\/index.php?rest_route=%2Fwp%2Fv2%2Fcategories&post=550562"},{"taxonomy":"post_tag","embeddable":true,"href":"https:\/\/www.diarioimagen.net\/index.php?rest_route=%2Fwp%2Fv2%2Ftags&post=550562"}],"curies":[{"name":"wp","href":"https:\/\/api.w.org\/{rel}","templated":true}]}}