{"id":550633,"date":"2022-06-21T00:03:14","date_gmt":"2022-06-21T05:03:14","guid":{"rendered":"https:\/\/www.diarioimagen.net\/?p=550633"},"modified":"2022-06-21T22:49:32","modified_gmt":"2022-06-22T03:49:32","slug":"firman-convenio-conatrib-y-poder-judicial-de-oaxaca-se-ofrece-maestria-de-la-universidad-de-perugia","status":"publish","type":"post","link":"https:\/\/www.diarioimagen.net\/?p=550633","title":{"rendered":"Firman convenio Conatrib y Poder Judicial de Oaxaca; se ofrece maestr\u00eda de la Universidad de Perugia"},"content":{"rendered":"<p>&nbsp;<\/p>\n<ul>\n<li><strong><em>Los presidentes de ambas instancias, mag. Rafael Guerra \u00c1lvarez, y mag. Eduardo Pinacho S\u00e1nchez, respectivamente, signaron el documento<\/em><\/strong><\/li>\n<\/ul>\n<p>&nbsp;<\/p>\n<div id=\"attachment_550718\" style=\"width: 470px\" class=\"wp-caption aligncenter\"><img loading=\"lazy\" decoding=\"async\" aria-describedby=\"caption-attachment-550718\" class=\"size-full wp-image-550718\" src=\"https:\/\/www.diarioimagen.net\/wp-content\/uploads\/2022\/06\/Tribunal.jpg\" alt=\"\" width=\"460\" height=\"270\" \/><p id=\"caption-attachment-550718\" class=\"wp-caption-text\">El titular del Poder Judicial de Oaxaca, mag. Eduardo Pinacho S\u00e1nchez, firm\u00f3, adem\u00e1s, acuerdos con representantes de la Escuela Libre de Derecho y del Instituto Nacional de Estudios Superiores en Derecho Penal.<\/p><\/div>\n<p>&nbsp;<\/p>\n<p>La Comisi\u00f3n Nacional de Tribunales Superiores de Justicia de los Estados Unidos Mexicanos (Conatrib) y el Poder Judicial del Estado de Oaxaca signaron un convenio de colaboraci\u00f3n en materia de capacitaci\u00f3n, de cuya oferta acad\u00e9mica se destaca una maestr\u00eda en derecho judicial impartida por una de las universidades m\u00e1s antiguas del mundo, la de Perugia, Italia.<\/p>\n<p>En la firma del documento, el presidente de la Conatrib, magistrado Rafael Guerra \u00c1lvarez, acompa\u00f1ado por el presidente del Tribunal Superior del Estado de Oaxaca, magistrado Eduardo Pinacho S\u00e1nchez, destac\u00f3 que con el acuerdo se establecen tambi\u00e9n bases y mecanismos de operaci\u00f3n para desarrollar colaboraciones acad\u00e9micas de inter\u00e9s mutuo.<\/p>\n<p>El magistrado Pinacho S\u00e1nchez, a su vez, afirm\u00f3 que para el Poder Judicial del Estado de Oaxaca los acuerdos firmados representan una alianza estrat\u00e9gica con la que se pretende la divulgaci\u00f3n de conocimiento jur\u00eddico y la formaci\u00f3n y profesionalizaci\u00f3n de operadores judiciales de depurada t\u00e9cnica, como condici\u00f3n indispensable para contar con jueces profesionales, cultos y modernos.<\/p>\n<p>Guerra \u00c1lvarez, en tanto, luego de destacar que la Universidad de Perugia data del a\u00f1o 1308, la cual aportar\u00e1 su prestigio internacional, solvencia t\u00e9cnica y cultural, detall\u00f3 que la colaboraci\u00f3n, a partir del convenio, se centrar\u00e1 en actividades de docencia, investigaci\u00f3n, publicaciones, difusi\u00f3n de la cultura jur\u00eddica y de promoci\u00f3n de la maestr\u00eda en derecho judicial.<\/p>\n<p>Esto, abund\u00f3 el tambi\u00e9n presidente del Poder Judicial de la Ciudad de M\u00e9xico, abre adem\u00e1s el espectro para crear programas, realizar ediciones, coediciones, exposiciones, simposios, seminarios, cursos y talleres.<\/p>\n<p>\u201cEs por ello que, como presidente de la Comisi\u00f3n Nacional de Tribunales Superiores de Justicia de los Estados Unidos Mexicanos recib\u00ed con agrado, al igual que todos los integrantes, un ofrecimiento de alto nivel acad\u00e9mico\u201d, coment\u00f3.<\/p>\n<p>Guerra \u00c1lvarez se refiri\u00f3 a la presencia de presidentes y presidentas de los tribunales superiores de justicia de todo el pa\u00eds, ya que dijo que ello permite tener la esperanza real de consumar los objetivos planteados en el convenio de colaboraci\u00f3n y aprovechar sus recursos para futuras generaciones.<\/p>\n<p>Por su parte, el magistrado Pinacho S\u00e1nchez dijo que para la firma de convenios con el Poder Judicial que encabeza se convoc\u00f3 a instituciones de prestigio de distinta naturaleza, pero arm\u00f3nicas y complementarias porque son pilares de la cultura jur\u00eddica en el pa\u00eds.<\/p>\n<p>En las cl\u00e1usulas del convenio se se\u00f1ala que ambas instancias se comprometen a realizar las acciones y tr\u00e1mites administrativos y normativos tendentes a apoyar los programas y acciones que se implementen, para dar cumplimiento a los objetivos del acuerdo.<\/p>\n<p>En ese marco, y con la presencia de la presidenta de la Mesa Directiva del Congreso de Oaxaca, diputada Mariana Ben\u00edtez Tiburcio, el magistrado Pinacho S\u00e1nchez sign\u00f3 acuerdos de colaboraci\u00f3n con los representantes de la Escuela Libre de Derecho y del Instituto Nacional de Estudios Superiores en Derecho Penal, Mario \u00c1lvarez Ledesma y Jos\u00e9 Luis Salazar Ayala, respectivamente.<\/p>\n","protected":false},"excerpt":{"rendered":"<p>La Comisi\u00f3n Nacional de Tribunales Superiores de Justicia de los Estados Unidos Mexicanos (Conatrib) y el Poder Judicial del Estado de Oaxaca signaron un convenio de colaboraci\u00f3n en materia de capacitaci\u00f3n, de cuya oferta acad\u00e9mica se destaca una maestr\u00eda en derecho judicial impartida por una de las universidades m\u00e1s antiguas del mundo, la de Perugia, Italia.<\/p>\n","protected":false},"author":3,"featured_media":550718,"comment_status":"open","ping_status":"open","sticky":false,"template":"","format":"standard","meta":{"_monsterinsights_skip_tracking":false,"_monsterinsights_sitenote_active":false,"_monsterinsights_sitenote_note":"","_monsterinsights_sitenote_category":0,"footnotes":""},"categories":[6],"tags":[46371,87648,79994,95774],"class_list":["post-550633","post","type-post","status-publish","format-standard","has-post-thumbnail","hentry","category-cd-de-mexico","tag-acuerdo","tag-firman","tag-rafael-guerra-alvarez","tag-universidad-de-perugia"],"_links":{"self":[{"href":"https:\/\/www.diarioimagen.net\/index.php?rest_route=\/wp\/v2\/posts\/550633","targetHints":{"allow":["GET"]}}],"collection":[{"href":"https:\/\/www.diarioimagen.net\/index.php?rest_route=\/wp\/v2\/posts"}],"about":[{"href":"https:\/\/www.diarioimagen.net\/index.php?rest_route=\/wp\/v2\/types\/post"}],"author":[{"embeddable":true,"href":"https:\/\/www.diarioimagen.net\/index.php?rest_route=\/wp\/v2\/users\/3"}],"replies":[{"embeddable":true,"href":"https:\/\/www.diarioimagen.net\/index.php?rest_route=%2Fwp%2Fv2%2Fcomments&post=550633"}],"version-history":[{"count":0,"href":"https:\/\/www.diarioimagen.net\/index.php?rest_route=\/wp\/v2\/posts\/550633\/revisions"}],"wp:featuredmedia":[{"embeddable":true,"href":"https:\/\/www.diarioimagen.net\/index.php?rest_route=\/wp\/v2\/media\/550718"}],"wp:attachment":[{"href":"https:\/\/www.diarioimagen.net\/index.php?rest_route=%2Fwp%2Fv2%2Fmedia&parent=550633"}],"wp:term":[{"taxonomy":"category","embeddable":true,"href":"https:\/\/www.diarioimagen.net\/index.php?rest_route=%2Fwp%2Fv2%2Fcategories&post=550633"},{"taxonomy":"post_tag","embeddable":true,"href":"https:\/\/www.diarioimagen.net\/index.php?rest_route=%2Fwp%2Fv2%2Ftags&post=550633"}],"curies":[{"name":"wp","href":"https:\/\/api.w.org\/{rel}","templated":true}]}}