{"id":550644,"date":"2022-06-21T00:01:37","date_gmt":"2022-06-21T05:01:37","guid":{"rendered":"https:\/\/www.diarioimagen.net\/?p=550644"},"modified":"2022-06-21T22:31:04","modified_gmt":"2022-06-22T03:31:04","slug":"lopez-obrador-descarta-desabasto-de-alimentos-en-mexico-por-alta-inflacion","status":"publish","type":"post","link":"https:\/\/www.diarioimagen.net\/?p=550644","title":{"rendered":"L\u00f3pez Obrador descarta desabasto de alimentos en M\u00e9xico por alta inflaci\u00f3n"},"content":{"rendered":"<p>&nbsp;<\/p>\n<ul>\n<li><strong><em>Dice que hay acciones adicionales para reducir precios<\/em><\/strong><\/li>\n<\/ul>\n<p>&nbsp;<\/p>\n<div id=\"attachment_550723\" style=\"width: 470px\" class=\"wp-caption aligncenter\"><img loading=\"lazy\" decoding=\"async\" aria-describedby=\"caption-attachment-550723\" class=\"size-full wp-image-550723\" src=\"https:\/\/www.diarioimagen.net\/wp-content\/uploads\/2022\/06\/alimentos.jpg\" alt=\"\" width=\"460\" height=\"270\" \/><p id=\"caption-attachment-550723\" class=\"wp-caption-text\">Andr\u00e9s Manuel L\u00f3pez Obrador descart\u00f3 desabasto de alimentos en el pa\u00eds, pese a la escalada de la inflaci\u00f3n, provocada por diversos factores.<\/p><\/div>\n<p>&nbsp;<\/p>\n<p>Pese a la escalada de la inflaci\u00f3n, el presidente Andr\u00e9s Manuel L\u00f3pez Obrador descart\u00f3 desabasto de alimentos en el pa\u00eds y adelant\u00f3 que su gobierno trabaja en otras acciones adicionales orientadas a reducir los precios de los alimentos.<\/p>\n<p>En ma\u00f1anera de Palacio Nacional, L\u00f3pez Obrador asegur\u00f3 que se tienen alimentos en el pa\u00eds y anunci\u00f3 que visitar\u00e1 las plantas de fertilizantes del gobierno para acelerar la producci\u00f3n para incrementar la producci\u00f3n de alimentos.<\/p>\n<p>\u201cEstamos atendiendo el tema del abasto de\u00a0 alimentos, no hay problema, tenemos alimentos en el pa\u00eds, y tenemos mercanc\u00edas suficientes\u201d, dijo.<\/p>\n<p>L\u00f3pez Obrador se\u00f1al\u00f3 que los productores, distribuidores y comerciantes han cumplido el acuerdo con el gobierno federal de mantener los precios de una canasta b\u00e1sica.<\/p>\n<p>\u201cHay un control de precios en alimentos. En el caso de los energ\u00e9ticos no hay ning\u00fan problema en cuanto al abasto y en cuanto al precio. Les dir\u00eda que se van a mantener los precios de las gasolinas, del gas, del diesel y la luz, ya tomamos esa decisi\u00f3n\u201d.<\/p>\n<p>Sobre los alimentos, el presidente L\u00f3pez Obrador refiri\u00f3 que su gobierno realiza acciones, como el acuerdo con productores, distribuidores y comerciantes de alimentos.<\/p>\n<p>\u201cDesde que se tom\u00f3 el acuerdo se ha respetado y hemos logrado buenos resultados\u201d, subray\u00f3.<\/p>\n<p>A\u00f1adi\u00f3 que este a\u00f1o, su gobierno se propuso beneficiar a 800 mil productores con fertilizantes gratuitos: \u201cVoy a hacer una gira por las plantas de fertilizantes que heredamos en muy mal estado porque son las plantas de la corrupci\u00f3n, entonces las estamos reparando y voy a estar en Cosoleacaque, Coatzacoalcos y L\u00e1zaro C\u00e1rdenas; s\u00f3lo en las plantas porque vamos a incrementar la producci\u00f3n de fertilizante para producir m\u00e1s alimentos\u201d.<\/p>\n<p>Indic\u00f3 que se quitaron los aranceles para importar alimentos de todo el mundo.<\/p>\n<p style=\"text-align: center;\"><strong>Con triunfo de Petro en Colombia avanza<br \/>\nplan para una uni\u00f3n americana: AMLO<\/strong><\/p>\n<p>En otro tema, L\u00f3pez Obrador afirm\u00f3 que el triunfo de Gustavo Petro, en Colombia, coincidi\u00f3 con la importancia de buscar la integraci\u00f3n de todos los pa\u00edses del continente americano, para as\u00ed formar una uni\u00f3n americana, similar a la Uni\u00f3n Europea (UE)<\/p>\n<p>El mandatario federal destac\u00f3 que en su llamada telef\u00f3nica con el izquierdista colombiano el domingo, \u00e9ste respald\u00f3 el planteamiento de M\u00e9xico para que las naciones del continente, sin exclusiones, trabajen de manera conjunta y con respecto a las autonom\u00edas y soberan\u00edas.<\/p>\n<p>Coincidimos en que debe buscarse la integraci\u00f3n de todo el continente, incluir a Estados Unidos y Canad\u00e1, una integraci\u00f3n de toda Am\u00e9rica para conformar una regi\u00f3n en el mundo -que podamos complementarnos con recursos naturales, fuerza de trabajo, tecnolog\u00eda, mercados- todos juntos con respeto a autonom\u00edas y soberan\u00eda de los pueblos como fue la comunidad europea que luego se convirti\u00f3 en Uni\u00f3n Europea\u201d, coment\u00f3 L\u00f3pez Obrador.<\/p>\n<p>Reiter\u00f3 que se continuar\u00e1 insistiendo en formar esta uni\u00f3n americana, por lo que llam\u00f3 a que haya voluntad para evitar las exclusiones.<\/p>\n<p>El titular del Ejecutivo federal dijo estar contento por el avance que ha tenido el \u201cmovimiento progresista\u201d en la regi\u00f3n a partir de su llegada a la presidencia de M\u00e9xico.<\/p>\n<p>Indic\u00f3 que en 2018 eran pocas las naciones con gobiernos progresistas; no obstante, a partir del inicio de la Cuarta Transformaci\u00f3n en M\u00e9xico comenzaron a haber triunfos electorales importantes en Am\u00e9rica, como en Chile, Argentina y ahora Colombia.<\/p>\n<p>\u201cYo estoy contento, porque nosotros iniciamos una nueva etapa en el resurgimiento de los movimientos democr\u00e1ticos con dimensi\u00f3n social en nuestra Am\u00e9rica; es decir, en Am\u00e9rica Latina y el Caribe\u201d, sostuvo.<\/p>\n<p style=\"text-align: center;\"><strong>Nadie puede probar que tenga v\u00ednculos<br \/>\ncon el \u201cnarco\u201d, asegura el Presidente<\/strong><\/p>\n<p>L\u00f3pez Obrador tambi\u00e9n asegur\u00f3 que nadie puede probar nada de su supuesta relaci\u00f3n con el crimen organizado y que todo es una campa\u00f1a del conservadurismo.<\/p>\n<p>\u201cEl otro d\u00eda estaba viendo un estudio, sobre c\u00f3mo empezaban a manejar de que el gobierno, yo, ten\u00eda v\u00ednculos con el crimen organizado. No pueden probar nada,\u00a0 porque sencillamente tenemos principios, tenemos ideales\u201d, dijo L\u00f3pez Obrador.<\/p>\n<p>Durante su conferencia de prensa el Palacio Nacional, el titular del Ejecutivo federal recalc\u00f3 que lo m\u00e1s importante en su vida es la honestidad.<\/p>\n<p>\u201cLo que estimo m\u00e1s importante en mi vida es la honestidad. Pero no hay ninguna prueba, pero lo interesante de este estudio, es que le dio seguimiento al movimiento de las cuentas en redes sociales y fue una campa\u00f1a que se ech\u00f3 a andar en ese sentido\u201d, se\u00f1al\u00f3.<\/p>\n<p>De acuerdo con el Presidente, es posible que estas campa\u00f1as se manejan desde el extranjero.<\/p>\n<p>\u201cPrimero en las redes sociales y luego la repetici\u00f3n de los expertos del conservadurismo, los voceros. Es posible que esto se maneje desde el extranjero\u201d, puntualiz\u00f3.<\/p>\n<p>L\u00f3pez Obrador destac\u00f3 que en su gobierno lo importante es que se marque bien la diferencia entre autoridades y la delincuencia o el crimen organizado.<\/p>\n<p>\u201cSi hay diferencias y vamos a seguir as\u00ed. Lo importante es que no se permita el contubernio, que no se asocie la autoridad con la delincuencia. Que se marque bien la raya, una cosa es la autoridad otra cosa es la delincuencia\u201d, asegur\u00f3 el mandatario.<\/p>\n<p>\u201cCuando se da una relaci\u00f3n estrecha por corrupci\u00f3n, si hay contubernio, pues ya no se avanza. Eso no existe en el gobierno, tan no existe, que para atacarnos inventan\u201d, enfatiz\u00f3.<\/p>\n","protected":false},"excerpt":{"rendered":"<p>Pese a la escalada de la inflaci\u00f3n, el presidente Andr\u00e9s Manuel L\u00f3pez Obrador descart\u00f3 desabasto de alimentos en el pa\u00eds y adelant\u00f3 que su gobierno trabaja en otras acciones adicionales orientadas a reducir los precios de los alimentos.<\/p>\n","protected":false},"author":3,"featured_media":550723,"comment_status":"open","ping_status":"open","sticky":false,"template":"","format":"standard","meta":{"_monsterinsights_skip_tracking":false,"_monsterinsights_sitenote_active":false,"_monsterinsights_sitenote_note":"","_monsterinsights_sitenote_category":0,"footnotes":""},"categories":[8],"tags":[126,50325,43678,932,44],"class_list":["post-550644","post","type-post","status-publish","format-standard","has-post-thumbnail","hentry","category-finanzas","tag-alimentos","tag-desabasto","tag-finanzas","tag-inflacion","tag-mexico"],"_links":{"self":[{"href":"https:\/\/www.diarioimagen.net\/index.php?rest_route=\/wp\/v2\/posts\/550644","targetHints":{"allow":["GET"]}}],"collection":[{"href":"https:\/\/www.diarioimagen.net\/index.php?rest_route=\/wp\/v2\/posts"}],"about":[{"href":"https:\/\/www.diarioimagen.net\/index.php?rest_route=\/wp\/v2\/types\/post"}],"author":[{"embeddable":true,"href":"https:\/\/www.diarioimagen.net\/index.php?rest_route=\/wp\/v2\/users\/3"}],"replies":[{"embeddable":true,"href":"https:\/\/www.diarioimagen.net\/index.php?rest_route=%2Fwp%2Fv2%2Fcomments&post=550644"}],"version-history":[{"count":0,"href":"https:\/\/www.diarioimagen.net\/index.php?rest_route=\/wp\/v2\/posts\/550644\/revisions"}],"wp:featuredmedia":[{"embeddable":true,"href":"https:\/\/www.diarioimagen.net\/index.php?rest_route=\/wp\/v2\/media\/550723"}],"wp:attachment":[{"href":"https:\/\/www.diarioimagen.net\/index.php?rest_route=%2Fwp%2Fv2%2Fmedia&parent=550644"}],"wp:term":[{"taxonomy":"category","embeddable":true,"href":"https:\/\/www.diarioimagen.net\/index.php?rest_route=%2Fwp%2Fv2%2Fcategories&post=550644"},{"taxonomy":"post_tag","embeddable":true,"href":"https:\/\/www.diarioimagen.net\/index.php?rest_route=%2Fwp%2Fv2%2Ftags&post=550644"}],"curies":[{"name":"wp","href":"https:\/\/api.w.org\/{rel}","templated":true}]}}