{"id":550653,"date":"2022-06-21T00:01:36","date_gmt":"2022-06-21T05:01:36","guid":{"rendered":"https:\/\/www.diarioimagen.net\/?p=550653"},"modified":"2022-06-21T01:42:52","modified_gmt":"2022-06-21T06:42:52","slug":"con-el-pri-o-sin-el-accion-nacional-buscara-la-gubernatura-de-edomex-vargas-del-villar","status":"publish","type":"post","link":"https:\/\/www.diarioimagen.net\/?p=550653","title":{"rendered":"Con el PRI o sin \u00e9l, Acci\u00f3n Nacional buscar\u00e1 la gubernatura de Edomex: Vargas del Villar"},"content":{"rendered":"<p>&nbsp;<\/p>\n<ul>\n<li><strong><em>Panistas le refrendan su apoyo<\/em><\/strong><\/li>\n<\/ul>\n<p>&nbsp;<\/p>\n<h6>Arturo Baena<\/h6>\n<p>&nbsp;<\/p>\n<div id=\"attachment_550732\" style=\"width: 470px\" class=\"wp-caption aligncenter\"><img loading=\"lazy\" decoding=\"async\" aria-describedby=\"caption-attachment-550732\" class=\"size-full wp-image-550732\" src=\"https:\/\/www.diarioimagen.net\/wp-content\/uploads\/2022\/06\/naucalpan-7.jpg\" alt=\"\" width=\"460\" height=\"270\" \/><p id=\"caption-attachment-550732\" class=\"wp-caption-text\">El diputado Enrique Vargas del Villar encabez\u00f3 la toma de protesta de la \u201cRed Vargas\u201d, coordinaci\u00f3n Naucalpan, acompa\u00f1ado por legisladores, regidores y simpatizantes.<\/p><\/div>\n<p>&nbsp;<\/p>\n<p><strong>Naucalpan, Estado de M\u00e9xico.\u2014<\/strong> El Coordinador del Grupo Parlamentario del Partido Acci\u00f3n Nacional (PAN) en el Congreso del Estado de M\u00e9xico, Enrique Vargas del Villar, fue contundente al emitir un mensaje dirigido al presidente del Comit\u00e9 Directivo Estatal del PRI, Eric Sevilla.<\/p>\n<p>\u201cNosotros estamos dispuestos a iniciar una mesa pol\u00edtica para discutir y ponernos de acuerdo para elegir a quien encabece la alianza por la gubernatura mexiquense, pero si los priistas no quieren, Acci\u00f3n Nacional ir\u00eda solo con su militancia y estructura\u201d, afirm\u00f3.<\/p>\n<p>As\u00ed lo manifest\u00f3, el dos veces ex alcalde de Huixquilucan, al encabezar el acto de toma de protesta de la \u201c Red Vargas\u201d, coordinaci\u00f3n Naucalpan, acompa\u00f1ado por diputadas y diputados federales, regidores, dirigentes y miles de mujeres y hombres que se aglutinaron en el \u201cWord Trade Center\u201d mexiquense, para quienes ya representa el candidato id\u00f3neo para ganar la pr\u00f3xima gubernatura estatal y no permitir que pase morena: Enrique Vargas Del Villar.<\/p>\n<p>Ah\u00ed, panistas de todo el municipio, refrendaron su apoyo para que Vargas del Villar sea quien encabece la alianza entre el PRI y PRD a la gubernatura mexiquense.<\/p>\n<p>\u201cNo tenemos duda de que el diputado Enrique Vargas es un hombre con amplia trayectoria y experiencia pol\u00edtica para cerrar el paso al Morena en los procesos del 2023 es \u00e9l el hombre que necesita el Estado de M\u00e9xico\u201d, asegur\u00f3 la regidora \u00darsula Cort\u00e9s.<\/p>\n<p>Por su parte el ex presidente del CDE del PAN y actual diputado federal, Jorge Inzunza Armas, destac\u00f3 que \u201c se debe de entender que en estos momentos, Enrique Vargas del Villar, es la \u00fanica persona que garantiza el triunfo de la alianza y nadie m\u00e1s\u201d.<\/p>\n","protected":false},"excerpt":{"rendered":"<p>El Coordinador del Grupo Parlamentario del Partido Acci\u00f3n Nacional (PAN) en el Congreso del Estado de M\u00e9xico, Enrique Vargas del Villar, fue contundente al emitir un mensaje dirigido al presidente del Comit\u00e9 Directivo Estatal del PRI, Eric Sevilla.<\/p>\n","protected":false},"author":3,"featured_media":550732,"comment_status":"open","ping_status":"open","sticky":false,"template":"","format":"standard","meta":{"_monsterinsights_skip_tracking":false,"_monsterinsights_sitenote_active":false,"_monsterinsights_sitenote_note":"","_monsterinsights_sitenote_category":0,"footnotes":""},"categories":[5],"tags":[47218,43675,970],"class_list":["post-550653","post","type-post","status-publish","format-standard","has-post-thumbnail","hentry","category-estado-de-mexico","tag-enrique-vargas-del-villar","tag-estado-de-mexico","tag-naucalpan"],"_links":{"self":[{"href":"https:\/\/www.diarioimagen.net\/index.php?rest_route=\/wp\/v2\/posts\/550653","targetHints":{"allow":["GET"]}}],"collection":[{"href":"https:\/\/www.diarioimagen.net\/index.php?rest_route=\/wp\/v2\/posts"}],"about":[{"href":"https:\/\/www.diarioimagen.net\/index.php?rest_route=\/wp\/v2\/types\/post"}],"author":[{"embeddable":true,"href":"https:\/\/www.diarioimagen.net\/index.php?rest_route=\/wp\/v2\/users\/3"}],"replies":[{"embeddable":true,"href":"https:\/\/www.diarioimagen.net\/index.php?rest_route=%2Fwp%2Fv2%2Fcomments&post=550653"}],"version-history":[{"count":0,"href":"https:\/\/www.diarioimagen.net\/index.php?rest_route=\/wp\/v2\/posts\/550653\/revisions"}],"wp:featuredmedia":[{"embeddable":true,"href":"https:\/\/www.diarioimagen.net\/index.php?rest_route=\/wp\/v2\/media\/550732"}],"wp:attachment":[{"href":"https:\/\/www.diarioimagen.net\/index.php?rest_route=%2Fwp%2Fv2%2Fmedia&parent=550653"}],"wp:term":[{"taxonomy":"category","embeddable":true,"href":"https:\/\/www.diarioimagen.net\/index.php?rest_route=%2Fwp%2Fv2%2Fcategories&post=550653"},{"taxonomy":"post_tag","embeddable":true,"href":"https:\/\/www.diarioimagen.net\/index.php?rest_route=%2Fwp%2Fv2%2Ftags&post=550653"}],"curies":[{"name":"wp","href":"https:\/\/api.w.org\/{rel}","templated":true}]}}