{"id":550676,"date":"2022-06-21T00:04:18","date_gmt":"2022-06-21T05:04:18","guid":{"rendered":"https:\/\/www.diarioimagen.net\/?p=550676"},"modified":"2022-06-21T00:36:13","modified_gmt":"2022-06-21T05:36:13","slug":"petro-victoria-democratica","status":"publish","type":"post","link":"https:\/\/www.diarioimagen.net\/?p=550676","title":{"rendered":"Petro, victoria democr\u00e1tica"},"content":{"rendered":"<h2>Desde el portal<\/h2>\n<h5>\u00c1ngel Soriano<\/h5>\n<p>&nbsp;<\/p>\n<p>Gustavo Petro dej\u00f3 atr\u00e1s la guerrilla y en la lucha civilizada por el poder llega a la Presidencia de Colombia en un hist\u00f3rico triunfo que demuestra que la v\u00eda armada, en la actualidad, no es la mejor v\u00eda para encabezar las luchas sociales y la reivindicaci\u00f3n de los sectores marginados por las camarillas que siempre han detentado el poder.<\/p>\n<p>Protagonista, en su tiempo, de la lucha armada que se enraiz\u00f3 en su pa\u00eds y en muchos otros de la regi\u00f3n, Petro intent\u00f3 en dos ocasiones m\u00e1s llegar a la Presidencia hasta en esta que es la definitiva lo cual representa un avance democr\u00e1tico para la regi\u00f3n y el fin de los cacicazgos regionales o nativos en las naciones donde prevalece la desigualdad.<\/p>\n<p>Identificado con la l\u00ednea del presidente L\u00f3pez Obrador, Petro se\u00f1al\u00f3 que es la hora de suprimir las desigualdades para dar paso a las oportunidades en educaci\u00f3n, salud, empleo e ingresos que mejoren la vida de los colombianos marginados que, al igual que el resto de la regi\u00f3n, goza de inmensos recursos naturales que deben ser explotados equitativamente.<\/p>\n<p>Se trata de un gran paso, tanto para la lucha democr\u00e1tica por el poder, como el dejar atr\u00e1s las armas para liberarse de la opresi\u00f3n y falta tambi\u00e9n hacer cumplir las promesas a los electores, para que se complemente la ruta hist\u00f3rica de las naciones en busca de la igualdad y de la justicia en bien de todos, en igualdad de oportunidades.<\/p>\n<p style=\"text-align: center;\"><strong>Turbulencias<br \/>\nArranca la precampa\u00f1a de Ebrard<\/strong><\/p>\n<p>\u00a0En Guadalajara, el canciller Marcelo Ebrard arranc\u00f3 su precampa\u00f1a en busca de la candidatura de Morena a la Presidencia de la Rep\u00fablica, en lo que puede anunciarse como el fin del tapadismo y el inicio de una nueva temporada en la lucha electoral por el m\u00e1ximo cargo del pa\u00eds y de los de elecci\u00f3n popular en su conjunto. Desde luego que junto con Claudia Sheinbaum y Ad\u00e1n Augusto L\u00f3pez Hern\u00e1ndez, el canciller forma parte del tr\u00edo que va por la sucesi\u00f3n del presidente L\u00f3pez Obrador, aunque falta todav\u00eda m\u00e1s de un a\u00f1o para la salida oficial del candidato. Habr\u00e1 que ver si la oposici\u00f3n se reagrupa y surge alguna figura capaz de enfrentar la maquinaria morenista\u2026 La alcaldesa en la Cuauht\u00e9moc, Sandra Cuevas, anunci\u00f3 la suspensi\u00f3n de reuniones masivas en la demarcaci\u00f3n y el reparto de cubrebocas en espacios p\u00fablicos, ante el incremento de los casos de covid-19 que, contrario a los que muchos afirman, no ha desaparecido, aunque s\u00ed se ha avanzado en su combate. Se puede decir que para esta quinta ola, la humanidad en su conjunta est\u00e1 m\u00e1s protegida y se cuenta con m\u00e1s mecanismos de defensa, pero el virus sigue siendo peligroso. Las autoridades sanitarias recomiendan seguir todos los protocolos de protecci\u00f3n\u2026 El problema del agua va en aumento y aunque se han tomado medidas de mitigaci\u00f3n, lo cierto es que es m\u00e1s grave de lo que se imaginan, no de ahora, sino de d\u00e9cadas atr\u00e1s, sin que se hayan tomado medidas de largo plazo, las cuales deben realizarse ahora\u2026 En Oaxaca, el alcalde Francisco Mart\u00ednez Neri presidi\u00f3 un homenaje al emblem\u00e1tico Laurel de la India que resalt\u00f3 la belleza del Centro Hist\u00f3rico durante 130 a\u00f1os. La indolencia oficial lo ech\u00f3 abajo porque se paviment\u00f3 su espacio natural, se permitieron las reuniones masivas en torno a su ra\u00edz y el paso peatonal y de veh\u00edculos pesados fueron mermando la vida de tan valioso ejemplar. Ya ca\u00eddo, la sociedad y las autoridades se lamentan, pero habr\u00e1 que esperar otros cien a\u00f1os para que otro ejemplar embellezca el sitio. Y los oaxaque\u00f1os se preguntan hasta cuando m\u00e1s se tolerar\u00e1 el comercio ambulante en la zona que ese s\u00ed ya ech\u00f3 ra\u00edces por otro siglo.<\/p>\n<p><u><a href=\"mailto:asorianocarrasco@yahoo.com\" target=\"_blank\" rel=\"noopener noreferrer\"><em>asorianocarrasco@yahoo.com<\/em><\/a><br \/>\n<em><a href=\"https:\/\/revistabrecha.com\" target=\"_blank\" rel=\"noopener noreferrer\">www.revistabrecha.com<\/a><br \/>\n<\/em><\/u><em>facebook oficial <a href=\"https:\/\/es-la.facebook.com\/RevistaBrecha.Oficial\" target=\"_blank\" rel=\"noopener\">@BrechaRevista<\/a><\/em><\/p>\n","protected":false},"excerpt":{"rendered":"<p><span style=\"color: #005497;\"><strong>\u00c1ngel Soriano<\/strong><\/span><\/p>\n","protected":false},"author":3,"featured_media":0,"comment_status":"open","ping_status":"open","sticky":false,"template":"","format":"standard","meta":{"_monsterinsights_skip_tracking":false,"_monsterinsights_sitenote_active":false,"_monsterinsights_sitenote_note":"","_monsterinsights_sitenote_category":0,"footnotes":""},"categories":[135],"tags":[85,86,43674],"class_list":["post-550676","post","type-post","status-publish","format-standard","hentry","category-angel-soriano-opinion","tag-angel-soriano","tag-desde-el-portal","tag-opinion"],"_links":{"self":[{"href":"https:\/\/www.diarioimagen.net\/index.php?rest_route=\/wp\/v2\/posts\/550676","targetHints":{"allow":["GET"]}}],"collection":[{"href":"https:\/\/www.diarioimagen.net\/index.php?rest_route=\/wp\/v2\/posts"}],"about":[{"href":"https:\/\/www.diarioimagen.net\/index.php?rest_route=\/wp\/v2\/types\/post"}],"author":[{"embeddable":true,"href":"https:\/\/www.diarioimagen.net\/index.php?rest_route=\/wp\/v2\/users\/3"}],"replies":[{"embeddable":true,"href":"https:\/\/www.diarioimagen.net\/index.php?rest_route=%2Fwp%2Fv2%2Fcomments&post=550676"}],"version-history":[{"count":0,"href":"https:\/\/www.diarioimagen.net\/index.php?rest_route=\/wp\/v2\/posts\/550676\/revisions"}],"wp:attachment":[{"href":"https:\/\/www.diarioimagen.net\/index.php?rest_route=%2Fwp%2Fv2%2Fmedia&parent=550676"}],"wp:term":[{"taxonomy":"category","embeddable":true,"href":"https:\/\/www.diarioimagen.net\/index.php?rest_route=%2Fwp%2Fv2%2Fcategories&post=550676"},{"taxonomy":"post_tag","embeddable":true,"href":"https:\/\/www.diarioimagen.net\/index.php?rest_route=%2Fwp%2Fv2%2Ftags&post=550676"}],"curies":[{"name":"wp","href":"https:\/\/api.w.org\/{rel}","templated":true}]}}