{"id":550680,"date":"2022-06-21T00:03:18","date_gmt":"2022-06-21T05:03:18","guid":{"rendered":"https:\/\/www.diarioimagen.net\/?p=550680"},"modified":"2022-06-21T00:41:11","modified_gmt":"2022-06-21T05:41:11","slug":"latinoamerica-se-izquierdiza","status":"publish","type":"post","link":"https:\/\/www.diarioimagen.net\/?p=550680","title":{"rendered":"Latinoam\u00e9rica se izquierdiza"},"content":{"rendered":"<h2>Espacio Electoral<\/h2>\n<h5>Eleazar Flores<\/h5>\n<p>&nbsp;<\/p>\n<p><strong>COLOMBIA, CUARTO-.<\/strong> El resultado de la segunda vuelta presidencial en Colombia da como triunfador al izquierdista Gustavo Petro, quien derrota en segunda vuelta al multimillonario empresario Rodolfo Hern\u00e1ndez, ampli\u00e1ndose de esta manera el izquierdismo latinoamericano.<\/p>\n<p>Antes enfilaron los votos hacia este flanco, Bolivia en 2020, Per\u00fa y Chile en este mismo a\u00f1o, con triunfos de candidatos identificados con la izquierda y que hoy ya gobiernan, as\u00ed enfrenten problemas, que por fortuna han venido resolviendo.<\/p>\n<p><strong>COLOMBIA-.<\/strong> Con una poblaci\u00f3n aproximada a los 53 millones de habitantes y un padr\u00f3n con derecho a votar estimado en casi 39 millones de ciudadanos -38.8 millones exactamente-, los colombianos decidieron en segunda vuelta al ganador de la elecci\u00f3n presidencial en la persona del senador, ex guerrillero y luchador social Gustavo Petro.<\/p>\n<p>Petro derrot\u00f3 al empresario Rodolfo Hern\u00e1ndez, con lo que los sudamericanos demostraron estar cansados de una pol\u00edtica ocupada principalmente de los grandes capitales, de lo que se le acusaba y acusa al actual presidente Iv\u00e1n Duque M\u00e1rquez, quien dejar\u00e1 a su pa\u00eds sumido en altos \u00edndices de inseguridad y una econom\u00eda afectada por la inflaci\u00f3n.<\/p>\n<p><strong>CAMBIO-.<\/strong> Ser\u00e1 el 7 de agosto cuando se lleve el cambio de gobierno en Colombia sin m\u00ednimos visos de inconformidad no obstante la poca diferencia de votos en el balotaje de la segunda vuelta, en la Gustavo Pedro alcanz\u00f3 casi un 52 por ciento de votos, contra un cercano 48 por ciento de Rodolfo Hern\u00e1ndez quien no solo acept\u00f3 el resultado, hasta felicit\u00f3 a su adversario.<\/p>\n<p>Conocido el c\u00f3mputo, el presidente Andr\u00e9s Manuel L\u00f3pez Obrador felicit\u00f3 al triunfador Gustavo Petro, al mismo que apoy\u00f3 desde antes por medio de declaraciones en sus ma\u00f1aneras, calific\u00e1ndolo de luchador social.<\/p>\n<p><strong>LOS OTROS-.<\/strong> En Chile apenas el once de marzo tom\u00f3 posesi\u00f3n de la presidencia otro luchador social antisistema, llamado Gabriel Boric, con un desempe\u00f1o sin tantos altibajos, que ya es ganancia.<\/p>\n<p>En Per\u00fa, arrib\u00f3 a la presidencia de la rep\u00fablica inca otro luchador social de nombre Pedro Castillo, campesino que ha afrontado muchos problemas, -principalmente por el Congreso peruano-, pero que para su fortuna ha salido bien librado, hasta ahora.<\/p>\n<p>En el lejano 2020 gan\u00f3 la presidencia de Bolivia Luis Arce, un simpatizante de Evo Morales, amigo de ya sabe quien,identificado con la izquierda.<\/p>\n<p><strong>BRASIL-.<\/strong> Sin embargo, lo m\u00e1s importante para el izquierdismo latinoamericano podr\u00eda darse el pr\u00f3ximo dos de octubre -fecha tambi\u00e9n hist\u00f3rica para M\u00e9xico-, pues el ex presidente Luis Ignacio Lula da Silva buscar\u00e1 una vez m\u00e1s ser presidente del pa\u00eds m\u00e1s poblado de Sudam\u00e9rica.<\/p>\n<p>Tambi\u00e9n amigo de ya sabe qui\u00e9n, pues hasta lo ha invitado a venir, Lula reforzar\u00eda el izquierdismo.<\/p>\n<p>Habr\u00e1 que esperar reacciones y gestos \u201cyanquis\u201d.<\/p>\n<p><em><a href=\"mailto:elefa44@gmail.com\" target=\"_blank\" rel=\"noopener noreferrer\">elefa44@gmail.com<\/a><\/em><\/p>\n","protected":false},"excerpt":{"rendered":"<p><span style=\"color: #005497;\"><strong>Eleazar Flores<\/strong><\/span><\/p>\n","protected":false},"author":3,"featured_media":0,"comment_status":"open","ping_status":"open","sticky":false,"template":"","format":"standard","meta":{"_monsterinsights_skip_tracking":false,"_monsterinsights_sitenote_active":false,"_monsterinsights_sitenote_note":"","_monsterinsights_sitenote_category":0,"footnotes":""},"categories":[81743],"tags":[81744,81776,43674],"class_list":["post-550680","post","type-post","status-publish","format-standard","hentry","category-eleazar-flores","tag-eleazar-flores","tag-espacio-electoral","tag-opinion"],"_links":{"self":[{"href":"https:\/\/www.diarioimagen.net\/index.php?rest_route=\/wp\/v2\/posts\/550680","targetHints":{"allow":["GET"]}}],"collection":[{"href":"https:\/\/www.diarioimagen.net\/index.php?rest_route=\/wp\/v2\/posts"}],"about":[{"href":"https:\/\/www.diarioimagen.net\/index.php?rest_route=\/wp\/v2\/types\/post"}],"author":[{"embeddable":true,"href":"https:\/\/www.diarioimagen.net\/index.php?rest_route=\/wp\/v2\/users\/3"}],"replies":[{"embeddable":true,"href":"https:\/\/www.diarioimagen.net\/index.php?rest_route=%2Fwp%2Fv2%2Fcomments&post=550680"}],"version-history":[{"count":0,"href":"https:\/\/www.diarioimagen.net\/index.php?rest_route=\/wp\/v2\/posts\/550680\/revisions"}],"wp:attachment":[{"href":"https:\/\/www.diarioimagen.net\/index.php?rest_route=%2Fwp%2Fv2%2Fmedia&parent=550680"}],"wp:term":[{"taxonomy":"category","embeddable":true,"href":"https:\/\/www.diarioimagen.net\/index.php?rest_route=%2Fwp%2Fv2%2Fcategories&post=550680"},{"taxonomy":"post_tag","embeddable":true,"href":"https:\/\/www.diarioimagen.net\/index.php?rest_route=%2Fwp%2Fv2%2Ftags&post=550680"}],"curies":[{"name":"wp","href":"https:\/\/api.w.org\/{rel}","templated":true}]}}