{"id":550682,"date":"2022-06-21T00:08:39","date_gmt":"2022-06-21T05:08:39","guid":{"rendered":"https:\/\/www.diarioimagen.net\/?p=550682"},"modified":"2022-06-22T02:16:24","modified_gmt":"2022-06-22T07:16:24","slug":"arranca-corcholata-rumbo-al-2024","status":"publish","type":"post","link":"https:\/\/www.diarioimagen.net\/?p=550682","title":{"rendered":"Arranca \u201ccorcholata\u201d rumbo al 2024"},"content":{"rendered":"<h2>Punto por punto<\/h2>\n<h5>Augusto Corro<\/h5>\n<p>&nbsp;<\/p>\n<p>Marcelo Ebrard arranc\u00f3 su campa\u00f1a electoral en busca la candidatura presidencial 2024, en una reuni\u00f3n efectuada el domingo en Guadalajara, Jalisco, al que asisti\u00f3 una larga lista de seguidores. Se trata, pues, de la primera \u201ccorcholata\u201d que inici\u00f3 su labor de proselitismo rumbo a la contienda electoral.<\/p>\n<p>A la fecha, son tres los aspirantes de Movimiento Regeneraci\u00f3n Nacional (Morena), quienes est\u00e1n como principales \u201cdestapados\u201d por el presidente L\u00f3pez Obrador, para que le sucedan en el cargo. Ellos son: Marcelo Ebrard, secretario de Relaciones Exteriores (SRE); Claudia Sheinbaum, jefa de Gobierno de la Ciudad de M\u00e9xico; y el secretario de Gobernaci\u00f3n, Ad\u00e1n Augusto L\u00f3pez.<\/p>\n<p>Una vez ungidos como representantes de Morena para la lucha electoral, Ebrard destapado hasta cinco veces por el mandatario tabasque\u00f1o (seg\u00fan dicho por el propio canciller) ya se considera, oficialmente, como uno de los precandidatos presidenciales, y por lo tanto, con derecho a iniciar su campa\u00f1a pol\u00edtica. Las otras dos \u201ccorcholatas\u201d, Claudia Sheinbaum y Ad\u00e1n Augusto, quiz\u00e1s no tarden en iniciar sus campa\u00f1as.<\/p>\n<p>Claro que el camino para los aspirantes presidenciales estar\u00e1 lleno de obst\u00e1culos. Primero, conocer cu\u00e1les son sus resultados positivos que ofrecen tras varios a\u00f1os en sus cargos de funcionarios p\u00fablicos. \u00bfO fue el \u201cdedazo\u201d del l\u00edder moral de Morena el que decidi\u00f3 quienes podr\u00edan participar en la competencia electoral?, como ocurr\u00eda cuando el Partido Revolucionario Institucional (PRI) decid\u00eda el futuro del pa\u00eds.<\/p>\n<p>S\u00f3lo bastaba con que el Presidente de la Rep\u00fablica destapara a su sucesor para que la \u201ccargada\u201d irrumpiera en el escenario pol\u00edtico, para apoyar la decisi\u00f3n del jefe supremo que dif\u00edcilmente cambiaba su idea. Los priistas demostraban su poder con sus tres sectores popular, obrero y campesino, con manifestaciones de apoyo en todo el territorio nacional. Generalmente, se trataba de precandidatos desconocidos, pero como ya estaba decidido quien ser\u00eda el Presidente de M\u00e9xico toda la campa\u00f1a se convert\u00eda en una simulaci\u00f3n.<\/p>\n<p>As\u00ed, fue la \u00e9poca dorada del PRI que solt\u00f3 el poder en el a\u00f1o 2000, cuando el panista improvisado Vicente Fox ech\u00f3 de Los Pinos a los tricolores. En el Revolucionario Institucional no dej\u00f3 de practicarse \u201cel dedazo\u201d como forma tradicional para designar precandidato. Con el presidente Enrique Pe\u00f1a Nieto ocurri\u00f3 lo mismo. Ya en franca decadencia, el mandatario mexiquense opt\u00f3 porque Jos\u00e9 Antonio Meade fuera el elegido como abanderado priista para las elecciones del 2018. Esa decisi\u00f3n personal no funcion\u00f3 y perdi\u00f3.<\/p>\n<p>\u201cEl dedazo\u201d perdi\u00f3 su fuerza. Los tricolores fueron derrotados por tercera vez, con signos que anunciaban la necesidad de buscar m\u00e9todos que lo colocaran en la posici\u00f3n en la que estuvo m\u00e1s de setenta a\u00f1os. El llamado \u201cdestape\u201d ya no le funcion\u00f3 en el presente. Sin embargo, en Morena se utiliza como una operaci\u00f3n de la pol\u00edtica moderna con la inclusi\u00f3n de las encuestadoras que dir\u00e1n, finalmente, qui\u00e9n ser\u00e1 el ganador. O sea que los tres destapados oficialmente, despu\u00e9s de sus encendidas campa\u00f1as tendr\u00e1n que someterse a las encuestas que digan qui\u00e9n es el triunfador.<\/p>\n<p>El obradorismo no trae, pues, ning\u00fan cambio en la democracia que sea digno de aplauso. No solamente se trata de un s\u00f3lo destape, sino hasta tres los anunciados y promovidos por el jefe moral morenista; L\u00f3pez Obrador. Sin darle vueltas al asunto, entre los mencionados: Claudia, Marcelo y Ad\u00e1n Augusto est\u00e1 el ganador, el impuesto. Nada nuevo. Veremos de qu\u00e9 dimensi\u00f3n es la respuesta de la aceptaci\u00f3n de los \u201ccorcholatazos\u201d por parte de la militancia partidista, porque no se debe olvidar que hicieron a un lado al l\u00edder del senado, Ricardo Monreal.<\/p>\n<p>El senador morenista ya advirti\u00f3 que su nombre aparecer\u00e1 en la boleta de la elecci\u00f3n presidencial en 2024. Como se sabe, Monreal ya particip\u00f3 en una lucha contra Claudia Sheinbaum por el gobierno de la Ciudad de M\u00e9xico, en la que result\u00f3 derrotado el zacatecano. En aquella situaci\u00f3n hasta amenaz\u00f3 con irse de Morena. \u00bfEsta vez ocurrir\u00e1 lo mismo? \u00bfO se disciplinar\u00e1? Todo mundo sabe que Claudia Sheinbaum es la preferida de L\u00f3pez Obrador para que le suceda en el cargo de Presidente.<\/p>\n<p>En tanto, la democracia a la mexicana contin\u00faa con el estilo priista con sus destapes y toda la liturgia del \u201cdedazo\u201d que le brind\u00f3 excelentes resultados. Esas pr\u00e1cticas obsoletas son las que se aplican en Morena. Marcelo Ebrard sabe muy bien de que va el asunto y arranc\u00f3 su campa\u00f1a pol\u00edtica rumbo al 2024 el domingo pasado, en Guadalajara, Jalisco.<\/p>\n<p>\u00bfUsted qu\u00e9 opina amable lector?<\/p>\n<p><a href=\"mailto:aco2742@hotmail.com\" target=\"_blank\" rel=\"noopener noreferrer\"><em>aco2742@hotmail.com<\/em><\/a><\/p>\n","protected":false},"excerpt":{"rendered":"<p><span style=\"color: #005497;\"><strong>Augusto Corro<\/strong><\/span><\/p>\n","protected":false},"author":3,"featured_media":0,"comment_status":"open","ping_status":"open","sticky":false,"template":"","format":"standard","meta":{"_monsterinsights_skip_tracking":false,"_monsterinsights_sitenote_active":false,"_monsterinsights_sitenote_note":"","_monsterinsights_sitenote_category":0,"footnotes":""},"categories":[157],"tags":[43686,43674,11515],"class_list":["post-550682","post","type-post","status-publish","format-standard","hentry","category-augusto-corro","tag-augusto-corro","tag-opinion","tag-punto-por-punto"],"_links":{"self":[{"href":"https:\/\/www.diarioimagen.net\/index.php?rest_route=\/wp\/v2\/posts\/550682","targetHints":{"allow":["GET"]}}],"collection":[{"href":"https:\/\/www.diarioimagen.net\/index.php?rest_route=\/wp\/v2\/posts"}],"about":[{"href":"https:\/\/www.diarioimagen.net\/index.php?rest_route=\/wp\/v2\/types\/post"}],"author":[{"embeddable":true,"href":"https:\/\/www.diarioimagen.net\/index.php?rest_route=\/wp\/v2\/users\/3"}],"replies":[{"embeddable":true,"href":"https:\/\/www.diarioimagen.net\/index.php?rest_route=%2Fwp%2Fv2%2Fcomments&post=550682"}],"version-history":[{"count":0,"href":"https:\/\/www.diarioimagen.net\/index.php?rest_route=\/wp\/v2\/posts\/550682\/revisions"}],"wp:attachment":[{"href":"https:\/\/www.diarioimagen.net\/index.php?rest_route=%2Fwp%2Fv2%2Fmedia&parent=550682"}],"wp:term":[{"taxonomy":"category","embeddable":true,"href":"https:\/\/www.diarioimagen.net\/index.php?rest_route=%2Fwp%2Fv2%2Fcategories&post=550682"},{"taxonomy":"post_tag","embeddable":true,"href":"https:\/\/www.diarioimagen.net\/index.php?rest_route=%2Fwp%2Fv2%2Ftags&post=550682"}],"curies":[{"name":"wp","href":"https:\/\/api.w.org\/{rel}","templated":true}]}}