{"id":550756,"date":"2022-06-22T00:06:11","date_gmt":"2022-06-22T05:06:11","guid":{"rendered":"https:\/\/www.diarioimagen.net\/?p=550756"},"modified":"2022-06-22T21:55:26","modified_gmt":"2022-06-23T02:55:26","slug":"sistemas-de-captacion-de-lluvia-permitira-enfrentar-problematica-del-agua","status":"publish","type":"post","link":"https:\/\/www.diarioimagen.net\/?p=550756","title":{"rendered":"Sistemas de captaci\u00f3n de lluvia permitir\u00e1 enfrentar problem\u00e1tica del agua"},"content":{"rendered":"<p><em>\u00a0<\/em><\/p>\n<ul>\n<li><strong><em>Almacenarla es una de las tendencias para hacer frente al desabasto y la escasez de este recurso<\/em><\/strong><\/li>\n<\/ul>\n<p>&nbsp;<\/p>\n<div id=\"attachment_550877\" style=\"width: 470px\" class=\"wp-caption aligncenter\"><img loading=\"lazy\" decoding=\"async\" aria-describedby=\"caption-attachment-550877\" class=\"size-full wp-image-550877\" src=\"https:\/\/www.diarioimagen.net\/wp-content\/uploads\/2022\/06\/Uaem-1.jpg\" alt=\"\" width=\"460\" height=\"270\" \/><p id=\"caption-attachment-550877\" class=\"wp-caption-text\">El doctor Carlos Fonseca Ruiz explic\u00f3 que, teniendo en cuenta los datos que arrojan las investigaciones, el tama\u00f1o \u00f3ptimo de los tanques puede ser de dos a cuatro metros c\u00fabicos para equilibrar el volumen de agua suministrado y el demandado.<\/p><\/div>\n<p>&nbsp;<\/p>\n<p><strong>Toluca, Estado de M\u00e9xico.\u2014<\/strong> Entre los problemas ambientales que enfrenta el Estado de M\u00e9xico se encuentra la distribuci\u00f3n desigual de los recursos h\u00eddricos, al no existir correspondencia entre la cantidad de agua y la demograf\u00eda, refiri\u00f3 el investigador Carlos Fonseca Ruiz, del Instituto Interamericano de Tecnolog\u00eda y Ciencias del Agua de la Universidad Aut\u00f3noma del Estado de M\u00e9xico (UAEM\u00e9x).<\/p>\n<p>En su art\u00edculo \u201cAlmacenamiento en sistemas de captaci\u00f3n de lluvia para el Estado de M\u00e9xico, publicado en la revista <em>Universitaria<\/em>, el acad\u00e9mico asegura que, seg\u00fan la Conagua, \u201cla regi\u00f3n con menos agua disponible es la m\u00e1s poblada\u201d, y, por el contrario, las regiones con m\u00e1s agua presentan menos poblaci\u00f3n.<\/p>\n<p>Con base en el an\u00e1lisis de tres cuencas hidrol\u00f3gicas en la entidad \u2014r\u00edo Balsas, r\u00edo Lerma y Valle de M\u00e9xico\u2014, el Instituto Interamericano de Tecnolog\u00eda y Ciencias del Agua (iitca) busca dar soluci\u00f3n mediante sistemas de captaci\u00f3n de agua de lluvia, con una metodolog\u00eda y herramientas inform\u00e1ticas que posibiliten un almacenamiento y una distribuci\u00f3n adecuados.<\/p>\n<p>El doctor Fonseca explic\u00f3 que, teniendo en cuenta los datos que arrojan las investigaciones, el tama\u00f1o \u00f3ptimo de los tanques puede ser de dos a cuatro metros c\u00fabicos para equilibrar el volumen de agua suministrado y el demandado.<\/p>\n<p>Estas medidas, advierte, no son la \u00fanica respuesta a la escasez del agua que ha presentado el Estado de M\u00e9xico, pero es una alternativa viable enfrentar sequ\u00edas y problemas de disponibilidad de agua para consumo humano, pues son fuentes de abastecimiento no convencionales. Para conocer m\u00e1s detalles sobre esta iniciativa se puede acceder a la revista <em>Universitaria <\/em>en el siguiente enlace: <em>https:\/\/revistauniversitaria.uaemex.mx\/article\/view\/18428\/13687<\/em>.<\/p>\n","protected":false},"excerpt":{"rendered":"<p>Entre los problemas ambientales que enfrenta el Estado de M\u00e9xico se encuentra la distribuci\u00f3n desigual de los recursos h\u00eddricos, al no existir correspondencia entre la cantidad de agua y la demograf\u00eda, refiri\u00f3 el investigador Carlos Fonseca Ruiz, del Instituto Interamericano de Tecnolog\u00eda y Ciencias del Agua de la Universidad Aut\u00f3noma del Estado de M\u00e9xico (UAEM\u00e9x).\u00a0\u00a0<\/p>\n","protected":false},"author":3,"featured_media":550884,"comment_status":"open","ping_status":"open","sticky":false,"template":"","format":"standard","meta":{"_monsterinsights_skip_tracking":false,"_monsterinsights_sitenote_active":false,"_monsterinsights_sitenote_note":"","_monsterinsights_sitenote_category":0,"footnotes":""},"categories":[5],"tags":[95787,4938,82503,67878],"class_list":["post-550756","post","type-post","status-publish","format-standard","has-post-thumbnail","hentry","category-estado-de-mexico","tag-captacion","tag-lluvia","tag-problematica","tag-uaemex"],"_links":{"self":[{"href":"https:\/\/www.diarioimagen.net\/index.php?rest_route=\/wp\/v2\/posts\/550756","targetHints":{"allow":["GET"]}}],"collection":[{"href":"https:\/\/www.diarioimagen.net\/index.php?rest_route=\/wp\/v2\/posts"}],"about":[{"href":"https:\/\/www.diarioimagen.net\/index.php?rest_route=\/wp\/v2\/types\/post"}],"author":[{"embeddable":true,"href":"https:\/\/www.diarioimagen.net\/index.php?rest_route=\/wp\/v2\/users\/3"}],"replies":[{"embeddable":true,"href":"https:\/\/www.diarioimagen.net\/index.php?rest_route=%2Fwp%2Fv2%2Fcomments&post=550756"}],"version-history":[{"count":0,"href":"https:\/\/www.diarioimagen.net\/index.php?rest_route=\/wp\/v2\/posts\/550756\/revisions"}],"wp:featuredmedia":[{"embeddable":true,"href":"https:\/\/www.diarioimagen.net\/index.php?rest_route=\/wp\/v2\/media\/550884"}],"wp:attachment":[{"href":"https:\/\/www.diarioimagen.net\/index.php?rest_route=%2Fwp%2Fv2%2Fmedia&parent=550756"}],"wp:term":[{"taxonomy":"category","embeddable":true,"href":"https:\/\/www.diarioimagen.net\/index.php?rest_route=%2Fwp%2Fv2%2Fcategories&post=550756"},{"taxonomy":"post_tag","embeddable":true,"href":"https:\/\/www.diarioimagen.net\/index.php?rest_route=%2Fwp%2Fv2%2Ftags&post=550756"}],"curies":[{"name":"wp","href":"https:\/\/api.w.org\/{rel}","templated":true}]}}