{"id":550775,"date":"2022-06-22T00:05:33","date_gmt":"2022-06-22T05:05:33","guid":{"rendered":"https:\/\/www.diarioimagen.net\/?p=550775"},"modified":"2022-06-22T22:03:13","modified_gmt":"2022-06-23T03:03:13","slug":"estrecha-uaemex-colaboracion-con-ayuntamiento-de-temascaltepec","status":"publish","type":"post","link":"https:\/\/www.diarioimagen.net\/?p=550775","title":{"rendered":"Estrecha UAEM\u00e9x colaboraci\u00f3n con ayuntamiento de Temascaltepec"},"content":{"rendered":"<p>&nbsp;<\/p>\n<ul>\n<li><strong><em>El rector Carlos Eduardo Barrera D\u00edaz y el presidente municipal, Carlos Gonz\u00e1lez Berra, firmaron un convenio general de cooperaci\u00f3n<\/em><\/strong><\/li>\n<\/ul>\n<p><strong>\u00a0<\/strong><\/p>\n<div id=\"attachment_550881\" style=\"width: 470px\" class=\"wp-caption aligncenter\"><img loading=\"lazy\" decoding=\"async\" aria-describedby=\"caption-attachment-550881\" class=\"size-full wp-image-550881\" src=\"https:\/\/www.diarioimagen.net\/wp-content\/uploads\/2022\/06\/uaem-2-5.jpg\" alt=\"\" width=\"460\" height=\"270\" \/><p id=\"caption-attachment-550881\" class=\"wp-caption-text\">Carlos Eduardo Barrera D\u00edaz, rector de la UAEM\u00e9x,\u00a0 afirm\u00f3 que \u201cgracias a instrumentos como el que firmamos hoy los universitarios mexiquenses podemos aportar trabajo, conocimiento e innovaci\u00f3n al desarrollo de nuestro estado\u201d.<\/p><\/div>\n<p>&nbsp;<\/p>\n<p><strong>Temascaltepec, Estado de M\u00e9xico.\u2014 <\/strong>El rector de la Universidad Aut\u00f3noma del Estado de M\u00e9xico (UAEM\u00e9x), Carlos Eduardo Barrera D\u00edaz, y el presidente municipal de Temascaltepec, Carlos Gonz\u00e1lez Berra, signaron un convenio general de colaboraci\u00f3n.<\/p>\n<p>En instalaciones del palacio municipal, Barrera D\u00edaz sostuvo que a trav\u00e9s de sus centros universitarios y unidades acad\u00e9micas profesionales, con presencia en varios municipios de la entidad, la Aut\u00f3noma mexiquense imparte educaci\u00f3n medio superior y superior; adem\u00e1s, cumple funciones sustantivas de investigaci\u00f3n, difusi\u00f3n cultural y extensi\u00f3n universitaria.<\/p>\n<p>Por ello, dijo, nos entusiasma continuar estableciendo relaciones de colaboraci\u00f3n con asociaciones civiles, empresas, organizaciones sociales y entidades gubernamentales, como es el caso de los ayuntamientos y los gobiernos estatal y federal.<\/p>\n<p>Acompa\u00f1ado del encargado del despacho de la direcci\u00f3n del Centro Universitario UAEM Temascaltepec, Hugo L\u00f3pez Ben\u00edtez, el rector afirm\u00f3 que \u201cgracias a instrumentos como el que firmamos hoy los universitarios mexiquenses podemos aportar trabajo, conocimiento e innovaci\u00f3n al desarrollo de nuestro estado\u201d.<\/p>\n<p>Refiri\u00f3 que el instrumento de colaboraci\u00f3n signado sentar\u00e1 las bases para colaborar en la pavimentaci\u00f3n de la entrada al rancho que la instituci\u00f3n tiene en el municipio, construir el techo y empastado de la cancha de f\u00fatbol r\u00e1pido, adem\u00e1s de construir una bodega para almacenar materiales y alimentos e iniciar los trabajos para adecuar cub\u00edculos para profesores y construir el taller de gastronom\u00eda para los estudiantes de la Licenciatura en Turismo.<\/p>\n<p>Carlos Eduardo Barrera D\u00edaz refiri\u00f3 que en la actualidad, profesores del Centro capacitan al personal del municipio con cursos de computaci\u00f3n, y est\u00e1 contemplado que alumnos de las carreras de derecho e ingeniero agr\u00f3nomo zootecnista brinden asesor\u00edas en diversas comunidades del municipio.<\/p>\n<p>Por su parte, Carlos Gonz\u00e1lez Berra destac\u00f3 que uno de los aspectos m\u00e1s relevantes de la filosof\u00eda de la UAEM\u00e9x es generar, estudiar, preservar, trasmitir y extender el conocimiento universal y estar al servicio de la sociedad, principios que comparte la administraci\u00f3n p\u00fablica que encabeza.<\/p>\n<p>Asever\u00f3 que este convenio general permitir\u00e1 que ambas instancias caminen de manera conjunta en los \u00e1mbitos de intercambio acad\u00e9mico, para llevar a cabo programas espec\u00edficos de docencia, seminarios, cursos de actualizaci\u00f3n, formaci\u00f3n profesional, estudios avanzados y otras actividades afines en campos de inter\u00e9s com\u00fan.<\/p>\n<p>De igual manera, resalt\u00f3, realizar investigaciones de aplicaci\u00f3n social y de inter\u00e9s, tambi\u00e9n una difusi\u00f3n y extensi\u00f3n para extender la calidad acad\u00e9mica y cultural de sus integrantes y de la comunidad en general.<\/p>\n<p>Adem\u00e1s, manifest\u00f3, mediante el servicio social y pr\u00e1cticas profesionales, el ayuntamiento otorgar\u00e1 a los estudiantes y egresados de la UAEM\u00e9x la oportunidad de poner en pr\u00e1ctica los conocimientos adquiridos en las aulas a trav\u00e9s del servicio social y pr\u00e1cticas profesionales.<\/p>\n<p>Sea este convenio de colaboraci\u00f3n la herramienta para fortalecer el v\u00ednculo de amistad y de intercambio que permita a estas dos instituciones colaborar de manera conjunta para encaminar nuestros esfuerzos y lograr un bien com\u00fan y un Temascaltepec con progreso, concluy\u00f3 el alcalde.<\/p>\n<p>Luego de la firma del convenio general de colaboraci\u00f3n, Carlos Eduardo Barrera D\u00edaz y Carlos Gonz\u00e1lez Berra realizaron un recorrido por las instalaciones del Rancho \u201cEl Salitre\u201d, donde conocieron, en voz de la comunidad universitaria, las necesidades para llevar a cabo diversas actividades en el \u00e1mbito de la producci\u00f3n agropecuaria.<\/p>\n","protected":false},"excerpt":{"rendered":"<p>El rector de la Universidad Aut\u00f3noma del Estado de M\u00e9xico (UAEM\u00e9x), Carlos Eduardo Barrera D\u00edaz, y el presidente municipal de Temascaltepec, Carlos Gonz\u00e1lez Berra, signaron un convenio general de colaboraci\u00f3n.<\/p>\n","protected":false},"author":3,"featured_media":550881,"comment_status":"open","ping_status":"open","sticky":false,"template":"","format":"standard","meta":{"_monsterinsights_skip_tracking":false,"_monsterinsights_sitenote_active":false,"_monsterinsights_sitenote_note":"","_monsterinsights_sitenote_category":0,"footnotes":""},"categories":[5],"tags":[92667,43675,7683,67878],"class_list":["post-550775","post","type-post","status-publish","format-standard","has-post-thumbnail","hentry","category-estado-de-mexico","tag-carlos-eduardo-barrera-diaz","tag-estado-de-mexico","tag-temascaltepec","tag-uaemex"],"_links":{"self":[{"href":"https:\/\/www.diarioimagen.net\/index.php?rest_route=\/wp\/v2\/posts\/550775","targetHints":{"allow":["GET"]}}],"collection":[{"href":"https:\/\/www.diarioimagen.net\/index.php?rest_route=\/wp\/v2\/posts"}],"about":[{"href":"https:\/\/www.diarioimagen.net\/index.php?rest_route=\/wp\/v2\/types\/post"}],"author":[{"embeddable":true,"href":"https:\/\/www.diarioimagen.net\/index.php?rest_route=\/wp\/v2\/users\/3"}],"replies":[{"embeddable":true,"href":"https:\/\/www.diarioimagen.net\/index.php?rest_route=%2Fwp%2Fv2%2Fcomments&post=550775"}],"version-history":[{"count":0,"href":"https:\/\/www.diarioimagen.net\/index.php?rest_route=\/wp\/v2\/posts\/550775\/revisions"}],"wp:featuredmedia":[{"embeddable":true,"href":"https:\/\/www.diarioimagen.net\/index.php?rest_route=\/wp\/v2\/media\/550881"}],"wp:attachment":[{"href":"https:\/\/www.diarioimagen.net\/index.php?rest_route=%2Fwp%2Fv2%2Fmedia&parent=550775"}],"wp:term":[{"taxonomy":"category","embeddable":true,"href":"https:\/\/www.diarioimagen.net\/index.php?rest_route=%2Fwp%2Fv2%2Fcategories&post=550775"},{"taxonomy":"post_tag","embeddable":true,"href":"https:\/\/www.diarioimagen.net\/index.php?rest_route=%2Fwp%2Fv2%2Ftags&post=550775"}],"curies":[{"name":"wp","href":"https:\/\/api.w.org\/{rel}","templated":true}]}}