{"id":550784,"date":"2022-06-22T00:02:13","date_gmt":"2022-06-22T05:02:13","guid":{"rendered":"https:\/\/www.diarioimagen.net\/?p=550784"},"modified":"2022-06-22T03:13:40","modified_gmt":"2022-06-22T08:13:40","slug":"enrique-vargas-del-villar-garantia-de-triunfo-en-edomex-juan-pedro-garcia","status":"publish","type":"post","link":"https:\/\/www.diarioimagen.net\/?p=550784","title":{"rendered":"Enrique Vargas del Villar, garant\u00eda de triunfo en Edomex: Juan Pedro Garc\u00eda"},"content":{"rendered":"<p>&nbsp;<\/p>\n<ul>\n<li><strong><em>Movilizaci\u00f3n de \u201cRed Vargas\u201d<\/em><\/strong><\/li>\n<\/ul>\n<p>&nbsp;<\/p>\n<h6>Arturo Baena<\/h6>\n<p>&nbsp;<\/p>\n<div id=\"attachment_550908\" style=\"width: 470px\" class=\"wp-caption aligncenter\"><img loading=\"lazy\" decoding=\"async\" aria-describedby=\"caption-attachment-550908\" class=\"size-full wp-image-550908\" src=\"https:\/\/www.diarioimagen.net\/wp-content\/uploads\/2022\/06\/valle-5.jpg\" alt=\"\" width=\"460\" height=\"270\" \/><p id=\"caption-attachment-550908\" class=\"wp-caption-text\">Juan Pedro Garc\u00eda, coordinador de \u201cRed Vargas\u201d, afirm\u00f3 que este moviemiento va creciendo en toda la entidad mexiquense.<\/p><\/div>\n<p>&nbsp;<\/p>\n<p><strong>Valle de M\u00e9xico.\u2014<\/strong> De ninguna manera y bajo ning\u00fan concepto la \u201cRed Vargas\u201d, bajar\u00e1 el paso, al contrario, vamos a visitar todos los rincones del Estado de M\u00e9xico, para dar a conocer que el \u00fanico y mejor proyecto para el Estado de M\u00e9xico tiene nombre y apellido: Enrique Vargas del Villar.<\/p>\n<p>As\u00ed lo afirm\u00f3 en entrevista, el coordinador de esta agrupaci\u00f3n Juan Pedro Garc\u00eda, que, dicho sea de paso, va creciendo en toda la entidad mexiquense, al tiempo de asegurar que \u201choy por hoy el mejor posicionado es precisamente Vargas del Villar\u201d.<\/p>\n<p>Asimismo, destac\u00f3 que \u201cen los municipios que hemos visitado con presencia o sin ella de Enrique, hemos encontrado el respaldo de las y los mexiquenses que ven en Acci\u00f3n Nacional la mejor opci\u00f3n y proyecto<\/p>\n<p>Por otra parte, Juan Pedro Garc\u00eda, destac\u00f3 que la alianza entre PAN, PRI y PRD, ser\u00eda factible para cerrar el paso al partido gobernante, sin embargo, dijo, ya vendr\u00e1n tiempos de definiciones, mientras tanto, \u201cRed Vargas\u201d, continuar\u00e1 recorriendo la entidad mexiquense.<\/p>\n<p>\u201cLes debe de quedar claro que Enrique Vargas del Villar, hoy por hoy es garant\u00eda de triunfo, con alianza y sin ella. Vamos pues a seguir trabajando para ganar el Estado de M\u00e9xico\u201d, concluy\u00f3.<\/p>\n","protected":false},"excerpt":{"rendered":"<p>De ninguna manera y bajo ning\u00fan concepto la \u201cRed Vargas\u201d, bajar\u00e1 el paso, al contrario, vamos a visitar todos los rincones del Estado de M\u00e9xico, para dar a conocer que el \u00fanico y mejor proyecto para el Estado de M\u00e9xico tiene nombre y apellido: Enrique Vargas del Villar.<\/p>\n","protected":false},"author":3,"featured_media":550908,"comment_status":"open","ping_status":"open","sticky":false,"template":"","format":"standard","meta":{"_monsterinsights_skip_tracking":false,"_monsterinsights_sitenote_active":false,"_monsterinsights_sitenote_note":"","_monsterinsights_sitenote_category":0,"footnotes":""},"categories":[5],"tags":[68,47218,95789],"class_list":["post-550784","post","type-post","status-publish","format-standard","has-post-thumbnail","hentry","category-estado-de-mexico","tag-edomex","tag-enrique-vargas-del-villar","tag-uan-pedro-garcia"],"_links":{"self":[{"href":"https:\/\/www.diarioimagen.net\/index.php?rest_route=\/wp\/v2\/posts\/550784","targetHints":{"allow":["GET"]}}],"collection":[{"href":"https:\/\/www.diarioimagen.net\/index.php?rest_route=\/wp\/v2\/posts"}],"about":[{"href":"https:\/\/www.diarioimagen.net\/index.php?rest_route=\/wp\/v2\/types\/post"}],"author":[{"embeddable":true,"href":"https:\/\/www.diarioimagen.net\/index.php?rest_route=\/wp\/v2\/users\/3"}],"replies":[{"embeddable":true,"href":"https:\/\/www.diarioimagen.net\/index.php?rest_route=%2Fwp%2Fv2%2Fcomments&post=550784"}],"version-history":[{"count":0,"href":"https:\/\/www.diarioimagen.net\/index.php?rest_route=\/wp\/v2\/posts\/550784\/revisions"}],"wp:featuredmedia":[{"embeddable":true,"href":"https:\/\/www.diarioimagen.net\/index.php?rest_route=\/wp\/v2\/media\/550908"}],"wp:attachment":[{"href":"https:\/\/www.diarioimagen.net\/index.php?rest_route=%2Fwp%2Fv2%2Fmedia&parent=550784"}],"wp:term":[{"taxonomy":"category","embeddable":true,"href":"https:\/\/www.diarioimagen.net\/index.php?rest_route=%2Fwp%2Fv2%2Fcategories&post=550784"},{"taxonomy":"post_tag","embeddable":true,"href":"https:\/\/www.diarioimagen.net\/index.php?rest_route=%2Fwp%2Fv2%2Ftags&post=550784"}],"curies":[{"name":"wp","href":"https:\/\/api.w.org\/{rel}","templated":true}]}}