{"id":550790,"date":"2022-06-22T00:04:11","date_gmt":"2022-06-22T05:04:11","guid":{"rendered":"https:\/\/www.diarioimagen.net\/?p=550790"},"modified":"2022-06-22T03:11:17","modified_gmt":"2022-06-22T08:11:17","slug":"abre-sus-puertas-en-atizapan-el-restaurante-lirios-comida-fusion","status":"publish","type":"post","link":"https:\/\/www.diarioimagen.net\/?p=550790","title":{"rendered":"Abre sus puertas en Atizap\u00e1n el restaurante \u201cLirio\u2019s Comida Fusi\u00f3n\u201d"},"content":{"rendered":"<p>&nbsp;<\/p>\n<ul>\n<li><strong><em>Asiste el edil Pedro Rodr\u00edguez a inauguraci\u00f3n<\/em><\/strong><\/li>\n<\/ul>\n<p>&nbsp;<\/p>\n<div id=\"attachment_550904\" style=\"width: 470px\" class=\"wp-caption aligncenter\"><img loading=\"lazy\" decoding=\"async\" aria-describedby=\"caption-attachment-550904\" class=\"size-full wp-image-550904\" src=\"https:\/\/www.diarioimagen.net\/wp-content\/uploads\/2022\/06\/atizapan-3.jpg\" alt=\"\" width=\"460\" height=\"270\" \/><p id=\"caption-attachment-550904\" class=\"wp-caption-text\">Asistieron a la inauguraci\u00f3n del restaurante, el alcalde Pedro Rodr\u00edguez; el diputado David Parra S\u00e1nchez, as\u00ed como por el secretario general del SUTEyM secci\u00f3n Naucalpan, Tom\u00e1s Palomares Parra.<\/p><\/div>\n<p>&nbsp;<\/p>\n<p><strong>Atizap\u00e1n de Zaragoza, Estado de M\u00e9xico.\u2014<\/strong>\u00a0 J\u00f3venes emprendedores mexiquenses, pusieron en marcha el restaurante \u201cLirio \u2018s Comida Fusi\u00f3n\u201d en esta localidad, con una gastronom\u00eda de calidad y para todos los gustos.<\/p>\n<p>La inauguraci\u00f3n estuvo a cargo del presidente municipal, Pedro Rodr\u00edguez, el diputado David Parra S\u00e1nchez, as\u00ed como por el secretario general del SUTEyM secci\u00f3n Naucalpan, Tom\u00e1s Palomares Parra, quienes, al cortar el list\u00f3n, desearon el mejor de los \u00e9xitos a los adolescentes.<\/p>\n<p>Es as\u00ed que, Daniel y Carlos del\u00a0 Castillo,\u00a0Edgar Puente y\u00a0Antonio \u00c1lvarez,\u00a0 Inauguran restaurante \u201cLirio\u2019s Comida Fusi\u00f3n\u201d, un lugar apto para toda la familia. \u201cVamos a complacer a la clientela con platillos exquisitos y de calidad, pues es y ser\u00e1 un lugar en d\u00f3nde podr\u00e1n disfrutar a plenitud de todos y cada uno de los platillos con los que contamos\u201d, dijo el joven empresario Daniel Castillo.<\/p>\n<p>\u201cLirio\u2019s Comida Fusi\u00f3n\u201d est\u00e1 ubicado en: Local 101, planta alta, Edificio Novo Esmeralda II en Av. Dr. Jorge Jim\u00e9nez Cantu 1, Fraccionamiento Hacienda de Valle Escondido, C\u00f3digo Postal 52937, Atizap\u00e1n de Zaragoza, Estado de M\u00e9xico.<\/p>\n","protected":false},"excerpt":{"rendered":"<p>J\u00f3venes emprendedores mexiquenses, pusieron en marcha el restaurante \u201cLirio \u2018s Comida Fusi\u00f3n\u201d en esta localidad, con una gastronom\u00eda de calidad y para todos los gustos.<\/p>\n","protected":false},"author":3,"featured_media":550904,"comment_status":"open","ping_status":"open","sticky":false,"template":"","format":"standard","meta":{"_monsterinsights_skip_tracking":false,"_monsterinsights_sitenote_active":false,"_monsterinsights_sitenote_note":"","_monsterinsights_sitenote_category":0,"footnotes":""},"categories":[5],"tags":[3561,29035,43675],"class_list":["post-550790","post","type-post","status-publish","format-standard","has-post-thumbnail","hentry","category-estado-de-mexico","tag-atizapan-de-zaragoza","tag-david-parra-sanchez","tag-estado-de-mexico"],"_links":{"self":[{"href":"https:\/\/www.diarioimagen.net\/index.php?rest_route=\/wp\/v2\/posts\/550790","targetHints":{"allow":["GET"]}}],"collection":[{"href":"https:\/\/www.diarioimagen.net\/index.php?rest_route=\/wp\/v2\/posts"}],"about":[{"href":"https:\/\/www.diarioimagen.net\/index.php?rest_route=\/wp\/v2\/types\/post"}],"author":[{"embeddable":true,"href":"https:\/\/www.diarioimagen.net\/index.php?rest_route=\/wp\/v2\/users\/3"}],"replies":[{"embeddable":true,"href":"https:\/\/www.diarioimagen.net\/index.php?rest_route=%2Fwp%2Fv2%2Fcomments&post=550790"}],"version-history":[{"count":0,"href":"https:\/\/www.diarioimagen.net\/index.php?rest_route=\/wp\/v2\/posts\/550790\/revisions"}],"wp:featuredmedia":[{"embeddable":true,"href":"https:\/\/www.diarioimagen.net\/index.php?rest_route=\/wp\/v2\/media\/550904"}],"wp:attachment":[{"href":"https:\/\/www.diarioimagen.net\/index.php?rest_route=%2Fwp%2Fv2%2Fmedia&parent=550790"}],"wp:term":[{"taxonomy":"category","embeddable":true,"href":"https:\/\/www.diarioimagen.net\/index.php?rest_route=%2Fwp%2Fv2%2Fcategories&post=550790"},{"taxonomy":"post_tag","embeddable":true,"href":"https:\/\/www.diarioimagen.net\/index.php?rest_route=%2Fwp%2Fv2%2Ftags&post=550790"}],"curies":[{"name":"wp","href":"https:\/\/api.w.org\/{rel}","templated":true}]}}