{"id":550811,"date":"2022-06-22T00:02:24","date_gmt":"2022-06-22T05:02:24","guid":{"rendered":"https:\/\/www.diarioimagen.net\/?p=550811"},"modified":"2022-06-22T03:03:41","modified_gmt":"2022-06-22T08:03:41","slug":"rusia-amenaza-ahora-a-lituania-por-prohibir-transito-de-mercancias","status":"publish","type":"post","link":"https:\/\/www.diarioimagen.net\/?p=550811","title":{"rendered":"Rusia amenaza ahora a Lituania por prohibir tr\u00e1nsito de mercanc\u00edas"},"content":{"rendered":"<p>&nbsp;<\/p>\n<h3 style=\"text-align: center;\">Lo califica de una medida \u201cabiertamente hostil\u201d<\/h3>\n<p>&nbsp;<\/p>\n<ul>\n<li><strong><em>Advierte que se reserva el derecho de tomar medidas para proteger sus intereses<\/em><\/strong><\/li>\n<\/ul>\n<p>&nbsp;<\/p>\n<div id=\"attachment_550889\" style=\"width: 470px\" class=\"wp-caption aligncenter\"><img loading=\"lazy\" decoding=\"async\" aria-describedby=\"caption-attachment-550889\" class=\"size-full wp-image-550889\" src=\"https:\/\/www.diarioimagen.net\/wp-content\/uploads\/2022\/06\/GUERRA1-13.jpg\" alt=\"\" width=\"460\" height=\"270\" \/><p id=\"caption-attachment-550889\" class=\"wp-caption-text\">El Kremlin amenaz\u00f3 con tomar medidas, luego de que Lituania, miembro de la OTAN, detuviera el tr\u00e1nsito de mercanc\u00edas hacia el enclave ruso de Kaliningrado.<\/p><\/div>\n<p>&nbsp;<\/p>\n<p>Rusia advirti\u00f3 a Lituania, miembro de la OTAN, que si no restablece r\u00e1pidamente el tr\u00e1nsito de mercanc\u00edas hacia el exclave de Kaliningrado, en el mar B\u00e1ltico, tomar\u00e1 medidas no especificadas para defender sus intereses nacionales.<\/p>\n<p>Lituania prohibi\u00f3 el tr\u00e1nsito de mercanc\u00edas sancionadas por la Uni\u00f3n Europea a trav\u00e9s de su territorio hacia y desde el exclave.<\/p>\n<p>El Ministerio de Asuntos Exteriores de Rusia convoc\u00f3 al principal enviado de Lituania en Mosc\u00fa para presentar una protesta. \u201cLa situaci\u00f3n es m\u00e1s que grave\u201d, dijo a periodistas el portavoz del Kremlin, Dmitri Peskov. \u201cEsta decisi\u00f3n es realmente in\u00e9dita\u201d, agreg\u00f3.<\/p>\n<p>El Ministerio de Asuntos Exteriores de Rusia exigi\u00f3 a Vilna que revocara inmediatamente lo que calific\u00f3 como una medida \u201cabiertamente hostil\u201d.<\/p>\n<p>Si el tr\u00e1nsito de mercanc\u00edas entre la regi\u00f3n de Kaliningrado y el resto de la Federaci\u00f3n Rusa a trav\u00e9s de Lituania no se restablece por completo en un futuro pr\u00f3ximo, Rusia se reserva el derecho a tomar medidas para proteger sus intereses nacionales\u201d, se\u00f1al\u00f3.<\/p>\n<p style=\"text-align: center;\"><strong>\u201cS\u00f3lo se aplican las sanciones de la UE\u201d, responde Lituania<\/strong><\/p>\n<p>Kaliningrado, antiguo puerto de Koenigsberg, capital de Prusia Oriental, fue capturado a la Alemania nazi por el Ej\u00e9rcito Rojo en abril de 1945 y cedido a la Uni\u00f3n Sovi\u00e9tica tras la Segunda Guerra Mundial. Se encuentra entre los miembros de la OTAN Polonia y Lituania.<\/p>\n<p>Lituania dijo que se estaba limitando a aplicar las sanciones de la UE, que forman parte de una serie de medidas destinadas a castigar al presidente Vladimir Putin por la invasi\u00f3n de Ucrania.<\/p>\n<p>No es que Lituania est\u00e9 haciendo nada: son las sanciones europeas que empezaron a funcionar a partir del 17 de junio\u201d, argument\u00f3 el ministro lituano de Asuntos Exteriores, Gabrielius Landsbergis, a la prensa en Luxemburgo. Se hizo con la consulta de la Comisi\u00f3n Europea y bajo las directrices de la Comisi\u00f3n Europea\u201d, justific\u00f3.<\/p>\n<p>Los ferrocarriles estatales lituanos informaron a sus clientes de que a partir del 17 de junio no se permitir\u00eda el paso por Lituania de mercanc\u00edas sancionadas, como el acero y el hierro, dijo Landsbergis. Neg\u00f3 que el transporte de bienes y mercanc\u00edas est\u00e9 \u201ccompletamente restringido\u201d hacia el exclave ruso de Kaliningrado y ha se\u00f1alado que las medidas impuestas contra el tr\u00e1nsito de suministros se enmarcan en las sanciones impuestas por la Uni\u00f3n Europea en el marco de la guerra de Ucrania.<\/p>\n<p>\u201cLos pasajeros y los bienes que no est\u00e1n sujetos a las sanciones de la UE pueden seguir transitando el territorio lituano desde y hacia Kaliningrado\u201d, se\u00f1al\u00f3 el gobierno lituano en un comunicado.<\/p>\n<p style=\"text-align: center;\"><strong>La UE apoya a Lituania ante las quejas rusas por Kaliningrado<\/strong><\/p>\n<p>Por su parte, el Alto Representante de la Uni\u00f3n Europea para Pol\u00edtica Exterior, Josep Borrell, mostr\u00f3 su respaldo a Lituania y defendi\u00f3 que s\u00f3lo aplica las sanciones europeas, despu\u00e9s de se\u00f1alar \u201cpropaganda\u201d de Rusia que denuncia que Vilna bloquea el tr\u00e1fico ferroviario hacia el exclave ruso de Kaliningrado.<\/p>\n<p>\u201cVamos a ser factuales: el tr\u00e1nsito terrestre no est\u00e1 bloqueado, ni parado y el tr\u00e1nsito de productos que no son objeto de sanciones tambi\u00e9n contin\u00faa\u201d, ha asegurado el jefe de la diplomacia comunitaria en rueda de prensa tras la reuni\u00f3n de ministros de Exteriores europeos en Luxemburgo.<\/p>\n<p>En este sentido, calific\u00f3 de \u201cpropaganda\u201d rusa que Lituania est\u00e9 imponiendo sanciones nacionales adicionales a las medidas europeas adoptadas por los Veintisiete en relaci\u00f3n a la invasi\u00f3n rusa de Ucrania. Y ha defendido que las autoridades lituanas se limitan a aplicar las sanciones europeas, siguiendo las directrices dadas por la Comisi\u00f3n Europea.<\/p>\n<p>\u201cNo es culpable Lituania\u201d, ha afirmado Borrell despu\u00e9s de que este asunto haya estado presente en el Consejo de Exteriores en Luxemburgo, en el que el ministro lituano, Gabrielus Landsbergis, ha explicado a los socios europeos la situaci\u00f3n.<\/p>\n<p style=\"text-align: center;\"><strong>Dinamarca mantiene cazas F-16 en vuelo debido a amenaza rusa<\/strong><\/p>\n<p>Mientras tanto, Dinamarca mantendr\u00e1 su flota de cazas F-16 en vuelo tres a\u00f1os m\u00e1s de lo previsto debido a la amenaza de ataque al pa\u00eds por parte de Rusia, inform\u00f3 este lunes el ministro de Defensa del pa\u00eds, Morten Bodskov.<\/p>\n<p>El pa\u00eds de la OTAN gastar\u00e1 156 millones de d\u00f3lares para mantener sus F-16 volando hasta 2027. Dinamarca acord\u00f3 en 2016 la compra de una flota de cazas F-35 Lightning a Lockheed Martin con un plan para retirar sus F-16 en 2024.<\/p>\n<p>\u201cLa defensa del territorio de la OTAN al este es m\u00e1s crucial que en cualquier otro momento de la historia reciente. Por eso estamos ampliando la capacidad operativa de los F-16 mientras se incorporan los nuevos aviones F-35\u201d, dijo Bodskov en un comunicado.<\/p>\n<p>El funcionario explic\u00f3 que \u201cla agresi\u00f3n de Putin en Ucrania ha cambiado Europa y las amenazas a las que nos enfrentamos\u201d.<\/p>\n<p>La decisi\u00f3n permitir\u00e1 a Dinamarca reforzar su defensa nacional y participar en las misiones de la OTAN, como la vigilancia a\u00e9rea en los pa\u00edses b\u00e1lticos, dijo el Ministerio de Defensa.<\/p>\n<p style=\"text-align: center;\"><strong>Rusia acusa a Ucrania de atacar plataformas petroleras en Crimea<\/strong><\/p>\n<p>Autoridades rusas acusaron a las fuerzas ucranianas de haber atacado plataformas de perforaci\u00f3n de crudo en el mar frente a la pen\u00ednsula de Crimea, dejando al menos tres heridos con una operaci\u00f3n de rescate en curso.<\/p>\n<p>Esta ma\u00f1ana el enemigo atac\u00f3 las plataformas de perforaci\u00f3n de Chernomorneftegaz (&#8230;) estamos trabajando para salvar personas\u201d, dijo el lunes en Telegram, Sergei Aksyonov, el jefe del ejecutivo local instalado por Mosc\u00fa en Crimea. Estoy en contacto con nuestros colegas del Ministerio de Defensa y con los Servicios de Inteligencia, estamos rescatando gente\u201d, agreg\u00f3.<\/p>\n<p>Seg\u00fan el funcionario, cinco personas fueron rescatadas y tres de ellos est\u00e1n heridos y contin\u00faa en la b\u00fasqueda con el apoyo de buques de patrulla y la aviaci\u00f3n.<\/p>\n<p>Aksyonov no especific\u00f3 qu\u00e9 plataforma fue afectada, pero Chernomorneftegaz opera varios campos de gas y de petr\u00f3leo en el mar Negro y el mar de Azov.<\/p>\n<p>Este es el primer reporte de un ataque contra una plataforma marina de Crimea desde que Rusia lanz\u00f3 una operaci\u00f3n especial en Ucrania el 24 de febrero.<\/p>\n<p>Las fuerzas ucranianas atacaron plataformas de perforaci\u00f3n de crudo en el mar frente a la pen\u00ednsula de Crimea, causando varios heridos, seg\u00fan las autoridades rusas.<\/p>\n","protected":false},"excerpt":{"rendered":"<p>Rusia advirti\u00f3 a Lituania, miembro de la OTAN, que si no restablece r\u00e1pidamente el tr\u00e1nsito de mercanc\u00edas hacia el exclave de Kaliningrado, en el mar B\u00e1ltico, tomar\u00e1 medidas no especificadas para defender sus intereses nacionales.<\/p>\n","protected":false},"author":3,"featured_media":550889,"comment_status":"open","ping_status":"open","sticky":false,"template":"","format":"standard","meta":{"_monsterinsights_skip_tracking":false,"_monsterinsights_sitenote_active":false,"_monsterinsights_sitenote_note":"","_monsterinsights_sitenote_category":0,"footnotes":""},"categories":[9],"tags":[25385,95799,43679,3143],"class_list":["post-550811","post","type-post","status-publish","format-standard","has-post-thumbnail","hentry","category-mundo","tag-amenaza","tag-lituania","tag-mundo","tag-rusia"],"_links":{"self":[{"href":"https:\/\/www.diarioimagen.net\/index.php?rest_route=\/wp\/v2\/posts\/550811","targetHints":{"allow":["GET"]}}],"collection":[{"href":"https:\/\/www.diarioimagen.net\/index.php?rest_route=\/wp\/v2\/posts"}],"about":[{"href":"https:\/\/www.diarioimagen.net\/index.php?rest_route=\/wp\/v2\/types\/post"}],"author":[{"embeddable":true,"href":"https:\/\/www.diarioimagen.net\/index.php?rest_route=\/wp\/v2\/users\/3"}],"replies":[{"embeddable":true,"href":"https:\/\/www.diarioimagen.net\/index.php?rest_route=%2Fwp%2Fv2%2Fcomments&post=550811"}],"version-history":[{"count":0,"href":"https:\/\/www.diarioimagen.net\/index.php?rest_route=\/wp\/v2\/posts\/550811\/revisions"}],"wp:featuredmedia":[{"embeddable":true,"href":"https:\/\/www.diarioimagen.net\/index.php?rest_route=\/wp\/v2\/media\/550889"}],"wp:attachment":[{"href":"https:\/\/www.diarioimagen.net\/index.php?rest_route=%2Fwp%2Fv2%2Fmedia&parent=550811"}],"wp:term":[{"taxonomy":"category","embeddable":true,"href":"https:\/\/www.diarioimagen.net\/index.php?rest_route=%2Fwp%2Fv2%2Fcategories&post=550811"},{"taxonomy":"post_tag","embeddable":true,"href":"https:\/\/www.diarioimagen.net\/index.php?rest_route=%2Fwp%2Fv2%2Ftags&post=550811"}],"curies":[{"name":"wp","href":"https:\/\/api.w.org\/{rel}","templated":true}]}}