{"id":550813,"date":"2022-06-22T00:01:04","date_gmt":"2022-06-22T05:01:04","guid":{"rendered":"https:\/\/www.diarioimagen.net\/?p=550813"},"modified":"2022-06-22T03:02:40","modified_gmt":"2022-06-22T08:02:40","slug":"eres-mi-heroe-actor-ben-stiller-al-presidente-zelenski","status":"publish","type":"post","link":"https:\/\/www.diarioimagen.net\/?p=550813","title":{"rendered":"Eres mi h\u00e9roe: actor Ben Stiller al presidente Zelenski"},"content":{"rendered":"<p>&nbsp;<\/p>\n<div id=\"attachment_550887\" style=\"width: 470px\" class=\"wp-caption aligncenter\"><img loading=\"lazy\" decoding=\"async\" aria-describedby=\"caption-attachment-550887\" class=\"size-full wp-image-550887\" src=\"https:\/\/www.diarioimagen.net\/wp-content\/uploads\/2022\/06\/GUERRA3-10.jpg\" alt=\"\" width=\"460\" height=\"270\" \/><p id=\"caption-attachment-550887\" class=\"wp-caption-text\">Ben Stiller, embajador de buena voluntad de la ONU, se reuni\u00f3 con el presidente ucraniano Volod\u00edmir Zelenski, en ocasi\u00f3n del D\u00eda Mundial de los Refugiados.<\/p><\/div>\n<p>&nbsp;<\/p>\n<p>El presidente ucraniano, Volod\u00edmir Zelenski, recibi\u00f3 en Kiev a la estrella de Hollywood Ben Stiller, un antiguo compa\u00f1ero de profesi\u00f3n que defini\u00f3 como un \u201ch\u00e9roe\u201d.<\/p>\n<p>\u201cEs un gran honor para m\u00ed (&#8230;) Eres mi h\u00e9roe\u201d, dijo Stiller, embajador de buena voluntad de la ONU que se reuni\u00f3 con el l\u00edder ucraniano en ocasi\u00f3n del D\u00eda Mundial de los Refugiados.<\/p>\n<p>\u201cLo que has hecho, la forma en la que has congregado a tu pa\u00eds, al mundo, es realmente inspiradora\u201d, dijo el c\u00f3mico estadounidense de 56 a\u00f1os en referencia a los numerosos discursos de Zelenski para subir los \u00e1nimos de su poblaci\u00f3n y pedir respaldo al resto del mundo frente a la invasi\u00f3n rusa. Las im\u00e1genes del encuentro fueron difundidas por la oficina de Zelenski que, antes de entrar en pol\u00edtica, se hab\u00eda dado a conocer como actor interpretando en una serie c\u00f3mica a un hipot\u00e9tico presidente ucraniano. Previamente, Stiller hab\u00eda visitado Irpin, escenario de intensas batallas en la periferia de Kiev y la posici\u00f3n m\u00e1s pr\u00f3xima a la capital que lleg\u00f3 a ser tomada por Rusia.<\/p>\n<p>\u201cMe parece que es dif\u00edcil entender lo que est\u00e1 ocurriendo si no has estado aqu\u00ed\u201d, le dijo a Zelenski.<\/p>\n<p>\u201cEstuve en Irpin esta ma\u00f1ana (&#8230;) y el nivel real de destrucci\u00f3n, lo ves en la televisi\u00f3n, lo ves en las redes sociales, pero es algo distinto verlo de verdad, sentirlo y hablar con la gente\u201d, explic\u00f3.<\/p>\n<p>Hablando en ingl\u00e9s, Zelenski agradeci\u00f3 a Stiller la visita y se\u00f1al\u00f3 la relevancia de su visita.<\/p>\n<p>\u201cEs muy importante para nosotros que la gente no olvide. No es interesante hablar de la guerra cada d\u00eda, pero para nosotros es muy importante\u201d, afirm\u00f3.<\/p>\n<p>La pareja tambi\u00e9n reconoci\u00f3 su bagaje profesional en com\u00fan. \u201cDejaste una gran carrera en la actuaci\u00f3n\u201d, dijo Stiller, conocido por sus papeles c\u00f3micos en \u201cLa familia de mi novia\u201d o \u201cUna noche en el museo\u201d. \u201cNo tan grande como la tuya\u201d, respondi\u00f3 Zelenski entre risas de ambos.<\/p>\n","protected":false},"excerpt":{"rendered":"<p>El presidente ucraniano, Volod\u00edmir Zelenski, recibi\u00f3 en Kiev a la estrella de Hollywood Ben Stiller, un antiguo compa\u00f1ero de profesi\u00f3n que defini\u00f3 como un \u201ch\u00e9roe\u201d.<\/p>\n","protected":false},"author":3,"featured_media":550887,"comment_status":"open","ping_status":"open","sticky":false,"template":"","format":"standard","meta":{"_monsterinsights_skip_tracking":false,"_monsterinsights_sitenote_active":false,"_monsterinsights_sitenote_note":"","_monsterinsights_sitenote_category":0,"footnotes":""},"categories":[9],"tags":[95800,43679,617],"class_list":["post-550813","post","type-post","status-publish","format-standard","has-post-thumbnail","hentry","category-mundo","tag-ben-stiller-embajador","tag-mundo","tag-onu"],"_links":{"self":[{"href":"https:\/\/www.diarioimagen.net\/index.php?rest_route=\/wp\/v2\/posts\/550813","targetHints":{"allow":["GET"]}}],"collection":[{"href":"https:\/\/www.diarioimagen.net\/index.php?rest_route=\/wp\/v2\/posts"}],"about":[{"href":"https:\/\/www.diarioimagen.net\/index.php?rest_route=\/wp\/v2\/types\/post"}],"author":[{"embeddable":true,"href":"https:\/\/www.diarioimagen.net\/index.php?rest_route=\/wp\/v2\/users\/3"}],"replies":[{"embeddable":true,"href":"https:\/\/www.diarioimagen.net\/index.php?rest_route=%2Fwp%2Fv2%2Fcomments&post=550813"}],"version-history":[{"count":0,"href":"https:\/\/www.diarioimagen.net\/index.php?rest_route=\/wp\/v2\/posts\/550813\/revisions"}],"wp:featuredmedia":[{"embeddable":true,"href":"https:\/\/www.diarioimagen.net\/index.php?rest_route=\/wp\/v2\/media\/550887"}],"wp:attachment":[{"href":"https:\/\/www.diarioimagen.net\/index.php?rest_route=%2Fwp%2Fv2%2Fmedia&parent=550813"}],"wp:term":[{"taxonomy":"category","embeddable":true,"href":"https:\/\/www.diarioimagen.net\/index.php?rest_route=%2Fwp%2Fv2%2Fcategories&post=550813"},{"taxonomy":"post_tag","embeddable":true,"href":"https:\/\/www.diarioimagen.net\/index.php?rest_route=%2Fwp%2Fv2%2Ftags&post=550813"}],"curies":[{"name":"wp","href":"https:\/\/api.w.org\/{rel}","templated":true}]}}