{"id":550821,"date":"2022-06-22T00:00:27","date_gmt":"2022-06-22T05:00:27","guid":{"rendered":"https:\/\/www.diarioimagen.net\/?p=550821"},"modified":"2022-06-22T01:17:14","modified_gmt":"2022-06-22T06:17:14","slug":"convoca-sony-a-su-16-a-edicion-de-concurso-mundial-de-fotografia","status":"publish","type":"post","link":"https:\/\/www.diarioimagen.net\/?p=550821","title":{"rendered":"Convoca Sony a su 16.\u00aa edici\u00f3n de concurso mundial de fotograf\u00eda"},"content":{"rendered":"<h2>Hora 14<\/h2>\n<h5>Mauricio Conde Olivares<\/h5>\n<p>&nbsp;<\/p>\n<p>Bajo los objetivos de proteger a los animales con servicios de calidad, as\u00ed como evitar el maltrato, la crueldad y el sufrimiento, asegurando la sanidad animal y la salud p\u00fablica; el Ayuntamiento de Benito Ju\u00e1rez, encabezado por la encargada de despacho de la Presidencia Municipal, Lourdes Latife Cardona Muza, ofrece servicios de calidad para el cuidado de las mascotas cancunenses.<\/p>\n<p>De acuerdo con un informe de la Direcci\u00f3n General de Protecci\u00f3n y Bienestar Animal, la Encargada de Despacho report\u00f3 que tan s\u00f3lo 60 d\u00edas, entre abril y mayo de este a\u00f1o, se han otorgado cerca de mil servicios y atenciones en beneficio de los animales dom\u00e9sticos y callejeros.<\/p>\n<p>Se\u00f1al\u00f3 que muchos de estos beneficios, como el caso de las consultas m\u00e9dicas, adopciones y aplicaci\u00f3n de vacuna antirr\u00e1bica, son completamente gratuitos; por lo que adem\u00e1s de promover en la ciudadan\u00eda la cultura del cuidado de la salud de las mascotas, tambi\u00e9n se apoya a la econom\u00eda de miles de familias.<\/p>\n<p>Adicionalmente, la Direcci\u00f3n de Protecci\u00f3n y Bienestar Animal, ubicada sobre la avenida Nichupt\u00e9, entre avenida 135 y calle 147, tambi\u00e9n proporciona servicios a bajo costo y para los cuales es necesario agendar una cita. Estos servicios son: ba\u00f1o garrapaticida con costo de 100.55 pesos, observaci\u00f3n antirr\u00e1bica, cuyo precio es de 471.00 pesos, desparasitaci\u00f3n en 134.42 pesos y esterilizaciones con costos de 392.68 pesos (perros y gatos machos) y 471.00 pesos (perros y gatos hembras).<\/p>\n<p>En el caso de un lamentable fallecimiento de la mascota, los costos por cremaci\u00f3n var\u00edan seg\u00fan el peso del animalito: de 1 a 7 kilos 460.42 pesos, de 8 a 20 kilos 796.99 pesos, de 21 a 40 kilos 1,570.69 pesos y de m\u00e1s de 41 kilos 1,985.60 pesos.<\/p>\n<p>Por otra parte, le inform\u00f3 que creados por la World Photography Organisation, los premios Sony World Photography Awards son una voz autorizada en la industria. Al premiar a las mejores fotograf\u00edas contempor\u00e1neas del \u00faltimo a\u00f1o, los premios ofrecen una gran oportunidad y exposici\u00f3n para fot\u00f3grafos de todo el mundo. Sony apoya la celebraci\u00f3n de los premios para contribuir al continuo desarrollo de la cultura fotogr\u00e1fica y ofrecer una plataforma global para los talentos de la actualidad.<\/p>\n<p>Los trabajos para la 16.\u00aa edici\u00f3n de los Sony World Photography Awards podr\u00e1n enviarse a partir del 1 de junio de 2022 de manera gratuita a trav\u00e9s de www.worldphoto.org.<\/p>\n<p>La inscripci\u00f3n es totalmente gratuita y podr\u00e1n participar fotograf\u00edas tomadas con cualquier marca o equipo fotogr\u00e1fico. Los fot\u00f3grafos son calificados de forma an\u00f3nima por un panel de expertos de la industria.<\/p>\n<p>Los fot\u00f3grafos de todo el mundo est\u00e1n invitados a participar en las cuatro competencias que integran los premios: Profesional, que galardona incre\u00edbles series de entre 5 y 10 im\u00e1genes en diez categor\u00edas diferentes; Abierta, que premia a las mejores im\u00e1genes individuales del mundo en diez categor\u00edas, Juvenil, un desaf\u00edo para talentos emergentes menores de 19 a\u00f1os, y Estudiantil, que destaca el trabajo de estudiantes de fotograf\u00eda de todo el mundo.<\/p>\n<p>Por cuarta ocasi\u00f3n se celebrar\u00e1 el talento latinoamericano con el Latin America Professional Award, que ofrece la oportunidad a los fot\u00f3grafos latinos de difundir sus historias desde la perspectiva de su lente, con series fotogr\u00e1ficas de 5 a 10 im\u00e1genes. Asimismo se premiar\u00e1n las im\u00e1genes individuales con el Latin America National Award. A\u00f1o con a\u00f1o la participaci\u00f3n de los artistas de la regi\u00f3n ha ido creciendo, lo que es una muestra de que hay mucho por mostrar al resto del mundo.<\/p>\n<p>Este a\u00f1o, Sony lanz\u00f3 un nuevo premio que otorga reconocimiento a las historias, las personas y las organizaciones cuyas acciones destacan uno de los Objetivos de Desarrollo Sostenible de la ONU. Esto puede incluir representaciones del cambio clim\u00e1tico, im\u00e1genes que muestren la importancia de las tecnolog\u00edas e innovaciones en materia de ecolog\u00eda o un homenaje a las personas y grupos que trabajan para marcar una diferencia.<\/p>\n<p>El fot\u00f3grafo que gane el Premio a la sustentabilidad recibir\u00e1 5 mil d\u00f3lares en efectivo y una presentaci\u00f3n de su proyecto como parte de la exhibici\u00f3n de los Sony World Photography Awards en Londres. Todos los fot\u00f3grafos que se registren en la Competencia Profesional ser\u00e1n aptos para ganar el premio. El ganador se elegir\u00e1 de una larga lista de 30 participantes de cada categor\u00eda.<\/p>\n<p>Presentaci\u00f3n exclusiva del Fot\u00f3grafo del A\u00f1o<\/p>\n<p>En 2023, se presentar\u00e1 un nuevo elemento de premiaci\u00f3n para el Fot\u00f3grafo del A\u00f1o. Adem\u00e1s del premio de 25 mil d\u00f3lares en efectivo, equipo de imagen digital de Sony y la inclusi\u00f3n en la exhibici\u00f3n y el anuario de los Sony World Photography Awards, la persona ganadora realizar\u00e1 una presentaci\u00f3n exclusiva de su trabajo como parte de la exhibici\u00f3n de Londres del a\u00f1o siguiente. Esta oportunidad permitir\u00e1 a los fot\u00f3grafos desarrollar a\u00fan m\u00e1s sus proyectos ganadores o exhibir trabajos totalmente nuevos, lo que les brindar\u00e1 mayor exposici\u00f3n y un avance en sus carreras profesionales.<\/p>\n<p>Formato de la Competencia Juvenil<\/p>\n<p>Los Sony World Photography Awards 2023 presentan un nuevo formato de la Competencia Juvenil; \u00e9sta se abrir\u00e1 a cualquier persona menor de 19 a\u00f1os e invita a los participantes a enviar hasta tres im\u00e1genes relacionadas con el tema Your Everyday (Tu d\u00eda a d\u00eda).<\/p>\n<p>El tema convoca a los fot\u00f3grafos a compartir escenas de su vida cotidiana y de las personas que los rodean. Ya sea calles bulliciosas, paisajes id\u00edlicos o retratos irresistibles, sin importar el g\u00e9nero, la t\u00e9cnica ni el tema, la competencia busca captar la mirada \u00fanica del mundo por parte de las personas. Los jueces pre seleccionar\u00e1n a 10 fot\u00f3grafos que competir\u00e1n por el t\u00edtulo de Fot\u00f3grafo Juvenil del A\u00f1o.<\/p>\n<p>Tema de la Competencia Estudiantil<\/p>\n<p>Para la Competencia Estudiantil de este a\u00f1o, Sony pide a los participantes que consideren el tema In a Changing World (En un mundo cambiante). Nuestro mundo cambia r\u00e1pidamente y buscamos fot\u00f3grafos que puedan mostrarnos historias positivas de desarrollo y progreso. Esto podr\u00eda abarcar una amplia variedad de temas, desde medioambiente hasta tecnolog\u00eda y la forma en que trabajamos y vivimos. Los estudiantes podr\u00edan elegir enfocarse en c\u00f3mo hemos modificado los patrones laborales y la configuraci\u00f3n de las oficinas, c\u00f3mo respondemos a la crisis clim\u00e1tica de una forma m\u00e1s consciente o, incluso, los particulares avances en materia de tecnolog\u00eda e investigaci\u00f3n.<\/p>\n<p>En cinco a diez im\u00e1genes, los fot\u00f3grafos deber\u00edan describir c\u00f3mo ellos (o alguien a quien documenten) responden a los cambios que los rodean. Las im\u00e1genes se pueden tomar con cualquier dispositivo y en cualquier estilo. Aunque alentamos las respuestas creativas, es clave seguir el tema propuesto.<\/p>\n<p><strong>Fechas de cierre y premios 2023<\/strong><\/p>\n<p>La inscripci\u00f3n en los Sony World Photography Awards comenz\u00f3 el 1 de junio de 2022.<\/p>\n<p>Las fechas de cierre de inscripci\u00f3n para presentar los trabajos en las cuatro competencias son las siguientes:<\/p>\n<p>Profesional: 13 de enero de 2023 a las 13:00 GMT<\/p>\n<p>Abierta: 6 de enero de 2023 a las 13:00 GMT<\/p>\n<p>Estudiantil: 30 de noviembre de 2022 a las 13:00 GMT<\/p>\n<p>Juvenil: 6 de enero de 2023 a las 13:00 GMT<\/p>\n<p>Todos los ganadores de las diferentes categor\u00edas de las competencias Profesional, Abierta, Juvenil y Estudiantil recibir\u00e1n equipos de imagen digital de Sony. Adem\u00e1s, se entregar\u00e1n los siguientes premios en efectivo: el <em>Fot\u00f3grafo del A\u00f1o <\/em>recibir\u00e1\u00a0 25 mil d\u00f3lares, el Fot\u00f3grafo del A\u00f1o de la Competencia Abierta recibir\u00e1 5 mil d\u00f3lares y el ganador del Premio a la sustentabilidad recibir\u00e1\u00a0 5 mil d\u00f3lares. Los trabajos de todos los fot\u00f3grafos ganadores y preseleccionados se exhibir\u00e1n en la muestra anual de los premios Sony World Photography Awards en Londres y, luego, en distintas partes del mundo. Las im\u00e1genes ganadoras tambi\u00e9n se publicar\u00e1n en el anuario de los premios; empero, lo anterior ser\u00e1 motivo de otro an\u00e1lisis en posterior entrega de <strong><em>Hora 14<\/em><\/strong>.<\/p>\n<p><em><a href=\"mailto:%20mauricio_conde@msn.com\" target=\"_blank\" rel=\"noopener noreferrer\">mauricioconde59@outlook.com<\/a><\/em><br \/>\n<em><a href=\"https:\/\/twitter.com\/mauconde\" target=\"_blank\" rel=\"noopener noreferrer\">@mauconde<\/a> <\/em><br \/>\n<em><a href=\"https:\/\/mauriciocondeblog.wordpress.com\" target=\"_blank\" rel=\"noopener noreferrer\">https:\/\/mauriciocondeblog.wordpress.com<\/a><\/em><\/p>\n","protected":false},"excerpt":{"rendered":"<p><span style=\"color: #005497;\"><strong>Mauricio Conde Olivares<\/strong><\/span><\/p>\n","protected":false},"author":3,"featured_media":0,"comment_status":"open","ping_status":"open","sticky":false,"template":"","format":"standard","meta":{"_monsterinsights_skip_tracking":false,"_monsterinsights_sitenote_active":false,"_monsterinsights_sitenote_note":"","_monsterinsights_sitenote_category":0,"footnotes":""},"categories":[35889],"tags":[43712,43674,44860],"class_list":["post-550821","post","type-post","status-publish","format-standard","hentry","category-mauricio-conde-olivares","tag-mauricio-conde-olivares","tag-opinion","tag-hora-14"],"_links":{"self":[{"href":"https:\/\/www.diarioimagen.net\/index.php?rest_route=\/wp\/v2\/posts\/550821","targetHints":{"allow":["GET"]}}],"collection":[{"href":"https:\/\/www.diarioimagen.net\/index.php?rest_route=\/wp\/v2\/posts"}],"about":[{"href":"https:\/\/www.diarioimagen.net\/index.php?rest_route=\/wp\/v2\/types\/post"}],"author":[{"embeddable":true,"href":"https:\/\/www.diarioimagen.net\/index.php?rest_route=\/wp\/v2\/users\/3"}],"replies":[{"embeddable":true,"href":"https:\/\/www.diarioimagen.net\/index.php?rest_route=%2Fwp%2Fv2%2Fcomments&post=550821"}],"version-history":[{"count":0,"href":"https:\/\/www.diarioimagen.net\/index.php?rest_route=\/wp\/v2\/posts\/550821\/revisions"}],"wp:attachment":[{"href":"https:\/\/www.diarioimagen.net\/index.php?rest_route=%2Fwp%2Fv2%2Fmedia&parent=550821"}],"wp:term":[{"taxonomy":"category","embeddable":true,"href":"https:\/\/www.diarioimagen.net\/index.php?rest_route=%2Fwp%2Fv2%2Fcategories&post=550821"},{"taxonomy":"post_tag","embeddable":true,"href":"https:\/\/www.diarioimagen.net\/index.php?rest_route=%2Fwp%2Fv2%2Ftags&post=550821"}],"curies":[{"name":"wp","href":"https:\/\/api.w.org\/{rel}","templated":true}]}}