{"id":550836,"date":"2022-06-22T00:02:45","date_gmt":"2022-06-22T05:02:45","guid":{"rendered":"https:\/\/www.diarioimagen.net\/?p=550836"},"modified":"2022-06-22T01:54:28","modified_gmt":"2022-06-22T06:54:28","slug":"se-le-cayo-el-discurso-de-pulpito-a-amlo","status":"publish","type":"post","link":"https:\/\/www.diarioimagen.net\/?p=550836","title":{"rendered":"Se le cay\u00f3 el discurso de p\u00falpito a AMLO"},"content":{"rendered":"<h2>La Retaguardia<\/h2>\n<h5>Adriana Moreno Cordero<\/h5>\n<p><strong>\u00a0<\/strong><\/p>\n<ul>\n<li><em><strong>Parece que el Presidente quisiera la \u201cpaz narca\u201d<\/strong><\/em><\/li>\n<\/ul>\n<p>&nbsp;<\/p>\n<p>A lo largo de esta errada y llamada Cuarta Transformaci\u00f3n, quien la encabeza se ha caracterizado por tener un perfil que tiende a apegarse al lado religioso. Ah\u00ed est\u00e1 que en sus tiempos de candidato presidencial, <strong>Andr\u00e9s Manuel L\u00f3pez Obrador<\/strong> fue conocido tambi\u00e9n como el \u201cMes\u00edas tropical\u201d. Adem\u00e1s, cu\u00e1ntos discursos ha pronunciado a favor de la austeridad, la fraternidad, la moralidad y qui\u00e9n sabe qu\u00e9 m\u00e1s conceptos que en medio del clima de violencia que vive el pa\u00eds, de plano no encajan. Recientemente -como se recordar\u00e1- el Presidente dijo que el pa\u00eds deb\u00eda de transitar de \u201cla austeridad republicana a la pobreza franciscana\u201d.<\/p>\n<p>El gustad\u00edsimo \u201cstand-up\u201d ma\u00f1anero, adem\u00e1s, se ha convertido tambi\u00e9n en un mensaje de p\u00falpito en el que una y otra vez, el Presidente repite que sus adversarios no tienen ni una sola prueba en contra de \u00e9l que pueda echar por tierra que es \u201cun hombre de valores\u201d.<\/p>\n<p>Sin embargo, la dram\u00e1tica realidad le dio el en\u00e9simo rev\u00e9s al tabasque\u00f1o ayer, por el asesinato y robo de los cuerpos de los dos sacerdotes jesuitas: <strong>Javier Campos<\/strong> y <strong>Joaqu\u00edn Mora Salazar<\/strong>, que auxiliaron a una tercera persona que perseguida, entr\u00f3 herido a la iglesia en Cerocahui, poblaci\u00f3n ubicada en el municipio de Urique, Chihuahua, donde los tres perdieron la vida.<\/p>\n<p>Apenas reci\u00e9n enter\u00e1ndonos que el pasado mes de mayo, fue el m\u00e1s violento, en el marco de la pseudo estrategia lopezobradorista de combate a la inseguridad de \u201cabrazos, no balazos\u201d, y la flamante secretaria de Seguridad y Protecci\u00f3n Ciudadana a nivel federal, <strong>Rosa Icela Rodr\u00edguez<\/strong>, maquillle y maquille cifras, en el panorama de esta errada y llamada Cuarta Transformaci\u00f3n se avizora otro nueva confrontaci\u00f3n de L\u00f3pez Obrador, esta vez, con la Iglesia cat\u00f3lica, que de inmediato alz\u00f3 la voz en demanda de justicia.<\/p>\n<p>Y por si alguna duda le quedara al inquilino de Palacio Nacional, ah\u00ed est\u00e1n los desplegados de condena a estos violentos hechos emitidos por la Compa\u00f1\u00eda de Jes\u00fas; los planteles educativos que tienen como la Ibero, as\u00ed como la Conferencia del Episcopado Mexicano, (CEM). Pero el tabasque\u00f1o, opt\u00f3 por hacer que estaba medio enterado de esta grav\u00edsima situaci\u00f3n y tom\u00f3 como distractor, la liberaci\u00f3n de <strong>Julian Assange<\/strong>, porque parte de la premisa de que haciendo caso omiso y no confrontando a los criminales, as\u00ed como por acto de magia, pues ya no pasa nada.<\/p>\n<p>Porque hay que recordar que a los inicios de su errada y fallida gesti\u00f3n, el tabasque\u00f1o se comprometi\u00f3 a reducir en un 50 por ciento los homicidios, en sus primeros tres meses y a la fecha, la tendencia se ha incrementado<\/p>\n<p>Quiz\u00e1s este sea un dato como para no tomar muy en cuenta, pero el <strong>Papa Francisco<\/strong>, es el primer Pont\u00edfice surgido precisamente, de la Compa\u00f1\u00eda de Jes\u00fas, la m\u00e1s numerosa y poderosa organizaci\u00f3n cat\u00f3lica, con presencia en buena parte del mundo.<\/p>\n<p>El problema para el inquilino de Palacio Nacional, tan preocupado siempre por los criminales porque \u201ctambi\u00e9n son seres humanos\u201d y se ocupa en cuidarlos, es que \u00e9l quisiera lo que los especialistas llaman la \u201cpaz narca\u201d, esto es, que s\u00f3lo un grupo delincuencial controle la plaza para evitar la confrontaci\u00f3n. De hecho, el ejemplo m\u00e1s palpable es aquel recordado \u201cculiacanazo\u201d, donde el Presidente determin\u00f3 liberar a <strong>Ovidio Guzm\u00e1n<\/strong> y pr\u00e1cticamente ha demostrado estar supeditado a dicha organizaci\u00f3n delincuencial.<\/p>\n<p>Ante este clima, no es osado pronosticar que esta errada y llamada Cuarta Transformaci\u00f3n estar\u00e1 marcada por ser el sexenio m\u00e1s violento de la historia. Es evidente que el Estado de Derecho no cumple con su deber y no solo nos estamos refiriendo a la actual administraci\u00f3n<\/p>\n<p>L\u00f3gico es que la actitud asumida por el gobierno de Chihuahua sea tambi\u00e9n reprobable. No puede ser que la gobernadora <strong>Maru Campos<\/strong> haya echado mano del consabido y sobado discurso de que se llegar\u00e1 hasta el fondo en estas investigaciones, \u201ccaiga quien caiga\u201d, como suele decirse en este tipo de situaciones y mientras, el fiscal chihuahuense, <strong>Roberto Javier Fierro Duarte<\/strong>, guarda silencio ante los justos reclamos de exigencia de justicia -ojo- en los tres niveles de gobierno.<\/p>\n<p>Habr\u00e1 que ver, entonces, que si ya se tiene identificado al responsable de estos asesinatos, que ser\u00eda el l\u00edder criminal <strong>Jos\u00e9 Noriel Portillo<\/strong>, apodado \u201cEl Chueco\u201d, sea capturado de un momento a otro, sin embargo, el operativo para capturarlo, no ha sido tan efectivo como se quisiera.<\/p>\n<p style=\"text-align: center;\"><strong>Municiones<\/strong><\/p>\n<p>*** Hizo lo que estaba previsto. El gobernador de Veracruz, <strong>Cuitl\u00e1huac Garc\u00eda Jim\u00e9nez<\/strong>, presuroso, acudi\u00f3 ayer mismo por la tarde ni m\u00e1s ni menos que a Palacio Nacional, para lamentarse con su jefe de lo que fue su gran derrota en sus intentos por seguir teniendo preso a <strong>Jos\u00e9 Manuel del R\u00edo Virgen<\/strong> en el penal de Pacho Viejo. No lo consigui\u00f3 y eso que el gobernador consentido del tabasque\u00f1o tuvo a buen cuidado intimidar y acosar a Del R\u00edo mientras estuvo en Veracruz. El rostro desencajado de Garc\u00eda Jim\u00e9nez lo dec\u00eda todo, no obstante, a su arribo a Palacio Nacional descart\u00f3 que el encuentro fuera para tratar este expediente que por cierto, les resulta tan inc\u00f3modo, tanto al mandatario estatal como al de Tepetit\u00e1n y a modo de disculpa que por cierto, nadie le crey\u00f3, Cuitl\u00e1huac Garc\u00eda dijo que hablar\u00eda con el Ejecutivo de la rehabilitaci\u00f3n del Fuerte de San Juan de Ul\u00faa. \u00a1Aj\u00e1, s\u00ed!<\/p>\n<p>*** Ocupad\u00edsimo est\u00e1 el presidente del CEN del partido oficial, <strong>Mario Mart\u00edn Delgado<\/strong>, preparando el magno evento que tendr\u00e1 Morena este fin de semana ni m\u00e1s ni menos que en Coahuila, o sea, otra \u201ccargada\u201d en la que las \u201ccorcholatas y corcholatos\u201d morenistas, se podr\u00e1n placear, pero eso s\u00ed, deber\u00e1n tener m\u00e1s cuidado y usar cubrebocas, porque si no, ya se ha visto luego qu\u00e9 pasa. En fin, el l\u00edder morenista asegura a voz en cuello que su partido ya tiene el triunfo en esa entidad tambi\u00e9n, en las elecciones que se llevar\u00e1n a cabo el a\u00f1o entrante, pero \u00bfser\u00e1 que el se\u00f1or Delgado est\u00e1 echando \u201clas campanas al vuelo\u201d muy a la ligera?<\/p>\n<p>*** La semana pasada fue el dirigente del CEN del PRI, <strong>Alejandro Moreno<\/strong>, quien ha sabido \u201ccapotear\u201d la situaci\u00f3n; en la presente es el l\u00edder nacional del PAN, <strong>Marko Cort\u00e9s<\/strong>. El caso es que ahora la ex diputada federal albiceleste, <strong>Adriana D\u00e1vila<\/strong>, se une a las voces que piden que Cort\u00e9s rinda cuentas sobre los resultados que obtuvo Acci\u00f3n Nacional en los comicios celebrados el pasado domingo 5 de junio. La ex legisladora panista, lo calific\u00f3 como una \u201cdebacle electoral\u201d. Antes fue el senador perteneciente al Grupo Plural, <strong>Gustavo Enrique Madero<\/strong>, el que pidi\u00f3 a Marko Cort\u00e9s, revisar dichos resultados, a lo que \u00e9ste \u00faltimo acept\u00f3. En este caso, \u00bfd\u00f3nde estar\u00e1 \u201cla mano que mece la cuna\u201d para terminar con la coalici\u00f3n \u201cVa por M\u00e9xico\u201d?<\/p>\n<p><u><a href=\"mailto:morcora@gmail.com\" target=\"_blank\" rel=\"noopener noreferrer\"><em>morcora@gmail.com<\/em><\/a><\/u><\/p>\n","protected":false},"excerpt":{"rendered":"<p><span style=\"color: #005497;\"><strong>Adriana Moreno Cordero<\/strong><\/span><\/p>\n","protected":false},"author":3,"featured_media":0,"comment_status":"open","ping_status":"open","sticky":false,"template":"","format":"standard","meta":{"_monsterinsights_skip_tracking":false,"_monsterinsights_sitenote_active":false,"_monsterinsights_sitenote_note":"","_monsterinsights_sitenote_category":0,"footnotes":""},"categories":[69370],"tags":[69369,69368,43674],"class_list":["post-550836","post","type-post","status-publish","format-standard","hentry","category-adriana-moreno-cordero","tag-adriana-moreno-cordero","tag-la-retaguardia","tag-opinion"],"_links":{"self":[{"href":"https:\/\/www.diarioimagen.net\/index.php?rest_route=\/wp\/v2\/posts\/550836","targetHints":{"allow":["GET"]}}],"collection":[{"href":"https:\/\/www.diarioimagen.net\/index.php?rest_route=\/wp\/v2\/posts"}],"about":[{"href":"https:\/\/www.diarioimagen.net\/index.php?rest_route=\/wp\/v2\/types\/post"}],"author":[{"embeddable":true,"href":"https:\/\/www.diarioimagen.net\/index.php?rest_route=\/wp\/v2\/users\/3"}],"replies":[{"embeddable":true,"href":"https:\/\/www.diarioimagen.net\/index.php?rest_route=%2Fwp%2Fv2%2Fcomments&post=550836"}],"version-history":[{"count":0,"href":"https:\/\/www.diarioimagen.net\/index.php?rest_route=\/wp\/v2\/posts\/550836\/revisions"}],"wp:attachment":[{"href":"https:\/\/www.diarioimagen.net\/index.php?rest_route=%2Fwp%2Fv2%2Fmedia&parent=550836"}],"wp:term":[{"taxonomy":"category","embeddable":true,"href":"https:\/\/www.diarioimagen.net\/index.php?rest_route=%2Fwp%2Fv2%2Fcategories&post=550836"},{"taxonomy":"post_tag","embeddable":true,"href":"https:\/\/www.diarioimagen.net\/index.php?rest_route=%2Fwp%2Fv2%2Ftags&post=550836"}],"curies":[{"name":"wp","href":"https:\/\/api.w.org\/{rel}","templated":true}]}}