{"id":550845,"date":"2022-06-22T00:05:32","date_gmt":"2022-06-22T05:05:32","guid":{"rendered":"https:\/\/www.diarioimagen.net\/?p=550845"},"modified":"2022-06-22T02:06:39","modified_gmt":"2022-06-22T07:06:39","slug":"morena-nuevo-pri","status":"publish","type":"post","link":"https:\/\/www.diarioimagen.net\/?p=550845","title":{"rendered":"\u00bfMorena, nuevo PRI?"},"content":{"rendered":"<h2>Perfil de M\u00e9xico<\/h2>\n<h5>Armando R\u00edos Ruiz<\/h5>\n<p>&nbsp;<\/p>\n<p>Recuerdo que poco despu\u00e9s del triunfo de Morena en las elecciones presidenciales de 2018, se dijo que hubo un acuerdo para que el partido de L\u00f3pez se convirtiera en el nuevo PRI y que inclusive, los ex Presidentes Carlos Salinas y Pe\u00f1a Nieto figuraban en este consenso y por ello, nunca ser\u00edan molestados.<\/p>\n<p>Como las ratas que abandonan el barco cuando comienza a hundirse, multitud de priistas y de perredistas, principalmente, acudieron desde antes, a buscar refugio en el nuevo partido que mostraba su fuerza, creado por el pol\u00edtico de Tabasco. M\u00e1s val\u00eda presentar sus respetos al pr\u00f3ximo nuevo monarca, que quedarse sin trabajo. Las ideolog\u00edas eran lo de menos, como siempre.<\/p>\n<p>En 2021, Alejandro Moreno, conocido tambi\u00e9n como Alito, entonces gobernador de Campeche es llevado a la presidencia del tricolor por inmensa mayor\u00eda, pese a su probada riqueza repentina, exhibida por propios y extra\u00f1os que no deseaban su arribo.\u00a0 Una investigaci\u00f3n period\u00edstica revel\u00f3 que se hizo de m\u00faltiples propiedades. Compr\u00f3 terrenos a precios de risa, se hizo de posesiones con rapidez supers\u00f3nica y multiplic\u00f3 su riqueza a la velocidad de la luz.<\/p>\n<p>Hizo construir una majestuosa residencia en sus dos a\u00f1os de gobernador, durante los cuales tuvo ingresos por cinco millones de pesos, entre sueldos y otros menesteres, seg\u00fan \u00e9l mismo revel\u00f3, en un terreno que mide una hect\u00e1rea o 10 mil metros cuadrados, con un valor de 46 millones de pesos. \u00bfDe d\u00f3nde?<\/p>\n<p>Recuerdo que la c\u00fapula del PRI, dirigido entonces por Claudia Ruiz Masieu, le dio preferencia como candidato y desde\u00f1\u00f3 a otros de probada honestidad, desempe\u00f1o con mucha capacidad en otras funciones, probidad, inteligencia, cultura muy por arriba de lo normal, como el doctor Jos\u00e9 Narro Robles, quien despu\u00e9s del triunfo de Alito, decidi\u00f3 abandonar las filas del PRI.<\/p>\n<p>La tambi\u00e9n aspirante, Ivonne Ortega, ex gobernadora de Yucat\u00e1n, denuncio una votaci\u00f3n inequitativa, con graves irregularidades. La c\u00fapula del partido recurri\u00f3 a las pr\u00e1cticas m\u00e1s deshonestas. Hubo quien vot\u00f3 dos veces y a representantes de su candidatura se les prohibi\u00f3 estar presentes en algunos centros de votaci\u00f3n, manifest\u00f3.<\/p>\n<p>Tambi\u00e9n se mencion\u00f3 que Claudia Ruiz Massieu fue impuesta por la voluntad de Salinas, su t\u00edo y aconsejada para actuar a favor de Alito, porque eso respond\u00eda al arreglo. Hoy, esta conjetura ha vuelto a aparecer entre personas que se dedican a hacer an\u00e1lisis pol\u00edticos, dada la necedad a ultranza de muchos priistas, de mantener a Alejandro Moreno como presidente del partido.<\/p>\n<p>A pesar tambi\u00e9n de que bajo su presidencia, el PRI ha perdido 12 gubernaturas. Es decir, lejos de ser el remedio est\u00e1 por convertirse en el sepulturero del partido que gobern\u00f3 71 a\u00f1os. Las que parecen elucubraciones, tal vez son verdades de ese pacto de que se habl\u00f3 anteriormente.<\/p>\n<p>Si de veras, Alejandro Moreno quiere tanto al PRI, \u00bfpor qu\u00e9 no renuncia y deja el paso a alguien m\u00e1s probo y con intenciones sinceras de presentar a M\u00e9xico un partido renovado en ideas y acciones? \u00bfPor qu\u00e9 no acepta que no tiene capacidad para dirigirlo y evita convertirse en su enterrador?<\/p>\n<p>\u00bfPor qu\u00e9 se muestra muy echado para adelante con expresiones como aquella de que \u201cnadie nos va a callar\u201d y al afirmar que \u201cel PRI siempre levantar\u00e1 la voz ante un gobierno que no da resultados\u201d, cuando es tan vulnerable? \u00bfEs parte de un arreglo? De mantenerlo en el poder para acabar de entregar los gobiernos exiguos que a\u00fan mantiene el partido, en las elecciones de 2023?<\/p>\n<p>Hacerle un juicio por enriquecimiento il\u00edcito ser\u00eda m\u00e1s o menos f\u00e1cil y seguramente \u00e9l lo tiene muy claro. Pero tambi\u00e9n parece obedecer a una transacci\u00f3n para decirle a los mexicanos que todo es normal y que Morena representa al partido campe\u00f3n de campeones, cuya vigencia tendr\u00e1 que alargarse.<\/p>\n<p>Hace unos d\u00edas, la diputada federal Lorena Pi\u00f1\u00f3n acus\u00f3 a la senadora Claudia Ruiz Massieu\u00a0 de hacer el trabajo sucio de Morena rumbo a las elecciones 2024 y de haber matado al PRI.<\/p>\n<p><a href=\"mailto:ariosruiz@gmail.com\" target=\"_blank\" rel=\"noopener noreferrer\"><em>ariosruiz@gmail.com<\/em><\/a><\/p>\n","protected":false},"excerpt":{"rendered":"<p><span style=\"color: #005497;\"><strong>Armando R\u00edos Ruiz<\/strong><\/span><\/p>\n","protected":false},"author":3,"featured_media":0,"comment_status":"open","ping_status":"open","sticky":false,"template":"","format":"standard","meta":{"_monsterinsights_skip_tracking":false,"_monsterinsights_sitenote_active":false,"_monsterinsights_sitenote_note":"","_monsterinsights_sitenote_category":0,"footnotes":""},"categories":[88405],"tags":[88407,43674,91193],"class_list":["post-550845","post","type-post","status-publish","format-standard","hentry","category-armando-rios-ruiz","tag-armando-rios-ruiz","tag-opinion","tag-perfil-de-mexico"],"_links":{"self":[{"href":"https:\/\/www.diarioimagen.net\/index.php?rest_route=\/wp\/v2\/posts\/550845","targetHints":{"allow":["GET"]}}],"collection":[{"href":"https:\/\/www.diarioimagen.net\/index.php?rest_route=\/wp\/v2\/posts"}],"about":[{"href":"https:\/\/www.diarioimagen.net\/index.php?rest_route=\/wp\/v2\/types\/post"}],"author":[{"embeddable":true,"href":"https:\/\/www.diarioimagen.net\/index.php?rest_route=\/wp\/v2\/users\/3"}],"replies":[{"embeddable":true,"href":"https:\/\/www.diarioimagen.net\/index.php?rest_route=%2Fwp%2Fv2%2Fcomments&post=550845"}],"version-history":[{"count":0,"href":"https:\/\/www.diarioimagen.net\/index.php?rest_route=\/wp\/v2\/posts\/550845\/revisions"}],"wp:attachment":[{"href":"https:\/\/www.diarioimagen.net\/index.php?rest_route=%2Fwp%2Fv2%2Fmedia&parent=550845"}],"wp:term":[{"taxonomy":"category","embeddable":true,"href":"https:\/\/www.diarioimagen.net\/index.php?rest_route=%2Fwp%2Fv2%2Fcategories&post=550845"},{"taxonomy":"post_tag","embeddable":true,"href":"https:\/\/www.diarioimagen.net\/index.php?rest_route=%2Fwp%2Fv2%2Ftags&post=550845"}],"curies":[{"name":"wp","href":"https:\/\/api.w.org\/{rel}","templated":true}]}}