{"id":550852,"date":"2022-06-22T00:08:18","date_gmt":"2022-06-22T05:08:18","guid":{"rendered":"https:\/\/www.diarioimagen.net\/?p=550852"},"modified":"2022-06-22T02:16:01","modified_gmt":"2022-06-22T07:16:01","slug":"los-lideres-opositores","status":"publish","type":"post","link":"https:\/\/www.diarioimagen.net\/?p=550852","title":{"rendered":"Los l\u00edderes opositores"},"content":{"rendered":"<h2>Punto por punto<\/h2>\n<h5>Augusto Corro<\/h5>\n<p>&nbsp;<\/p>\n<p>La contienda electoral presidencial de 2024 exigir\u00e1 que la oposici\u00f3n partidista est\u00e9 unida, con l\u00edderes en condiciones de enfrentar con efectividad al Movimiento Regeneraci\u00f3n Nacional (Morena). Sin embargo, en organizaciones opositoras se escuchan voces de inconformidad.<\/p>\n<p>En las organizaciones opositoras tendr\u00e1n que irse con tiento si quieren entregar buenas cuentas a sus seguidores. Por ejemplo, en el Partido Revolucionario Institucional (PRI), su l\u00edder Alejandro Moreno C\u00e1rdenas (a) \u201cAlito\u201d fue sometido a severos cuestionamientos por parte de jerarcas de ese instituto pol\u00edtico.<\/p>\n<p>Los priistas fueron directo al asunto y le pidieron la renuncia a \u201cAlito\u201d, quien, de plano, rechaz\u00f3 esa solicitud de abandonar el cargo. A esta situaci\u00f3n se lleg\u00f3 luego de una cadena de acusaciones en contra del priista, ex gobernador de Campeche y diputado.<\/p>\n<p>En una serie de audios, el dirigente evidenci\u00f3 temas relacionados con el lavado de dinero. Adem\u00e1s, tuvo la ocurrencia de sugerir a un interlocutor lo siguiente: \u201cNam\u00e1s te voy a dar un dato: A los periodistas no hay que matarlos a balazos, pap\u00e1, hay que matarlos de hambre\u201d.<\/p>\n<p>La militancia priista empez\u00f3 a abandonar las filas debido a la err\u00e1tica pol\u00edtica de sus dirigentes, que marcaron sexenios de corrupci\u00f3n. Como nunca, sus gobernadores fueron acusados de saquear el erario, en Veracruz, Quintana Roo, Nayarit, Chihuahua, etc.<\/p>\n<p>El Revolucionario Institucional perdi\u00f3 las elecciones presidenciales de 2000, 2006, recuper\u00f3 el poder en 2012 y fue derrotado nuevamente en 2018 por Morena. A partir del presente sexenio, el partido tricolor empez\u00f3 a marcar su peor \u00e9poca, pues renunci\u00f3 a su esencia pol\u00edtica para integrarse a la alianza partidista Va por M\u00e9xico.<\/p>\n<p>Esa coalici\u00f3n la forman el Partido Acci\u00f3n Nacional (PAN) y el Partido de la Revoluci\u00f3n Democr\u00e1tica (PRD). No se obtuvieron los resultados que esperaban; pero siguen aliados, con la injerencia o asesor\u00eda del empresario Claudio X. Gonz\u00e1lez.<\/p>\n<p>\u00bfCu\u00e1l ser\u00e1 el papel del PRI en la alianza para competir en las elecciones presidenciales pr\u00f3ximas? \u00bfLe conviene al PAN aparecer unido con el conflictivo Revolucionario Institucional, con un l\u00edder que no quiere renunciar a pesar de los errores que le marcaron sus propios compa\u00f1eros?<\/p>\n<p>En el tricolor el conflicto interno crece cada d\u00eda y son m\u00e1s las voces que piden la renuncia de \u201cAlito\u201d. En el partido del sol azteca parece que no hay problemas a la vista, aunque si los hubiera no ser\u00edan de importancia. El PRD es un partido en v\u00edas de extinci\u00f3n, que s\u00f3lo preocupa a sus due\u00f1os: Jes\u00fas Ortega y Jes\u00fas Zambrano (a) \u201cLos Chuchos\u201d.<\/p>\n<p>Jes\u00fas Zambrano, quien est\u00e1 al frente del PRD, \u00fanicamente se encuentra en condiciones de aceptar y cumplir con lo que le ordenan los otros partidos. Triste papel de los perredistas. Adem\u00e1s, tendr\u00e1 que hacer milagros en la adquisici\u00f3n de votos, para no perder su registro como organizaci\u00f3n pol\u00edtica. Es incierto el futuro del perredismo.<\/p>\n<p>En el partido Acci\u00f3n Nacional, su l\u00edder Marko Cort\u00e9s tambi\u00e9n se encuentra en problemas. A los blanquiazules no les satisface la manera en que es dirigida la organizaci\u00f3n. Igual que en el PRI, ya se le plantea una revisi\u00f3n de los resultados electorales.<\/p>\n<p>El senador del Grupo Plural, Gustavo Madero, le envi\u00f3 una carta a Marko Cort\u00e9s en la que le solicit\u00f3 convocar a una reuni\u00f3n entre el actual Comit\u00e9 Ejecutivo Estatal con ex presidentes del partido y ex gobernadores de \u201cla primera ola\u201d.<\/p>\n<p>El legislador se dijo preocupado, pues considera que las alianzas electorales y legislativas con el PRI y el PRD \u201chan sido insuficientes para conseguir, con el respaldo de una firme mayor\u00eda pol\u00edtica, una verdadera alternativa pol\u00edtica\u201d.\u00a0 Concluy\u00f3 Madero que el PAN debe ser la piedra angular del arco democr\u00e1tico que necesita nuestro pa\u00eds en estos tiempos de zozobra, pero no cualquier PAN, sino la mejor versi\u00f3n de nosotros, de nuestros tiempos\u201d.<\/p>\n<p>\u00bfUsted qu\u00e9 opina amable lector?<\/p>\n<p><a href=\"mailto:aco2742@hotmail.com\" target=\"_blank\" rel=\"noopener noreferrer\"><em>aco2742@hotmail.com<\/em><\/a><\/p>\n","protected":false},"excerpt":{"rendered":"<p><span style=\"color: #005497;\"><strong>Augusto Corro<\/strong><\/span><\/p>\n","protected":false},"author":3,"featured_media":0,"comment_status":"open","ping_status":"open","sticky":false,"template":"","format":"standard","meta":{"_monsterinsights_skip_tracking":false,"_monsterinsights_sitenote_active":false,"_monsterinsights_sitenote_note":"","_monsterinsights_sitenote_category":0,"footnotes":""},"categories":[157],"tags":[43686,43674,11515],"class_list":["post-550852","post","type-post","status-publish","format-standard","hentry","category-augusto-corro","tag-augusto-corro","tag-opinion","tag-punto-por-punto"],"_links":{"self":[{"href":"https:\/\/www.diarioimagen.net\/index.php?rest_route=\/wp\/v2\/posts\/550852","targetHints":{"allow":["GET"]}}],"collection":[{"href":"https:\/\/www.diarioimagen.net\/index.php?rest_route=\/wp\/v2\/posts"}],"about":[{"href":"https:\/\/www.diarioimagen.net\/index.php?rest_route=\/wp\/v2\/types\/post"}],"author":[{"embeddable":true,"href":"https:\/\/www.diarioimagen.net\/index.php?rest_route=\/wp\/v2\/users\/3"}],"replies":[{"embeddable":true,"href":"https:\/\/www.diarioimagen.net\/index.php?rest_route=%2Fwp%2Fv2%2Fcomments&post=550852"}],"version-history":[{"count":0,"href":"https:\/\/www.diarioimagen.net\/index.php?rest_route=\/wp\/v2\/posts\/550852\/revisions"}],"wp:attachment":[{"href":"https:\/\/www.diarioimagen.net\/index.php?rest_route=%2Fwp%2Fv2%2Fmedia&parent=550852"}],"wp:term":[{"taxonomy":"category","embeddable":true,"href":"https:\/\/www.diarioimagen.net\/index.php?rest_route=%2Fwp%2Fv2%2Fcategories&post=550852"},{"taxonomy":"post_tag","embeddable":true,"href":"https:\/\/www.diarioimagen.net\/index.php?rest_route=%2Fwp%2Fv2%2Ftags&post=550852"}],"curies":[{"name":"wp","href":"https:\/\/api.w.org\/{rel}","templated":true}]}}