{"id":550856,"date":"2022-06-22T00:03:20","date_gmt":"2022-06-22T05:03:20","guid":{"rendered":"https:\/\/www.diarioimagen.net\/?p=550856"},"modified":"2022-06-22T02:18:10","modified_gmt":"2022-06-22T07:18:10","slug":"se-agrieta-morena","status":"publish","type":"post","link":"https:\/\/www.diarioimagen.net\/?p=550856","title":{"rendered":"\u00bfSe agrieta Morena?"},"content":{"rendered":"<h2>Espacio Electoral<\/h2>\n<h5>Eleazar Flores<\/h5>\n<p><strong>\u00a0<\/strong><\/p>\n<p><strong>O ES PARA CONFUNDIR-.<\/strong> Conocidas las tres \u201ccorcholatas\u201d bendecidas por el comandante de la Cuarta Transformaci\u00f3n, parecer\u00edan estar unidas pero no es as\u00ed, pues el paisano-primo y secretario de Gobernaci\u00f3n, dijo textualmente en Puebla el domingo pasado, \u201cdiscrepar, pero respetar lo proyectos de Claudia y Marcelo\u201d.<\/p>\n<p>Advirti\u00f3 y adelant\u00f3 adem\u00e1s que como titular de Gobernaci\u00f3n y para no infringir la ley no hablar\u00eda m\u00e1s acerca del tema, pero \u201cposiblemente el pr\u00f3ximo fin de semana\u201d ampliar\u00e1 sus comentarios sobre el particular.<\/p>\n<p>En la frase de \u201cdiscrepar, pero respetar\u201d podr\u00eda estar el secreto\u00a0 guardado, advierten los acuciosos analistas, esos que ven en el responsable de la pol\u00edtica interior del pa\u00eds como \u201cel elegido\u201d, no obstante que hay otros que dan doble contra sencillo que al fin lleg\u00f3 la hora de las mujeres y en cuanto al carnal Marcelo, advierten que su contagio de Covid podr\u00eda ser un distractor que le sume espacios medi\u00e1ticos, especulan sus \u201camigos\u201d.<\/p>\n<p>El contenido del presente espacio es producto de sumar y sumar acciones y omisiones, -como en los rezos cat\u00f3licos-, pues mientras el tabasque\u00f1o Ad\u00e1n Augusto L\u00f3pez Hern\u00e1ndez presid\u00eda un evento con escenario guinda en la capital poblana, Claudia Sheinbaum parece ser que tuvo su primer fin de semana relativamente tranquilo, al menos p\u00fablicamente.<\/p>\n<p>Por ahora, su principal problema a resolver es la reducci\u00f3n presupuestal al Instituto Electoral de la Ciudad de M\u00e9xico, pero para eso tiene a la mayor\u00eda legislativa guinda a su servicio, por lo que la jefa de Gobierno pregona con autoridad que \u201cla reducci\u00f3n va\u201d.<\/p>\n<p>En el otro frente, el secretario de Relaciones Exteriores, Marcelo Ebrard, acept\u00f3 ya haber sido destapado como \u201ccorcholata\u201d unas cinco veces, a\u00f1adiendo sin pregunta de por medio estar contagiado de covid, aclarando sentirse como si le diera un \u201cfuerte catarro\u201d. No vaya a compararse como cuando a los \u201cprimos\u201d les da gripa, aqu\u00ed nos llega la pulmon\u00eda.<\/p>\n<p>De las tres \u201ccorcholatas\u201d presidencialmente aceptadas, la tercera y \u00faltima fue quien despacha en\u00a0\u00a0 Bucareli y Abraham Gonz\u00e1lez, cuyo lenguaje medi\u00e1tico es cada vez m\u00e1s claro y seguro, import\u00e1ndole un bledo infringir las leyes en la materia, tal como hace su descubridor, total que las multas que les impone el INE o el TEPJF no las pagan ellos.<\/p>\n<p>\u201cDiscrepar, pero respetar los proyectos\u201d deduce que Ad\u00e1n Augusto conoce los de Claudia y Marcelo, que los mortales de a pie los desconocemos, pero como la jefa de Gobierno es una calca de los dichos presidenciales, ni vale la pena quebrarse la cabeza: En este sentido Marcelo ha sido cuando menos m\u00e1s discreto.<\/p>\n<p>El proyecto desconocido es el de Ad\u00e1n, pero ni se apure, su jefe lo conoce y eso es suficiente.<\/p>\n<p><em><a href=\"mailto:elefa44@gmail.com\" target=\"_blank\" rel=\"noopener noreferrer\">elefa44@gmail.com<\/a><\/em><\/p>\n","protected":false},"excerpt":{"rendered":"<p><span style=\"color: #005497;\"><strong>Eleazar Flores<\/strong><\/span><\/p>\n","protected":false},"author":3,"featured_media":0,"comment_status":"open","ping_status":"open","sticky":false,"template":"","format":"standard","meta":{"_monsterinsights_skip_tracking":false,"_monsterinsights_sitenote_active":false,"_monsterinsights_sitenote_note":"","_monsterinsights_sitenote_category":0,"footnotes":""},"categories":[81743],"tags":[81744,81776,43674],"class_list":["post-550856","post","type-post","status-publish","format-standard","hentry","category-eleazar-flores","tag-eleazar-flores","tag-espacio-electoral","tag-opinion"],"_links":{"self":[{"href":"https:\/\/www.diarioimagen.net\/index.php?rest_route=\/wp\/v2\/posts\/550856","targetHints":{"allow":["GET"]}}],"collection":[{"href":"https:\/\/www.diarioimagen.net\/index.php?rest_route=\/wp\/v2\/posts"}],"about":[{"href":"https:\/\/www.diarioimagen.net\/index.php?rest_route=\/wp\/v2\/types\/post"}],"author":[{"embeddable":true,"href":"https:\/\/www.diarioimagen.net\/index.php?rest_route=\/wp\/v2\/users\/3"}],"replies":[{"embeddable":true,"href":"https:\/\/www.diarioimagen.net\/index.php?rest_route=%2Fwp%2Fv2%2Fcomments&post=550856"}],"version-history":[{"count":0,"href":"https:\/\/www.diarioimagen.net\/index.php?rest_route=\/wp\/v2\/posts\/550856\/revisions"}],"wp:attachment":[{"href":"https:\/\/www.diarioimagen.net\/index.php?rest_route=%2Fwp%2Fv2%2Fmedia&parent=550856"}],"wp:term":[{"taxonomy":"category","embeddable":true,"href":"https:\/\/www.diarioimagen.net\/index.php?rest_route=%2Fwp%2Fv2%2Fcategories&post=550856"},{"taxonomy":"post_tag","embeddable":true,"href":"https:\/\/www.diarioimagen.net\/index.php?rest_route=%2Fwp%2Fv2%2Ftags&post=550856"}],"curies":[{"name":"wp","href":"https:\/\/api.w.org\/{rel}","templated":true}]}}