{"id":550867,"date":"2022-06-22T00:10:44","date_gmt":"2022-06-22T05:10:44","guid":{"rendered":"https:\/\/www.diarioimagen.net\/?p=550867"},"modified":"2022-06-22T02:46:00","modified_gmt":"2022-06-22T07:46:00","slug":"dialogo-abierto-o-fuego-amigo","status":"publish","type":"post","link":"https:\/\/www.diarioimagen.net\/?p=550867","title":{"rendered":"\u00bfDi\u00e1logo abierto o fuego amigo?"},"content":{"rendered":"<h2>De frente y de perfil<\/h2>\n<h5>Ram\u00f3n Zurita Sahag\u00fan<\/h5>\n<p>&nbsp;<\/p>\n<p>Finalmente, los partidos de oposici\u00f3n parecen ponerse las pilas e iniciar sus conversaciones sobre el futuro de los partidos, las alianzas y en general el futuro que les aguarda a aquellos que detentaron el poder y que hoy han sido relegados.<\/p>\n<p>Y es que el Movimiento Regeneraci\u00f3n Nacional acapara todos los espacios pol\u00edticos, sea en los medios de comunicaci\u00f3n, en el Congreso de la Uni\u00f3n, en los comicios y ahora en la difusi\u00f3n de sus tres \u201ccorcholatas\u201d estrella que buscan la nominaci\u00f3n presidencial.<\/p>\n<p>Aletargados ante esta ofensiva de Morena, los partidos de oposici\u00f3n se han quedado pasmados en los tiempos recientes, esperando la ocasi\u00f3n propicia para develar sus piezas que jugar\u00e1n para el proceso electoral de 2024.<\/p>\n<p>Sin rumbo fijo, militantes de los dos principales partidos de oposici\u00f3n reclaman a sus dirigencias explicaciones sobre lo ocurrido en los comicios de 2021 y 2022, donde Morena mostr\u00f3 ser una aplanadora y se olvidan de su poca participaci\u00f3n y el desd\u00e9n con que han tratado a sus dirigencias.<\/p>\n<p>Priistas y panistas cuestionan a su dirigencia sobre si tiene o no futuro la alianza signada entre estos dos organismos pol\u00edticos con el a\u00f1adido del PRD y si es factible o no continuarla en los procesos electorales de 2023 que habr\u00e1n de celebrarse en Coahuila y Estado de M\u00e9xico.<\/p>\n<p>Quieren respuestas, explicaciones sobre lo ocurrido, aunque no recapacitan sobre lo que han hecho estos cuatro a\u00f1os que han pasado despu\u00e9s de la vapuleada en las urnas recibidas el primero de julio de 2018.<\/p>\n<p>Primero, fueron un grupo de ex dirigentes del PRI y el coordinador de la bancada de los tricolores en el Senado, los que solicitaron al dirigente nacional de ese partido una reuni\u00f3n. Dicho encuentro se realiz\u00f3 y recibieron la negativa de Alejandro Moreno a renunciar a la presidencia del partido, aclarando el campechano que \u00e9l fue electo por cuatro a\u00f1os y no impuesto como cada uno de ellos, con la salvedad de Roberto Madrazo y Beatriz Paredes.<\/p>\n<p>Se presentaron temas distintos y despu\u00e9s de la reuni\u00f3n tres de ellos decidieron hacer un \u201ccarrusel\u201d (\u00bfles suena?) de recorrido por los medios de comunicaci\u00f3n para asestarle una felpa al dirigente nacional del partido.<\/p>\n<p>Los tres personajes (Roberto Madrazo y Claudia Ruiz, ex presidentes del partido, y Miguel \u00c1ngel\u00a0 Osorio) apagados durante el presente sexenio, avivaron el fuego en contra de su dirigente nacional, ocupando espacios de todo tipo. Internet, programas de radio y televisi\u00f3n, as\u00ed como medios escritos aprovecharon la oferta y destilaron todo su resabio.<\/p>\n<p>Ahora, otro personaje de oscura trayectoria busca que el dirigente nacional del PAN, Marko Cort\u00e9s, convoque a una reuni\u00f3n de ex dirigentes nacionales. Se trata de Gustavo E. Madero, quien sali\u00f3 de la bancada de su partido en el Senado de la Rep\u00fablica para constituir el Grupo Plural y ahora pretende retornar con sus pares del blanquiazul.<\/p>\n<p>Pero Madero, quien se molest\u00f3 porque su partido no lo hizo candidato al gobierno de Chihuahua, pide tambi\u00e9n un recuento de los pasados procesos electorales en seis estados, donde el PAN gan\u00f3 una gubernatura con candidata propia y otra en alianza con PRI y PRD.<\/p>\n<p>La idea es convocar a los ex dirigentes del partido para analizar temas varios, aunque, se ha comprobado, que luego de esas reuniones lo que sigue es un fuego abierto en contra del dirigente nacional, el que como en el caso del priista Alejandro Moreno, ya fue requerido por algunos panistas para que renuncie a la presidencia del CEN del partido.<\/p>\n<p>Veremos si esas reuniones no resultan contraproducentes y abren m\u00e1s las heridas de quienes detentaron el poder y ahora lo a\u00f1oran.<\/p>\n<p style=\"text-align: center;\"><strong>*****<\/strong><\/p>\n<p>Si Marcelo Ebrard abri\u00f3 sus cartas para buscar la nominaci\u00f3n de Morena a la Presidencia de la Rep\u00fablica, el secretario de Gobernaci\u00f3n, Ad\u00e1n Augusto L\u00f3pez, tambi\u00e9n recurre a las redes sociales e incluso da su n\u00famero celular para recibir preguntas. Solamente falta la inclusi\u00f3n de Claudia Sheinbaum, ya que Ricardo Monreal trae su propio ritmo y tiempos precisos.<\/p>\n<p><a href=\"mailto:ramonzurita44@hotmail.com\" target=\"_blank\" rel=\"noopener noreferrer\"><em>ramonzurita44@hotmail.com<\/em><\/a><\/p>\n","protected":false},"excerpt":{"rendered":"<p><span style=\"color: #005497;\"><strong>Ram\u00f3n Zurita Sahag\u00fan<\/strong><\/span><\/p>\n","protected":false},"author":3,"featured_media":0,"comment_status":"open","ping_status":"open","sticky":false,"template":"","format":"standard","meta":{"_monsterinsights_skip_tracking":false,"_monsterinsights_sitenote_active":false,"_monsterinsights_sitenote_note":"","_monsterinsights_sitenote_category":0,"footnotes":""},"categories":[234],"tags":[304,43674,43687],"class_list":["post-550867","post","type-post","status-publish","format-standard","hentry","category-ramon-zurita-sahagun","tag-de-frente-y-de-perfil","tag-opinion","tag-ramon-zurita-sahagun"],"_links":{"self":[{"href":"https:\/\/www.diarioimagen.net\/index.php?rest_route=\/wp\/v2\/posts\/550867","targetHints":{"allow":["GET"]}}],"collection":[{"href":"https:\/\/www.diarioimagen.net\/index.php?rest_route=\/wp\/v2\/posts"}],"about":[{"href":"https:\/\/www.diarioimagen.net\/index.php?rest_route=\/wp\/v2\/types\/post"}],"author":[{"embeddable":true,"href":"https:\/\/www.diarioimagen.net\/index.php?rest_route=\/wp\/v2\/users\/3"}],"replies":[{"embeddable":true,"href":"https:\/\/www.diarioimagen.net\/index.php?rest_route=%2Fwp%2Fv2%2Fcomments&post=550867"}],"version-history":[{"count":0,"href":"https:\/\/www.diarioimagen.net\/index.php?rest_route=\/wp\/v2\/posts\/550867\/revisions"}],"wp:attachment":[{"href":"https:\/\/www.diarioimagen.net\/index.php?rest_route=%2Fwp%2Fv2%2Fmedia&parent=550867"}],"wp:term":[{"taxonomy":"category","embeddable":true,"href":"https:\/\/www.diarioimagen.net\/index.php?rest_route=%2Fwp%2Fv2%2Fcategories&post=550867"},{"taxonomy":"post_tag","embeddable":true,"href":"https:\/\/www.diarioimagen.net\/index.php?rest_route=%2Fwp%2Fv2%2Ftags&post=550867"}],"curies":[{"name":"wp","href":"https:\/\/api.w.org\/{rel}","templated":true}]}}