{"id":550972,"date":"2022-06-23T00:09:53","date_gmt":"2022-06-23T05:09:53","guid":{"rendered":"https:\/\/www.diarioimagen.net\/?p=550972"},"modified":"2022-06-29T02:08:52","modified_gmt":"2022-06-29T07:08:52","slug":"frente-a-morena-el-pri-no-la-tiene-nada-facil-en-el-edomex","status":"publish","type":"post","link":"https:\/\/www.diarioimagen.net\/?p=550972","title":{"rendered":"Frente a Morena, el PRI no la tiene nada f\u00e1cil en el Edomex"},"content":{"rendered":"<p>&nbsp;<\/p>\n<p><a href=\"https:\/\/www.diarioimagen.net\/si-alito-piensa-que-en-el-estado-de-mexico-va-a-imponer-al-candidato-del-pri-a-la-gubernatura-para-el-ano-2023-se-va-a-topar-con-pared\/herodes-10\/\" rel=\"attachment wp-att-550480\"><img loading=\"lazy\" decoding=\"async\" class=\"alignleft wp-image-550480\" src=\"https:\/\/www.diarioimagen.net\/wp-content\/uploads\/2022\/06\/Herodes.jpg\" alt=\"\" width=\"99\" height=\"99\" \/><\/a><\/p>\n<h2>La ley de Herodes<\/h2>\n<h5>Jos\u00e9 Luis Monta\u00f1ez<\/h5>\n<p>&nbsp;<\/p>\n<p>&nbsp;<\/p>\n<p>&nbsp;<\/p>\n<div id=\"attachment_551060\" style=\"width: 470px\" class=\"wp-caption aligncenter\"><img loading=\"lazy\" decoding=\"async\" aria-describedby=\"caption-attachment-551060\" class=\"size-full wp-image-551060\" src=\"https:\/\/www.diarioimagen.net\/wp-content\/uploads\/2022\/06\/herodes.jpg\" alt=\"\" width=\"460\" height=\"270\" \/><p id=\"caption-attachment-551060\" class=\"wp-caption-text\">S\u00f3lo echando mont\u00f3n, el PRI lograr\u00eda retener el gobierno del Edomex, \u201cla joya de la corona\u201d.<\/p><\/div>\n<p>&nbsp;<\/p>\n<p>Las encuestas m\u00e1s recientes y serias sobre preferencias electorales por partido y por aspirante al gobierno del Estado de M\u00e9xico que, celebrar\u00e1 votaciones a mediados del pr\u00f3ximo a\u00f1o para buscar al sucesor Alfredo Del Mazo Maza, dan como favorito al Partido Morena de L\u00f3pez Obrador y sus aliados (PVEM-PT), con 48 por ciento de posibilidad de triunfo, llevando como candidata a la profesora Delfina G\u00f3mez.<\/p>\n<p>Pero, si se concreta la alianza PRI -PAN-PRD y logran tambi\u00e9n enganchar al partido de Dante Delgado, Movimiento Ciudadano, que en estos momentos trae ocho valios\u00edsimos puntos en las preferencias, entonces la lucha entre ambas coaliciones ser\u00eda muy pareja, sobre los 48 puntos de posibilidades de triunfo, siempre y cuando, Morena lleve a la profesora Delfina como abanderada, pues si el partido guinda y sus apoyadores van con el doctor Higinio Moreno, entonces la balanza se ir\u00eda del otro lado.<\/p>\n<p>Aunque echando mont\u00f3n en la elecci\u00f3n del pr\u00f3ximo a\u00f1o para gobernador, el PRI lograr\u00eda por tercera vez retener la joya de la corona, que es el Estado de M\u00e9xico con 17 millones de habitantes y poco m\u00e1s de doce millones de electores.<\/p>\n<p style=\"text-align: center;\"><strong>C\u00f3nclave de exgobernadores, con Pe\u00f1a Nieto<br \/>\na la cabeza y Alfredo Del Mazo Maza<\/strong><\/p>\n<p>El pasado domingo 12 de junio en Toluca, las \u201ccorcholatas\u201d, del presidente L\u00f3pez Obrador: Claudia Shienbaum, Ad\u00e1n Augusto L\u00f3pez y Marcelo Ebrard, junto con el l\u00edder de Morena a nivel nacional, Mario Delgado, armaron tremenda fiesta en la Plaza de Los M\u00e1rtires en Toluca para ense\u00f1ar el m\u00fasculo y anunciar que van por el Estado de M\u00e9xico en la elecci\u00f3n para gobernador el a\u00f1o que viene, ya sea con Delfina G\u00f3mez, Higinio Mart\u00ednez o alg\u00fan otro prospecto.<\/p>\n<p>Hasta el mismo despacho del actual gobernador de origen priista, Alfredo Del Mazo Maza, llegaron las arengas morenistas, acompa\u00f1adas por tambores de guerra, de contingentes morenistas, venidos de los cuatro puntos cardinales de suelo mexiquense.<\/p>\n<p>Las fotos de portada de los diarios nacionales y locales en Edomex, mostraban un template a reventar de machuchones guindas y daban cuenta, tambi\u00e9n, de los discursos de Mario Delgado, Claudia Shienbaum, Ad\u00e1n Augusto L\u00f3pez y Marcelo Ebrard, los \u00faltimos tres, \u201ccorcholatas\u201d destapadas presidenciales de L\u00f3pez Obrador para el 2024.<\/p>\n<p style=\"text-align: center;\"><strong>Contraofensiva priista en puerta<\/strong><\/p>\n<p>Esto motiv\u00f3 que por medio de los adelantos tecnol\u00f3gicos, los seis exgobernadores del Edomex y el actual mandatario, Del Mazo Maza, entraran en comunicaci\u00f3n y sincron\u00eda para defender la plaza priistas, sin l\u00edmite de esfuerzos.<\/p>\n<p>Se acord\u00f3 tambi\u00e9n que, Del Mazo Maza ser\u00e1 el fiel de la balanza para designar a la candidata o candidato priista, dentro de la terna de aspirantes integrada por Ana Lilia Herrera Anzaldo, Alejandra del Moral y el de Jilotepec, Ricardo Aguilar.<\/p>\n<p style=\"text-align: center;\"><strong>La tercera ser\u00e1 la vencida para el Tri<\/strong><\/p>\n<p>En 2005 el PAN perdi\u00f3 su oportunidad de oro de ganar la gubernatura del Edomex.<\/p>\n<p>Con Vicente Fox Quesada, el partido Acci\u00f3n Nacional gan\u00f3 la presidencia del pa\u00eds bastante sobrado en el a\u00f1o 2000 y estaba m\u00e1s que enfilado, para ganar en 2005 la gubernatura mexiquense.<\/p>\n<p>En 1999, el PAN y el PRD barrieron con el PRI en la zona poniente y oriente del Valle de M\u00e9xico y solo le dejaron el cargo de gobernador, que gan\u00f3 apretadamente Arturo Montiel Rojas por el tricolor.<\/p>\n<p>Rub\u00e9n Mendoza Ayala, alcalde panista en ese tiempo de Tlalnepantla, tra\u00eda 20 puntos en las encuestas para jugar la gubernatura en 2005 y se pavoneaba por toda la entidad, anunciando que el ser\u00eda el pr\u00f3ximo gobernador.<\/p>\n<p>Lo que ocurri\u00f3 en la campa\u00f1a con el famoso Rub\u00e9n Mendoza Ayala y sus \u201cefedrinas\u201d, as\u00ed lo bautiz\u00f3 JJPrado, fue un desastre pol\u00edtico verdadero, pues con todo y el apoyo de Fox y Martita Sahag\u00fan, el despistado Mendoza Ayala perdi\u00f3 la elecci\u00f3n y qued\u00f3 20 puntos abajo del ganador que fue Enrique Pe\u00f1a Nieto.<\/p>\n<p style=\"text-align: center;\"><strong>Ahora la quiere el azul, Enrique Vargas Del Villar<\/strong><\/p>\n<p>El panista y ex alcalde de Huxquilucan, Enrique Vargas Del Villar, alza ahora la mano para el 2023.<\/p>\n<p>Todav\u00eda no se sabe bien a bien, que grupo pol\u00edtico lo respalda y si tiene el billete suficiente para un proyecto pol\u00edtico de tama\u00f1a envergadura, pero Enrique Vargas Del Villar, ya se apunt\u00f3 por el PAN para jugar la gubernatura de Edomex el pr\u00f3ximo a\u00f1o.<\/p>\n<p>Con un discurso agresivo y con una concurrencia regular, m\u00e1s bien tir\u00e1ndole a pobre, en Naucalpan de Ju\u00e1rez, el pasado domingo el aspirante azul a la gubernatura mexiquense, grit\u00f3 voz en cuello: \u201c Desde aqu\u00ed le digo al PRI que soy la mejor opci\u00f3n para una alianza de partidos, encabezados por el PAN para enfrentar a Morena.<\/p>\n<p>Los seguidores y acarreados de EVDV, salieron del recinto esa tarde, con una idea en la cabeza&#8230;\u201deste gallo, se me hace muy oj\u00f3n para paloma\u201d, \u00bfQu\u00e9 no?<\/p>\n<p><em><a href=\"mailto:montanezaguilar@gmail.com\" target=\"_blank\" rel=\"noopener noreferrer\">montanezaguilar@gmail.com<\/a><\/em><\/p>\n","protected":false},"excerpt":{"rendered":"<p><span style=\"color: #005497;\"><strong>Jos\u00e9 Luis Monta\u00f1ez<\/strong><\/span><\/p>\n","protected":false},"author":3,"featured_media":551060,"comment_status":"open","ping_status":"open","sticky":false,"template":"","format":"standard","meta":{"_monsterinsights_skip_tracking":false,"_monsterinsights_sitenote_active":false,"_monsterinsights_sitenote_note":"","_monsterinsights_sitenote_category":0,"footnotes":""},"categories":[11622],"tags":[54579,57256,43674],"class_list":["post-550972","post","type-post","status-publish","format-standard","has-post-thumbnail","hentry","category-jose-luis-montanez-aguilar","tag-jose-luis-montanez","tag-la-ley-de-herodes","tag-opinion"],"_links":{"self":[{"href":"https:\/\/www.diarioimagen.net\/index.php?rest_route=\/wp\/v2\/posts\/550972","targetHints":{"allow":["GET"]}}],"collection":[{"href":"https:\/\/www.diarioimagen.net\/index.php?rest_route=\/wp\/v2\/posts"}],"about":[{"href":"https:\/\/www.diarioimagen.net\/index.php?rest_route=\/wp\/v2\/types\/post"}],"author":[{"embeddable":true,"href":"https:\/\/www.diarioimagen.net\/index.php?rest_route=\/wp\/v2\/users\/3"}],"replies":[{"embeddable":true,"href":"https:\/\/www.diarioimagen.net\/index.php?rest_route=%2Fwp%2Fv2%2Fcomments&post=550972"}],"version-history":[{"count":0,"href":"https:\/\/www.diarioimagen.net\/index.php?rest_route=\/wp\/v2\/posts\/550972\/revisions"}],"wp:featuredmedia":[{"embeddable":true,"href":"https:\/\/www.diarioimagen.net\/index.php?rest_route=\/wp\/v2\/media\/551060"}],"wp:attachment":[{"href":"https:\/\/www.diarioimagen.net\/index.php?rest_route=%2Fwp%2Fv2%2Fmedia&parent=550972"}],"wp:term":[{"taxonomy":"category","embeddable":true,"href":"https:\/\/www.diarioimagen.net\/index.php?rest_route=%2Fwp%2Fv2%2Fcategories&post=550972"},{"taxonomy":"post_tag","embeddable":true,"href":"https:\/\/www.diarioimagen.net\/index.php?rest_route=%2Fwp%2Fv2%2Ftags&post=550972"}],"curies":[{"name":"wp","href":"https:\/\/api.w.org\/{rel}","templated":true}]}}