{"id":550977,"date":"2022-06-23T00:01:31","date_gmt":"2022-06-23T05:01:31","guid":{"rendered":"https:\/\/www.diarioimagen.net\/?p=550977"},"modified":"2022-06-23T21:40:20","modified_gmt":"2022-06-24T02:40:20","slug":"presentan-en-el-pjcdmx-guias-para-generar-modelos-uniformes-de-audiencias-penales","status":"publish","type":"post","link":"https:\/\/www.diarioimagen.net\/?p=550977","title":{"rendered":"Presentan en el PJCDMX gu\u00edas para generar modelos uniformes de audiencias penales"},"content":{"rendered":"<p>&nbsp;<\/p>\n<ul>\n<li><strong><em>Acortar tiempos, ahorros de costos en la administraci\u00f3n de salas y el mejoramiento de procesos en su conjunto, son otros de los objetivos, explic\u00f3 el presidente del \u00f3rgano judicial capitalino, magistrado Rafael Guerra \u00c1lvarez<\/em><\/strong><\/li>\n<\/ul>\n<p>&nbsp;<\/p>\n<div id=\"attachment_551058\" style=\"width: 470px\" class=\"wp-caption aligncenter\"><img loading=\"lazy\" decoding=\"async\" aria-describedby=\"caption-attachment-551058\" class=\"size-full wp-image-551058\" src=\"https:\/\/www.diarioimagen.net\/wp-content\/uploads\/2022\/06\/Tribunal1.jpg\" alt=\"\" width=\"460\" height=\"270\" \/><p id=\"caption-attachment-551058\" class=\"wp-caption-text\">Con la presencia de representantes de la oficina responsable de Estados Unidos, el magistrado Rafael Guerra \u00c1lvarez record\u00f3 que cuando se convoc\u00f3 al PJCDMX a participar en el proyecto, se decidi\u00f3 hacerlo bajo el postulado de que la administraci\u00f3n de justicia requiere transformar sus usos con base en la metodolog\u00eda de audiencias que priva en el novel sistema penal acusatorio y oral.<\/p><\/div>\n<p>&nbsp;<\/p>\n<p>El presidente del Poder Judicial de la Ciudad de M\u00e9xico (PJCDMX), magistrado Rafael Guerra \u00c1lvarez, encabez\u00f3 la presentaci\u00f3n de las <em>Gu\u00edas Judiciales para la Conducci\u00f3n de Audiencias <\/em>en el \u00f3rgano judicial capitalino, en un acto en el que destac\u00f3 la participaci\u00f3n de impartidores de justicia de la instituci\u00f3n en su elaboraci\u00f3n, en un esfuerzo iniciado desde 2019, con trabajo que implic\u00f3 unas 600 horas, a\u00fan en medio de la pandemia de manera virtual.<\/p>\n<p>Resultado de un proyecto impulsado por la Oficina Internacional para el Desarrollo de Sistemas de Procuraci\u00f3n de Justicia de Estados Unidos, las gu\u00edas, precis\u00f3 el magistrado, tienen como prop\u00f3sito generar modelos uniformes en la actuaci\u00f3n de los operadores del sistema penal acusatorio, especialmente de los jueces sin importar su fuero.<\/p>\n<p>En el auditorio <em>Benito Ju\u00e1rez<\/em> del PJCDMX, dijo que tambi\u00e9n buscan acortar tiempos de audiencias, mediante orientaciones y criterios sencillos; ahorro de costos en la administraci\u00f3n de salas de audiencias, as\u00ed como el mejoramiento en los procesos de actuaci\u00f3n del sistema en su conjunto.<\/p>\n<p>Con la presencia de representantes de la oficina responsable de Estados Unidos, Guerra \u00c1lvarez record\u00f3 que cuando se convoc\u00f3 al PJCDMX a participar en el proyecto, se decidi\u00f3 hacerlo bajo el postulado de que la administraci\u00f3n de justicia requiere transformar sus usos con base en la metodolog\u00eda de audiencias que priva en el novel sistema penal acusatorio y oral.<\/p>\n<p>\u201cPero sobre todas las cosas, para la casa de justicia de los capitalinos lo que nos motiv\u00f3 para incorporarnos a este loable esfuerzo es la pasi\u00f3n, el compromiso y el amor con la causa penal, pues en ella radica que el bien se imponga al mal\u201d, subray\u00f3.<\/p>\n<p>El magistrado record\u00f3 que en el proyecto participaron, asimismo, la Unidad para la Consolidaci\u00f3n del Nuevo Sistema de Justicia Penal del Poder Judicial de la Federaci\u00f3n (PJF), as\u00ed como el Poder Judicial del Estado de Puebla.<\/p>\n<p>Ante magistrados, jueces y dem\u00e1s operadores del sistema procesal penal acusatorio, enfatiz\u00f3 que los trabajos para lograr la conclusi\u00f3n de las gu\u00edas no se detuvieron, a pesar de la pandemia de Covid-19, pues de manera remota sus autores mantuvieron deslizando la pluma.<\/p>\n<p>Abund\u00f3 que las gu\u00edas son de primordial importancia dado que el modelo de enjuiciamiento penal mandatado por el Legislativo con las reformas de 2008 modific\u00f3 el m\u00e9todo en la impartici\u00f3n de justicia, apart\u00e1ndolo del tradicional e incorpor\u00e1ndolo al acusatorio.<\/p>\n<p>El magistrado expres\u00f3 su reconocimiento a los impartidores de justicia del PJCDMX que participaron en la elaboraci\u00f3n de las gu\u00edas, Sandra Karimi Chanan Velarde y Paul Mart\u00edn Barba, as\u00ed como a quienes integraron los tres grupos de trabajo que se conformaron.<\/p>\n<p>En dos jornadas fueron presentadas las gu\u00edas en el \u00f3rgano judicial capitalino; la primera, a cargo de la consejera de la Judicatura de la Ciudad de M\u00e9xico, Emma Campos Burgos, y del director de la Oficina Internacional para el Desarrollo de Sistemas de Procuraci\u00f3n de Justicia estadounidense, Nicholas Durham.<\/p>\n<p>En ambas jornadas participaron tambi\u00e9n la magistrada Elizabeth Franco Cervantes, del Primer Tribunal Colegiado en Materia Penal y Trabajo del Tercer Circuito del PJF; la jueza especializada en Justicia para Adolescentes del Tribunal Superior de Justicia del Estado de Puebla, Teresa Osorio Cu\u00e9llar, y la jueza de control de ese mismo \u00f3rgano judicial, Elena Z\u00e1rate Herrera.<\/p>\n","protected":false},"excerpt":{"rendered":"<p>El presidente del Poder Judicial de la Ciudad de M\u00e9xico (PJCDMX), magistrado Rafael Guerra \u00c1lvarez, encabez\u00f3 la presentaci\u00f3n de las <em>Gu\u00edas Judiciales para la Conducci\u00f3n de Audiencias <\/em>en el \u00f3rgano judicial capitalino, en un acto en el que destac\u00f3 la participaci\u00f3n de impartidores de justicia de la instituci\u00f3n en su elaboraci\u00f3n, en un esfuerzo iniciado desde 2019, con trabajo que implic\u00f3 unas 600 horas, a\u00fan en medio de la pandemia de manera virtual.<\/p>\n","protected":false},"author":3,"featured_media":551058,"comment_status":"open","ping_status":"open","sticky":false,"template":"","format":"standard","meta":{"_monsterinsights_skip_tracking":false,"_monsterinsights_sitenote_active":false,"_monsterinsights_sitenote_note":"","_monsterinsights_sitenote_category":0,"footnotes":""},"categories":[6],"tags":[95625,75536,87379],"class_list":["post-550977","post","type-post","status-publish","format-standard","has-post-thumbnail","hentry","category-cd-de-mexico","tag-audiencias","tag-penales","tag-pjcdmx"],"_links":{"self":[{"href":"https:\/\/www.diarioimagen.net\/index.php?rest_route=\/wp\/v2\/posts\/550977","targetHints":{"allow":["GET"]}}],"collection":[{"href":"https:\/\/www.diarioimagen.net\/index.php?rest_route=\/wp\/v2\/posts"}],"about":[{"href":"https:\/\/www.diarioimagen.net\/index.php?rest_route=\/wp\/v2\/types\/post"}],"author":[{"embeddable":true,"href":"https:\/\/www.diarioimagen.net\/index.php?rest_route=\/wp\/v2\/users\/3"}],"replies":[{"embeddable":true,"href":"https:\/\/www.diarioimagen.net\/index.php?rest_route=%2Fwp%2Fv2%2Fcomments&post=550977"}],"version-history":[{"count":0,"href":"https:\/\/www.diarioimagen.net\/index.php?rest_route=\/wp\/v2\/posts\/550977\/revisions"}],"wp:featuredmedia":[{"embeddable":true,"href":"https:\/\/www.diarioimagen.net\/index.php?rest_route=\/wp\/v2\/media\/551058"}],"wp:attachment":[{"href":"https:\/\/www.diarioimagen.net\/index.php?rest_route=%2Fwp%2Fv2%2Fmedia&parent=550977"}],"wp:term":[{"taxonomy":"category","embeddable":true,"href":"https:\/\/www.diarioimagen.net\/index.php?rest_route=%2Fwp%2Fv2%2Fcategories&post=550977"},{"taxonomy":"post_tag","embeddable":true,"href":"https:\/\/www.diarioimagen.net\/index.php?rest_route=%2Fwp%2Fv2%2Ftags&post=550977"}],"curies":[{"name":"wp","href":"https:\/\/api.w.org\/{rel}","templated":true}]}}