{"id":550982,"date":"2022-06-23T00:06:15","date_gmt":"2022-06-23T05:06:15","guid":{"rendered":"https:\/\/www.diarioimagen.net\/?p=550982"},"modified":"2022-06-23T21:40:03","modified_gmt":"2022-06-24T02:40:03","slug":"firman-uaemex-y-colegio-de-contadores-publicos-del-valle-de-toluca-convenio-en-beneficio-de-la-comunidad-estudiantil","status":"publish","type":"post","link":"https:\/\/www.diarioimagen.net\/?p=550982","title":{"rendered":"Firman UAEM\u00e9x y Colegio de Contadores P\u00fablicos del Valle de Toluca convenio en beneficio de la comunidad estudiantil"},"content":{"rendered":"<p>&nbsp;<\/p>\n<ul>\n<li><strong><em>Universitarios de las \u00e1reas del derecho, econom\u00eda y contadur\u00eda se beneficiar\u00e1n de este instrumento<\/em><\/strong><\/li>\n<\/ul>\n<p><strong>\u00a0<\/strong><\/p>\n<div id=\"attachment_551056\" style=\"width: 470px\" class=\"wp-caption aligncenter\"><img loading=\"lazy\" decoding=\"async\" aria-describedby=\"caption-attachment-551056\" class=\"size-full wp-image-551056\" src=\"https:\/\/www.diarioimagen.net\/wp-content\/uploads\/2022\/06\/uaem-13.jpg\" alt=\"\" width=\"460\" height=\"270\" \/><p id=\"caption-attachment-551056\" class=\"wp-caption-text\">El Colegio de Contadores impulsar\u00e1 el desarrollo acad\u00e9mico y profesional de la comunidad universitaria, mediante la experiencia profesional de sus integrantes<\/p><\/div>\n<p>&nbsp;<\/p>\n<p><strong>Toluca, Estado de M\u00e9xico.\u2014<\/strong> Con el objetivo de que las y los estudiantes universitarios de \u00e1reas como el derecho, econom\u00eda y contadur\u00eda fortalezcan su profesionalizaci\u00f3n y competencias laborales al egresar, la Universidad Aut\u00f3noma del Estado de M\u00e9xico (UAEM\u00e9x) y el Colegio de Contadores P\u00fablicos del Valle de Toluca firmaron un convenio de colaboraci\u00f3n que permitir\u00e1 intercambiar conocimientos y atender las necesidades de ambas instituciones.<\/p>\n<p>El rector de esta casa de estudios, Carlos Eduardo Barrera D\u00edaz, destac\u00f3 que la UAEM\u00e9x cuenta con una amplia capacidad acad\u00e9mica y cient\u00edfica que ha permitido atender las necesidades de diversas instituciones p\u00fablicas, as\u00ed como de empresas privadas y asociaciones civiles o sociales, a trav\u00e9s de la apertura de posgrados y programas de educaci\u00f3n superiores.<\/p>\n<p>Por este motivo, puntualiz\u00f3 que este convenio de colaboraci\u00f3n abre nuevos espacios para que la comunidad estudiantil auriverde emprenda actividades acad\u00e9micas y profesionales, al tiempo que se establecer\u00e1 una fluida comunicaci\u00f3n con el gremio de las y los contadores para conocer sus necesidades en materia acad\u00e9mica y de investigaci\u00f3n.<\/p>\n<p>En el acto desarrollado en el sal\u00f3n \u201cBenito Ju\u00e1rez\u201d del edificio de Rector\u00eda, la presidenta del Colegio de Contadores P\u00fablicos del Valle de Toluca, Guadalupe Marina Quinto Ch\u00e1vez, se\u00f1al\u00f3 que a trav\u00e9s de este instrumento las y los universitarios contar\u00e1n con una mejor preparaci\u00f3n, al interactuar con integrantes de esta instituci\u00f3n, quienes son profesionistas de gran experiencia que pueden coadyuvar al desarrollo acad\u00e9mico y a su capacitaci\u00f3n mediante la prestaci\u00f3n de servicio social y pr\u00e1cticas profesionales.<\/p>\n<p>La contadora p\u00fablica certificada indic\u00f3 que en la actualidad, la preparaci\u00f3n de las y los profesionales en la materia debe responder a las transformaciones sociales, econ\u00f3micas y tecnol\u00f3gicas, por lo que detall\u00f3 que a casi 65 a\u00f1os de la creaci\u00f3n de este colegio, se busca impulsarlos para que desarrollen un cambio de mentalidad en su actuar acorde a nuestra \u00e9poca, la cual conlleva nuevos retos.<\/p>\n<p>Enfatiz\u00f3 que con la signa de este convenio de colaboraci\u00f3n no s\u00f3lo se beneficia a estudiantes de las \u00e1reas administrativas, sino a todos aquellos que en su vida profesional tendr\u00e1n obligaciones fiscales, normativas y contables.<\/p>\n<p>En tanto, la secretaria de Administraci\u00f3n de la UAEM\u00e9x, Er\u00e9ndira Fierro Moreno, se\u00f1al\u00f3 que dicho instrumento renovar\u00e1, en beneficio de la sociedad, lazos de amistad y compromiso entre la M\u00e1xima Casa de Estudios mexiquense y el Colegio de Contadores P\u00fablicos del Valle de Toluca.<\/p>\n<p>Durante la signa de este convenio tambi\u00e9n estuvieron presentes el secretario de Extensi\u00f3n y Vinculaci\u00f3n de la UAEM\u00e9x, Francisco Zepeda Mondrag\u00f3n, y la vicepresidenta del Colegio de Contadores P\u00fablicos del Valle de Toluca, Amparo Ceballos Mungu\u00eda.<\/p>\n","protected":false},"excerpt":{"rendered":"<p>Con el objetivo de que las y los estudiantes universitarios de \u00e1reas como el derecho, econom\u00eda y contadur\u00eda fortalezcan su profesionalizaci\u00f3n y competencias laborales al egresar, la Universidad Aut\u00f3noma del Estado de M\u00e9xico (UAEM\u00e9x) y el Colegio de Contadores P\u00fablicos del Valle de Toluca firmaron un convenio de colaboraci\u00f3n que permitir\u00e1 intercambiar conocimientos y atender las necesidades de ambas instituciones.<\/p>\n","protected":false},"author":3,"featured_media":551056,"comment_status":"open","ping_status":"open","sticky":false,"template":"","format":"standard","meta":{"_monsterinsights_skip_tracking":false,"_monsterinsights_sitenote_active":false,"_monsterinsights_sitenote_note":"","_monsterinsights_sitenote_category":0,"footnotes":""},"categories":[5],"tags":[34028,43675,88025,452,67878],"class_list":["post-550982","post","type-post","status-publish","format-standard","has-post-thumbnail","hentry","category-estado-de-mexico","tag-beneficio","tag-estado-de-mexico","tag-estudiantil","tag-toluca","tag-uaemex"],"_links":{"self":[{"href":"https:\/\/www.diarioimagen.net\/index.php?rest_route=\/wp\/v2\/posts\/550982","targetHints":{"allow":["GET"]}}],"collection":[{"href":"https:\/\/www.diarioimagen.net\/index.php?rest_route=\/wp\/v2\/posts"}],"about":[{"href":"https:\/\/www.diarioimagen.net\/index.php?rest_route=\/wp\/v2\/types\/post"}],"author":[{"embeddable":true,"href":"https:\/\/www.diarioimagen.net\/index.php?rest_route=\/wp\/v2\/users\/3"}],"replies":[{"embeddable":true,"href":"https:\/\/www.diarioimagen.net\/index.php?rest_route=%2Fwp%2Fv2%2Fcomments&post=550982"}],"version-history":[{"count":0,"href":"https:\/\/www.diarioimagen.net\/index.php?rest_route=\/wp\/v2\/posts\/550982\/revisions"}],"wp:featuredmedia":[{"embeddable":true,"href":"https:\/\/www.diarioimagen.net\/index.php?rest_route=\/wp\/v2\/media\/551056"}],"wp:attachment":[{"href":"https:\/\/www.diarioimagen.net\/index.php?rest_route=%2Fwp%2Fv2%2Fmedia&parent=550982"}],"wp:term":[{"taxonomy":"category","embeddable":true,"href":"https:\/\/www.diarioimagen.net\/index.php?rest_route=%2Fwp%2Fv2%2Fcategories&post=550982"},{"taxonomy":"post_tag","embeddable":true,"href":"https:\/\/www.diarioimagen.net\/index.php?rest_route=%2Fwp%2Fv2%2Ftags&post=550982"}],"curies":[{"name":"wp","href":"https:\/\/api.w.org\/{rel}","templated":true}]}}