{"id":550984,"date":"2022-06-23T00:05:56","date_gmt":"2022-06-23T05:05:56","guid":{"rendered":"https:\/\/www.diarioimagen.net\/?p=550984"},"modified":"2022-06-23T21:40:34","modified_gmt":"2022-06-24T02:40:34","slug":"reconocen-talento-innovador-de-estudiantes-de-la-autonoma-mexiquense","status":"publish","type":"post","link":"https:\/\/www.diarioimagen.net\/?p=550984","title":{"rendered":"Reconocen talento innovador de estudiantes de la Aut\u00f3noma mexiquense"},"content":{"rendered":"<p><em>\u00a0<\/em><\/p>\n<ul>\n<li><strong><em>Fueron premiados 18 proyectos en las categor\u00edas Verde, Social e Innovaci\u00f3n, tanto de nivel medio como superior<\/em><\/strong><\/li>\n<\/ul>\n<p><strong>\u00a0<\/strong><\/p>\n<div id=\"attachment_551054\" style=\"width: 470px\" class=\"wp-caption aligncenter\"><img loading=\"lazy\" decoding=\"async\" aria-describedby=\"caption-attachment-551054\" class=\"size-full wp-image-551054\" src=\"https:\/\/www.diarioimagen.net\/wp-content\/uploads\/2022\/06\/Uaem2-2.jpg\" alt=\"\" width=\"460\" height=\"270\" \/><p id=\"caption-attachment-551054\" class=\"wp-caption-text\">El rector de la UAEM\u00e9x, Carlos Eduardo Barrera D\u00edaz, acompa\u00f1ado del Secretario de Desarrollo Econ\u00f3mico, Pablo Peralta Garc\u00eda, encabez\u00f3 la ceremonia de premiaci\u00f3n del XX Concurso del Universitario Emprendedor.<\/p><\/div>\n<p>&nbsp;<\/p>\n<p><strong>Toluca, Estado de M\u00e9xico.\u2014<\/strong> La comunidad universitaria est\u00e1 capacitada para proponer soluciones creativas donde otros perciben problemas de dif\u00edcil soluci\u00f3n como lo demuestran las y los ganadores del XX Concurso del Universitario Emprendedor, afirm\u00f3 el rector de la Universidad Aut\u00f3noma del Estado de M\u00e9xico (UAEM\u00e9x), Carlos Eduardo Barrera D\u00edaz, al encabezar la ceremonia de premiaci\u00f3n de este certamen de emprendimiento.<\/p>\n<p>Acompa\u00f1ado del titular de la Secretar\u00eda de Desarrollo Econ\u00f3mico en la entidad, Pablo Peralta Garc\u00eda; la directora del Instituto Mexiquense del Emprendedor, Anahy Ram\u00edrez Vilchis; el director general del Consejo Mexiquense de Ciencia y Tecnolog\u00eda, Bernardo Almaraz Calder\u00f3n; el secretario de Extensi\u00f3n y Vinculaci\u00f3n de la UAEM\u00e9x, Francisco Zepeda Mondrag\u00f3n; el vicepresidente de la Fundaci\u00f3n UAEM\u00e9x, Heberto Guzm\u00e1n G\u00f3mez, y el emprendedor Hugo Ari\u00e1n Mar\u00edn Tapia, el rector de la Aut\u00f3noma mexiquense entreg\u00f3 los premios a los ganadores.<\/p>\n<p>En el Auditorio \u201cIng. Jos\u00e9 Yurrieta Vald\u00e9s\u201d del Edificio Administrativo de la Aut\u00f3noma mexiquense, 18 propuestas -nueve de nivel medio superior y nueve de nivel superior- fueron premiadas con los tres primeros lugares en las categor\u00edas Proyecto Verde, Proyecto Social e Innovaci\u00f3n.<\/p>\n<p>Barrera D\u00edaz reconoci\u00f3 el potencial innovador de los universitarios y el esfuerzo que depositaron en sus proyectos, los cuales, asegur\u00f3, fueron evaluados rigurosamente por el jurado, que busc\u00f3 en ellos pertinencia, viabilidad, innovaci\u00f3n, sustentabilidad e inclusi\u00f3n, principalmente.<\/p>\n<p>\u201cEmprender implica desarrollar la capacidad de planeaci\u00f3n, invertir en tu prop\u00f3sito, persuadir al mercado de las soluciones que ofreces, escuchar a tus clientes y poco a poco, convertirte en un experto y ser el mejor promotor de tus productos, entre otras muchas habilidades y competencias\u201d, extern\u00f3 a la comunidad emprendedora presente.<\/p>\n<p>Carlos Eduardo Barrera D\u00edaz agradeci\u00f3 al Instituto Mexiquense del Emprendedor y a la Fundaci\u00f3n UAEM\u00e9x las contribuciones por 166 mil y 79 mil pesos, respectivamente, para premiar los proyectos ganadores.<\/p>\n<p>Los proyectos ganadores de esta edici\u00f3n en la Categor\u00eda Verde, Nivel Medio Superior, fueron: Borra y Eco-Ba\u00f1o, ambos del Plantel \u201cLic. Adolfo L\u00f3pez Mateos\u201d, y\u00a0 Eco-Innova del Plantel \u201cDr. \u00c1ngel Ma. Garibay Kintana\u201d.<\/p>\n<p>Del nivel superior fueron Diesel con Vida, de la Facultad de Ciencias; PEYPO Popotes Comestibles, del Centro Universitario Valle Teotihuac\u00e1n, y BarsHoppers, de Facultad de Ciencias.<\/p>\n<p>En la Categor\u00eda Social, Nivel Medio Superior, los ganadores fueron: Complementos para la Educaci\u00f3n Especial, del Plantel \u201cLic. Adolfo L\u00f3pez Mateos\u201d; Ver con el Alma, del Plantel \u201cNezahualc\u00f3yotl\u201d, y Yummy Star, del Plantel \u201cLic. Adolfo L\u00f3pez Mateos\u201d.<\/p>\n<p>En nivel superior, Quesotoca Gastropub Sensorial, de la Facultad de Turismo y Gastronom\u00eda; HadragMadrina, de la Escuela de Artes Esc\u00e9nicas, y Mi mami Universitaria, de la Facultad de Enfermer\u00eda y Obstetricia.<\/p>\n<p>En la Categor\u00eda Innovaci\u00f3n, de Nivel Medio Superior, los premiados fueron: Chapatzin y, Cocoa Lact, ambos del Plantel \u201cDr. Pablo Gonz\u00e1lez Casanova\u201d, y TeachHelp, del Plantel \u201cLic. Adolfo L\u00f3pez Mateos\u201d.<\/p>\n<p>En Nivel Superior fueron: Salycor, de la Facultad de Ciencias Agr\u00edcolas; Foomdy, de la Facultad de Contadur\u00eda y Administraci\u00f3n, y Comboblastos AAFI, de la Facultad de Medicina.<\/p>\n<p>Francisco Zepeda Mondrag\u00f3n explic\u00f3 que en esta edici\u00f3n, mil 62 proyectos fueron registrados con la participaci\u00f3n de tres mil 852 universitarios, de los cuales, 63 por ciento fueron mujeres y el resto hombres.<\/p>\n","protected":false},"excerpt":{"rendered":"<p>La comunidad universitaria est\u00e1 capacitada para proponer soluciones creativas donde otros perciben problemas de dif\u00edcil soluci\u00f3n como lo demuestran las y los ganadores del XX Concurso del Universitario Emprendedor, afirm\u00f3 el rector de la Universidad Aut\u00f3noma del Estado de M\u00e9xico (UAEM\u00e9x), Carlos Eduardo Barrera D\u00edaz, al encabezar la ceremonia de premiaci\u00f3n de este certamen de emprendimiento.<\/p>\n","protected":false},"author":3,"featured_media":551054,"comment_status":"open","ping_status":"open","sticky":false,"template":"","format":"standard","meta":{"_monsterinsights_skip_tracking":false,"_monsterinsights_sitenote_active":false,"_monsterinsights_sitenote_note":"","_monsterinsights_sitenote_category":0,"footnotes":""},"categories":[5],"tags":[92667,1490],"class_list":["post-550984","post","type-post","status-publish","format-standard","has-post-thumbnail","hentry","category-estado-de-mexico","tag-carlos-eduardo-barrera-diaz","tag-universidad-autonoma-del-estado-de-mexico"],"_links":{"self":[{"href":"https:\/\/www.diarioimagen.net\/index.php?rest_route=\/wp\/v2\/posts\/550984","targetHints":{"allow":["GET"]}}],"collection":[{"href":"https:\/\/www.diarioimagen.net\/index.php?rest_route=\/wp\/v2\/posts"}],"about":[{"href":"https:\/\/www.diarioimagen.net\/index.php?rest_route=\/wp\/v2\/types\/post"}],"author":[{"embeddable":true,"href":"https:\/\/www.diarioimagen.net\/index.php?rest_route=\/wp\/v2\/users\/3"}],"replies":[{"embeddable":true,"href":"https:\/\/www.diarioimagen.net\/index.php?rest_route=%2Fwp%2Fv2%2Fcomments&post=550984"}],"version-history":[{"count":0,"href":"https:\/\/www.diarioimagen.net\/index.php?rest_route=\/wp\/v2\/posts\/550984\/revisions"}],"wp:featuredmedia":[{"embeddable":true,"href":"https:\/\/www.diarioimagen.net\/index.php?rest_route=\/wp\/v2\/media\/551054"}],"wp:attachment":[{"href":"https:\/\/www.diarioimagen.net\/index.php?rest_route=%2Fwp%2Fv2%2Fmedia&parent=550984"}],"wp:term":[{"taxonomy":"category","embeddable":true,"href":"https:\/\/www.diarioimagen.net\/index.php?rest_route=%2Fwp%2Fv2%2Fcategories&post=550984"},{"taxonomy":"post_tag","embeddable":true,"href":"https:\/\/www.diarioimagen.net\/index.php?rest_route=%2Fwp%2Fv2%2Ftags&post=550984"}],"curies":[{"name":"wp","href":"https:\/\/api.w.org\/{rel}","templated":true}]}}