{"id":551020,"date":"2022-06-23T00:01:06","date_gmt":"2022-06-23T05:01:06","guid":{"rendered":"https:\/\/www.diarioimagen.net\/?p=551020"},"modified":"2022-06-23T02:58:05","modified_gmt":"2022-06-23T07:58:05","slug":"ningun-distanciamiento-politico-entre-los-partidos-aliancistas-asegura-el-pan","status":"publish","type":"post","link":"https:\/\/www.diarioimagen.net\/?p=551020","title":{"rendered":"Ning\u00fan distanciamiento pol\u00edtico entre los partidos aliancistas, asegura el PAN"},"content":{"rendered":"<p>&nbsp;<\/p>\n<ul>\n<li><strong><em>Con miras a la elecci\u00f3n de 2023<\/em><\/strong><\/li>\n<\/ul>\n<p>&nbsp;<\/p>\n<div id=\"attachment_551096\" style=\"width: 470px\" class=\"wp-caption aligncenter\"><img loading=\"lazy\" decoding=\"async\" aria-describedby=\"caption-attachment-551096\" class=\"size-full wp-image-551096\" src=\"https:\/\/www.diarioimagen.net\/wp-content\/uploads\/2022\/06\/BAENA3.jpg\" alt=\"\" width=\"460\" height=\"270\" \/><p id=\"caption-attachment-551096\" class=\"wp-caption-text\">Los dirigentes estatales del PAN, PRI y PRD, Anuar Azar, Eric Sevilla y Agust\u00edn Barrera, respectivamente, dejaron ver que la coalici\u00f3n va para el Edomex.<\/p><\/div>\n<p>&nbsp;<\/p>\n<p><strong>Valle de M\u00e9xico.\u2014<\/strong> La tensi\u00f3n y el distanciamiento que se ha percibido en las c\u00fapulas partidistas del Estado de M\u00e9xico, por el proceso electoral que se avecina en el 2023, est\u00e1 descartada.<\/p>\n<p>As\u00ed coincidieron los dirigentes estatales del PAN, PRI y PRD, y en un\u00a0claro mensaje, Anuar Azar, Eric Sevilla y Agust\u00edn Barrera, dejaron ver que la mesa de acuerdos y an\u00e1lisis pol\u00edtico est\u00e1 considera hasta este momento. \u201cEstamos realizando acuerdos y pl\u00e1ticas para designar al mejor abanderado o abanderada de la alianza. S\u00f3lo son rumores de que \u00e9sta (la alianza) est\u00e9 fracturada\u201d, dijo Azar Figueroa.<\/p>\n<p>Por su parte, Eric Sevilla afirm\u00f3 que m\u00e1s all\u00e1 del mensaje pol\u00edtico, lo interesante es que el PAN, PRI y PRD han coincidido en que el Edom\u00e9x requiere en estos momentos un proyecto democr\u00e1tico, inclusivo y solidario, para cerrarle el paso a Morena.<\/p>\n<p>Al respecto, en sus redes sociales, Anuar Azar, escribi\u00f3: \u201cenriquecedora pl\u00e1tica con mis amigos presidentes del PRI y PRD del Estado de M\u00e9xico, Eric Sevilla y Agust\u00edn Barrera, donde coincidimos que lo m\u00e1s importante es el futuro de nuestro estado\u201d.<\/p>\n","protected":false},"excerpt":{"rendered":"<p>La tensi\u00f3n y el distanciamiento que se ha percibido en las c\u00fapulas partidistas del Estado de M\u00e9xico, por el proceso electoral que se avecina en el 2023, est\u00e1 descartada.<\/p>\n","protected":false},"author":3,"featured_media":551096,"comment_status":"open","ping_status":"open","sticky":false,"template":"","format":"standard","meta":{"_monsterinsights_skip_tracking":false,"_monsterinsights_sitenote_active":false,"_monsterinsights_sitenote_note":"","_monsterinsights_sitenote_category":0,"footnotes":""},"categories":[5],"tags":[95811,91,38096,34],"class_list":["post-551020","post","type-post","status-publish","format-standard","has-post-thumbnail","hentry","category-estado-de-mexico","tag-aliancistas","tag-pan","tag-partidos","tag-valle-de-mexico"],"_links":{"self":[{"href":"https:\/\/www.diarioimagen.net\/index.php?rest_route=\/wp\/v2\/posts\/551020","targetHints":{"allow":["GET"]}}],"collection":[{"href":"https:\/\/www.diarioimagen.net\/index.php?rest_route=\/wp\/v2\/posts"}],"about":[{"href":"https:\/\/www.diarioimagen.net\/index.php?rest_route=\/wp\/v2\/types\/post"}],"author":[{"embeddable":true,"href":"https:\/\/www.diarioimagen.net\/index.php?rest_route=\/wp\/v2\/users\/3"}],"replies":[{"embeddable":true,"href":"https:\/\/www.diarioimagen.net\/index.php?rest_route=%2Fwp%2Fv2%2Fcomments&post=551020"}],"version-history":[{"count":0,"href":"https:\/\/www.diarioimagen.net\/index.php?rest_route=\/wp\/v2\/posts\/551020\/revisions"}],"wp:featuredmedia":[{"embeddable":true,"href":"https:\/\/www.diarioimagen.net\/index.php?rest_route=\/wp\/v2\/media\/551096"}],"wp:attachment":[{"href":"https:\/\/www.diarioimagen.net\/index.php?rest_route=%2Fwp%2Fv2%2Fmedia&parent=551020"}],"wp:term":[{"taxonomy":"category","embeddable":true,"href":"https:\/\/www.diarioimagen.net\/index.php?rest_route=%2Fwp%2Fv2%2Fcategories&post=551020"},{"taxonomy":"post_tag","embeddable":true,"href":"https:\/\/www.diarioimagen.net\/index.php?rest_route=%2Fwp%2Fv2%2Ftags&post=551020"}],"curies":[{"name":"wp","href":"https:\/\/api.w.org\/{rel}","templated":true}]}}