{"id":551032,"date":"2022-06-23T00:08:17","date_gmt":"2022-06-23T05:08:17","guid":{"rendered":"https:\/\/www.diarioimagen.net\/?p=551032"},"modified":"2022-06-27T01:10:01","modified_gmt":"2022-06-27T06:10:01","slug":"la-estrategia-de-seguridad-funciona","status":"publish","type":"post","link":"https:\/\/www.diarioimagen.net\/?p=551032","title":{"rendered":"La estrategia de seguridad, \u00bffunciona?"},"content":{"rendered":"<h2>Punto por punto<\/h2>\n<h5>Augusto Corro<\/h5>\n<p>&nbsp;<\/p>\n<p>La espiral de violencia crece incontenible en M\u00e9xico y parece que no se tiene la f\u00f3rmula o la estrategia adecuadas para erradicarla. La seguridad es un sue\u00f1o cada vez m\u00e1s lejano. En el presente sexenio, suman 124 mil 741 homicidios dolosos. Los asesinatos van desde los feminicidios hasta las masacres. La delincuencia organizada act\u00faa impunemente en territorios que domina, en los que es notoria la presencia de los representantes de la ley.<\/p>\n<p>Los datos sobre la ola de violencia se refieren tambi\u00e9n a los miles de desaparecidos y a los cr\u00edmenes que se cometen en contra de personas inocentes. Los delincuentes no reflexionan sobre su conducta que agrede a todos sin distinci\u00f3n alguna. Con la impunidad que protege a los maleantes los lleva a cometer toda clase de delitos. Si no hay castigo y no se aplica correctamente la ley a los asesinos, estos no tendr\u00e1n raz\u00f3n alguna para preocuparse.<\/p>\n<p>Han perdido la vida violentamente periodistas, activistas, pol\u00edticos, mujeres de todas las edades, narcos, polic\u00edas, etc., y un n\u00famero considerable de personas ajenas a las pugnas entre los c\u00e1rteles de la droga y del huachicoleo. En la mayor\u00eda de los casos, la impunidad es permanente; de ah\u00ed la necesidad de que las autoridades federales, estatales y municipales revisen las leyes para que brinden resultados positivos en la lucha contra la delincuencia organizada.<\/p>\n<p>Pero el tiempo avanza y las noticias con sus tintes sangrientos siguen presentes. Se dijo que el problema empez\u00f3 desde 2006, cuando el entonces presidente Felipe Calder\u00f3n declar\u00f3 la guerra a la delincuencia organizada. Algo fall\u00f3 que la estrategia no ofreci\u00f3 resultados positivos. Los c\u00e1rteles se dividieron y sus actividades delincuenciales se multiplicaron. Ya no se dedicaron solamente a la producci\u00f3n, traslado y venta de droga, sino que buscaron en la extorsi\u00f3n y el secuestro m\u00e1s formas para delinquir.<\/p>\n<p>La multiplicaci\u00f3n de actividades criminales y el abandono territorial a los c\u00e1rteles de la droga convirti\u00f3 a zonas del pa\u00eds en territorios sin ley, como se aprecia en Michoac\u00e1n, Guerrero, Colima, Guanajuato, Tamaulipas, etc. Son pues, varios sexenios en los que se aplic\u00f3 una estrategia fallida. Ya en el gobierno del presidente L\u00f3pez Obrador se decidi\u00f3 por una nueva pol\u00edtica en contra del crimen organizado basada en \u201cabrazos, no balazos\u201d, que ha sido interpretada como una manifestaci\u00f3n de debilidad por parte de la autoridad.<\/p>\n<p>El mandatario tabasque\u00f1o se inclina m\u00e1s por la soluci\u00f3n del problema con una estrategia que se aplica a las causas, a los or\u00edgenes; con atenci\u00f3n a los j\u00f3venes para evitar que ingresen a las filas de la delincuencia. Quiz\u00e1s, la idea es buena, pero en el presente se requiere de un plan que ofrezca resultados inmediatos: r\u00e1pidos y efectivos. Es importante que se note la presencia de las autoridades, que les respete. En otras palabras, que la fuerza p\u00fablica vuelva a ofrecernos la anhelada seguridad.<\/p>\n<p>Como ustedes saben, dos sacerdotes jesuitas: Javier Campos, de 78 a\u00f1os; y C\u00e9sar Joaqu\u00edn Mora Salazar, de 80 a\u00f1os, fueron asesinados en un templo ubicado en el municipio de Cerocahui, en la sierra Tarahumara de Chihuahua. Los sicarios tambi\u00e9n ultimaron a balazos a un gu\u00eda de turistas. Los delincuentes se llevaron los cuerpos de sus v\u00edctimas. Uno de los criminales fue identificado como Jos\u00e9 Noriel Portillo (a) \u201cEl Chueco\u201d, presunto l\u00edder de \u201cLos Salazar\u201d, brazo armado del C\u00e1rtel de Sinaloa en esa regi\u00f3n.<\/p>\n<p>El legislador Ricardo Monreal, presidente de la Junta de Coordinaci\u00f3n Pol\u00edtica (Jucopo) del Senado, exigi\u00f3 al gobierno de Chihuahua y a las fiscal\u00edas del estado y de la Rep\u00fablica una aclaraci\u00f3n de los cobardes asesinatos de los sacerdotes mencionados. Agreg\u00f3 que es momento de reflexionar en el Congreso y de revisar y de abordar la estrategia de seguridad, \u201csin tab\u00faes, sin ideolog\u00edas, sin intereses partidistas y sin actitudes ego\u00edstas\u201d. Ojal\u00e1 y las autoridades correspondientes escuchen el planteamiento de Ricardo Monreal.<\/p>\n<p>\u00bfUsted qu\u00e9 opina amable lector?<\/p>\n<p><a href=\"mailto:aco2742@hotmail.com\" target=\"_blank\" rel=\"noopener noreferrer\"><em>aco2742@hotmail.com<\/em><\/a><\/p>\n","protected":false},"excerpt":{"rendered":"<p><span style=\"color: #005497;\"><strong>Augusto Corro<\/strong><\/span><\/p>\n","protected":false},"author":3,"featured_media":0,"comment_status":"open","ping_status":"open","sticky":false,"template":"","format":"standard","meta":{"_monsterinsights_skip_tracking":false,"_monsterinsights_sitenote_active":false,"_monsterinsights_sitenote_note":"","_monsterinsights_sitenote_category":0,"footnotes":""},"categories":[157],"tags":[43686,43674,11515],"class_list":["post-551032","post","type-post","status-publish","format-standard","hentry","category-augusto-corro","tag-augusto-corro","tag-opinion","tag-punto-por-punto"],"_links":{"self":[{"href":"https:\/\/www.diarioimagen.net\/index.php?rest_route=\/wp\/v2\/posts\/551032","targetHints":{"allow":["GET"]}}],"collection":[{"href":"https:\/\/www.diarioimagen.net\/index.php?rest_route=\/wp\/v2\/posts"}],"about":[{"href":"https:\/\/www.diarioimagen.net\/index.php?rest_route=\/wp\/v2\/types\/post"}],"author":[{"embeddable":true,"href":"https:\/\/www.diarioimagen.net\/index.php?rest_route=\/wp\/v2\/users\/3"}],"replies":[{"embeddable":true,"href":"https:\/\/www.diarioimagen.net\/index.php?rest_route=%2Fwp%2Fv2%2Fcomments&post=551032"}],"version-history":[{"count":0,"href":"https:\/\/www.diarioimagen.net\/index.php?rest_route=\/wp\/v2\/posts\/551032\/revisions"}],"wp:attachment":[{"href":"https:\/\/www.diarioimagen.net\/index.php?rest_route=%2Fwp%2Fv2%2Fmedia&parent=551032"}],"wp:term":[{"taxonomy":"category","embeddable":true,"href":"https:\/\/www.diarioimagen.net\/index.php?rest_route=%2Fwp%2Fv2%2Fcategories&post=551032"},{"taxonomy":"post_tag","embeddable":true,"href":"https:\/\/www.diarioimagen.net\/index.php?rest_route=%2Fwp%2Fv2%2Ftags&post=551032"}],"curies":[{"name":"wp","href":"https:\/\/api.w.org\/{rel}","templated":true}]}}