{"id":551035,"date":"2022-06-23T00:03:42","date_gmt":"2022-06-23T05:03:42","guid":{"rendered":"https:\/\/www.diarioimagen.net\/?p=551035"},"modified":"2022-06-23T01:57:56","modified_gmt":"2022-06-23T06:57:56","slug":"iglesia-denuncia-y-la-agreden-mas","status":"publish","type":"post","link":"https:\/\/www.diarioimagen.net\/?p=551035","title":{"rendered":"Iglesia denuncia y la agreden m\u00e1s"},"content":{"rendered":"<h2>Espacio Electoral<\/h2>\n<h5>Eleazar Flores<\/h5>\n<p><strong>\u00a0<\/strong><\/p>\n<p><strong>\u00bfHASTA CU\u00c1NDO?-.<\/strong> El cardenal mexicano Francisco Robles Ortega apenas el domingo pasado denunci\u00f3 el pulso de la \u201cinseguridad y mucha violencia diaria que provoca enfrentamientos, muertes y ejecuciones con altos riesgos para extranjeros y mexicanos\u201d y el martes empeor\u00f3 el panorama.<\/p>\n<p>Empeor\u00f3 con la ejecuci\u00f3n de dos sacerdotes jesuitas -de la misma congregaci\u00f3n del Papa Francisco-,\u00a0 hecho ocurrido en el municipio de Urique, en el estado de Chihuahua.<\/p>\n<p>El cardenal\u00a0 Francisco Robles, de largo y prestigioso ejercicio ministerial en las di\u00f3cesis de Toluca, Monterrey y ahora Guadalajara, hizo su denuncia dominical en la que agreg\u00f3 los \u201caltos \u00edndices de desintegraci\u00f3n familiar\u201d, consecuencia de los acentuados \u00edndices de pobreza imperante en todo el territorio nacional.<\/p>\n<p>Los pronunciamientos del Robles Ortega los hizo incluso sin conocer las cifras que un d\u00eda despu\u00e9s, el lunes, dio a conocer el propio gobierno mexicano respecto a los desalentadores n\u00fameros de 121 mil 655 asesinatos hasta la fecha de esta administraci\u00f3n federal, dando un promedio de 2 mil 846 por mes.<\/p>\n<p><strong>JESUITAS ASESINADOS-.<\/strong> Este pasado martes se supo del vil y violento asesinato de dos sacerdotes jesuitas y una persona m\u00e1s, en el ejido de Cerocahui, municipio de Urique en el estado norte\u00f1o de Chihuahua.<\/p>\n<p>Tan condenable el asesinato de los jesuita Javier Campos Morales y Joaqu\u00edn C\u00e9sar Mora Salazar\u00a0 como de la tercera persona que por el simple hecho de serlo, se trata de una vida perdida a manos de los delincuentes, sean o no de la identificada como delincuencia organizada, m\u00e1s efectiva que los cuerpos de seguridad, integrados por militares, marinos y Guardia Nacional.<\/p>\n<p>El mismo martes por la tarde hubo declaraci\u00f3n presidencial de la localizaci\u00f3n posible del o los autores del multiasesinato de religiosos y una persona\u00a0 m\u00e1s y ojal\u00e1 sea as\u00ed, pues de lo contrario se caer\u00e1 en el recurso gastado de integrar las famosas carpetas de investigaci\u00f3n, que para el ritmo delictivo nacional ya deben sumar millones en las fiscal\u00edas y ministerios p\u00fablicos federales como de las entidades federativas.<\/p>\n<p>Bueno ser\u00eda que el predicador ma\u00f1anero respondiera a las denuncias del cardenal de Guadalajara Francisco Robles Ortega acerca de los altos \u00edndices de inseguridad, acentuados niveles de pobreza e incluso desintegraci\u00f3n familiar, consecuencia de pol\u00edticas p\u00fablicas equivocadas.<\/p>\n<p>Aceptando la detenci\u00f3n del o de los autores de los religiosos jesuitas y una persona m\u00e1s, las autoridades correspondientes deber\u00edan ir al fondo de los hechos, pues no es suficiente decir que los dirigentes de los diferentes grupos del crimen organizado que operan en tal o cual territorio tienen asolada la plaza.<\/p>\n<p>Por estos hechos podr\u00eda haber hasta un pronunciamiento papal dado que los fallecidos pertenecen a su prestigiosa congregaci\u00f3n religiosa.<\/p>\n<p><em><a href=\"mailto:elefa44@gmail.com\" target=\"_blank\" rel=\"noopener noreferrer\">elefa44@gmail.com<\/a><\/em><\/p>\n","protected":false},"excerpt":{"rendered":"<p><span style=\"color: #005497;\"><strong>Eleazar Flores<\/strong><\/span><\/p>\n","protected":false},"author":3,"featured_media":0,"comment_status":"open","ping_status":"open","sticky":false,"template":"","format":"standard","meta":{"_monsterinsights_skip_tracking":false,"_monsterinsights_sitenote_active":false,"_monsterinsights_sitenote_note":"","_monsterinsights_sitenote_category":0,"footnotes":""},"categories":[81743],"tags":[81744,81776,43674],"class_list":["post-551035","post","type-post","status-publish","format-standard","hentry","category-eleazar-flores","tag-eleazar-flores","tag-espacio-electoral","tag-opinion"],"_links":{"self":[{"href":"https:\/\/www.diarioimagen.net\/index.php?rest_route=\/wp\/v2\/posts\/551035","targetHints":{"allow":["GET"]}}],"collection":[{"href":"https:\/\/www.diarioimagen.net\/index.php?rest_route=\/wp\/v2\/posts"}],"about":[{"href":"https:\/\/www.diarioimagen.net\/index.php?rest_route=\/wp\/v2\/types\/post"}],"author":[{"embeddable":true,"href":"https:\/\/www.diarioimagen.net\/index.php?rest_route=\/wp\/v2\/users\/3"}],"replies":[{"embeddable":true,"href":"https:\/\/www.diarioimagen.net\/index.php?rest_route=%2Fwp%2Fv2%2Fcomments&post=551035"}],"version-history":[{"count":0,"href":"https:\/\/www.diarioimagen.net\/index.php?rest_route=\/wp\/v2\/posts\/551035\/revisions"}],"wp:attachment":[{"href":"https:\/\/www.diarioimagen.net\/index.php?rest_route=%2Fwp%2Fv2%2Fmedia&parent=551035"}],"wp:term":[{"taxonomy":"category","embeddable":true,"href":"https:\/\/www.diarioimagen.net\/index.php?rest_route=%2Fwp%2Fv2%2Fcategories&post=551035"},{"taxonomy":"post_tag","embeddable":true,"href":"https:\/\/www.diarioimagen.net\/index.php?rest_route=%2Fwp%2Fv2%2Ftags&post=551035"}],"curies":[{"name":"wp","href":"https:\/\/api.w.org\/{rel}","templated":true}]}}