{"id":551050,"date":"2022-06-23T00:12:16","date_gmt":"2022-06-23T05:12:16","guid":{"rendered":"https:\/\/www.diarioimagen.net\/?p=551050"},"modified":"2022-06-23T02:21:45","modified_gmt":"2022-06-23T07:21:45","slug":"monreal-pide-a-morena-que-se-le-deje-de-excluir","status":"publish","type":"post","link":"https:\/\/www.diarioimagen.net\/?p=551050","title":{"rendered":"Monreal pide a Morena\u00a0que se le deje de excluir&#8230;"},"content":{"rendered":"<h2>Tras la puerta del poder<\/h2>\n<h5>Roberto Vizca\u00edno<\/h5>\n<p>&nbsp;<\/p>\n<p>\u201c&#8230;\u00a0<strong>el l\u00edmite de mi permanencia en Morena es la dignidad. Si se me sigue excluyendo, nada tengo que hacer (ah\u00ed<\/strong>)\u201d, precis\u00f3 ayer desde Guanajuato el zacatecano, acerc\u00e1ndose a una ruptura interna.<\/p>\n<p>Entrevistado al concluir la presentaci\u00f3n de uno de sus libros en ese estado dominado por el panismo,\u00a0<strong>Ricardo Monreal<\/strong>\u00a0dijo que, al no ser incluido en eventos de Morena, al no ser mencionado en las ma\u00f1aneras y en otros foros, su dirigencia ha confirmado que no existe el \u201cpiso parejo\u201d en la sucesi\u00f3n presidencial adelantada que vive ya esa fuerza pol\u00edtica.<\/p>\n<p>\u201cYo espero\u00a0<strong><em>que la dirigencia del partido corrija<\/em><\/strong>\u00a0y\u00a0en el futuro no me excluya de la participaci\u00f3n\u00a0<em>a pesar de que no sea se\u00f1alado<\/em>\u00a0en el \u201cclub de los se\u00f1alados\u201d, no sea mencionado en el \u201cclub de los elegidos\u201d desde las matutinas ma\u00f1aneras&#8230;\u201d<\/p>\n<p>A los dirigentes de Morena les pidi\u00f3 dejar a un lado la politiquer\u00eda.<\/p>\n<p>Y en un claro mensaje al presidente\u00a0<strong>Andr\u00e9s Manuel L\u00f3pez Obrado<\/strong>r -que ser\u00e1 sin duda el gran elector en la interna de Morena-, dijo:<\/p>\n<p>\u201cLo \u00fanico que quiero es profundizar el cambio de r\u00e9gimen. Lo \u00fanico que quiero es que no se detenga este proceso de transformaci\u00f3n de la vida institucional del pa\u00eds\u201d.<\/p>\n<p>Es decir, \u00e9l, Monreal, se estar\u00eda comprometiendo desde ahora a continuar con el proyecto de la 4T de <strong>AMLO.<\/strong><\/p>\n<p>Afirm\u00f3:<\/p>\n<p><strong>\u201c&#8230; hasta ahora no estoy pensando en salirme de Morena&#8230;\u00a0<\/strong>Ah\u00ed voy a seguir luchando,\u00a0por m\u00e1s que hay un sector que quisiera que ya estuviera fuera de Morena, pero \u00bfpor qu\u00e9 tendr\u00eda que estar fuera si la mitad de mi vida la he luchado por Morena?<\/p>\n<p>\u201cAhora estoy luchando dentro de Morena, a pesar de las exclusiones y a pesar de no ser del \u201c<em>club de las corcholatas<\/em>\u201d o del \u201c<em>club de los se\u00f1alados<\/em>\u201d.<\/p>\n<p>\u201cYo estoy firme, soy un aspirante normal, legitimado por la historia, por los 25 a\u00f1os que tengo formando el movimiento.<\/p>\n<p>\u201cSoy fundador de Morena, contribu\u00ed a cuatro asambleas estatales para obtener el registro de partido; soy miembro de la Asociaci\u00f3n Civil primera de Morena del 2011 y\u00a0no quiero pleitos\u201d, insisti\u00f3.<\/p>\n<p style=\"text-align: center;\"><strong>Momento de corregir en seguridad<\/strong><\/p>\n<p>Por lo dem\u00e1s, record\u00f3 que es responsabilidad y atribuci\u00f3n constitucional del Senado el revisar todo lo que tenga que ver con la pol\u00edtica y los programas de seguridad p\u00fablica y advirti\u00f3 que luego del deleznable asesinato de dos jesuitas en un poblado de la sierra de Chihuahua dentro del llamado \u201ctriangulo dorado\u201d, que incluye a Durango y Sinaloa, es momento de hacerlo.<\/p>\n<p>\u2014\u00bfCorregir la pol\u00edtica de seguridad, corregir la estrategia de seguridad nacional?, se le pregunt\u00f3.<\/p>\n<p>\u201cYo creo que\u00a0hay que revisar y enriquecer el Plan Nacional de Seguridad. Yo creo que es una asignatura pendiente.<\/p>\n<p>\u201cPara m\u00ed, personalmente, creo que hay que enriquecer,\u00a0coordinar y ayudarle al Presidente de la Rep\u00fablica y al Gabinete de Seguridad, con instrumentos jur\u00eddicos actualizados que permitan eficazmente combatir a la delincuencia y al crimen organizado.<\/p>\n<p>-\u00bfNo vamos bien?, se le interrog\u00f3.<\/p>\n<p>\u201c&#8230; es una asignatura pendiente que no se ha resuelto\u201d.<\/p>\n<p>\u2014\u00bfDesde el Senado se puede hacer?<\/p>\n<p>\u201cS\u00ed; claro. El Senado, de hecho, tiene la obligaci\u00f3n constitucional de\u00a0revisar\u00a0anualmente\u00a0y votar el Plan de Seguridad P\u00fablica Nacional y de la Guardia Nacional&#8230;<\/p>\n<p>\u201cCreo que\u00a0lleg\u00f3 el momento de no generar titubeos ni obst\u00e1culos para revisar el Plan Nacional de Seguridad P\u00fablica. Es el momento. Y el Senado de la Rep\u00fablica actuar\u00e1 responsablemente para fortalecer esta labor, esta tarea y ayudarle al Presidente de la Rep\u00fablica\u201d, concluy\u00f3.<\/p>\n<p><strong>Llaman a combatir la corrupci\u00f3n<\/strong><\/p>\n<p>Un importante grupo de estudiosos, analistas, periodistas y dirigentes de organizaciones sociales acudieron ayer al llamado de Ethos, Laboratorio de Pol\u00edticas P\u00fablicas y una veintena m\u00e1s de asociaciones para debatir sobre alternativas para combatir la corrupci\u00f3n.<\/p>\n<p>Coincidieron en que este problema es un fen\u00f3meno multifactorial que afecta de manera transversal la vida p\u00fablica y privada.<\/p>\n<p>Y que no s\u00f3lo tiene que ver con la desviaci\u00f3n de dinero y otros recursos, sino con actitudes e incluso formas de pensar.<\/p>\n<p>\u201cEn mayor o menor medida, todas y todos resentimos sus efectos, de manera que para delinear rutas de soluci\u00f3n efectivas, es necesario escuchar las voces de los actores involucrados, as\u00ed como recurrir a la experiencia internacional. Por ello, Ethos organiz\u00f3 el Encuentro \u201cLucha Anticorrupci\u00f3n: Nuevos enfoques para tiempos inciertos\u201d, se indic\u00f3 al iniciar foros en Casa Lam.<\/p>\n<p>En la inauguraci\u00f3n participaron\u00a0<strong>Francisco \u00c1lvarez<\/strong>, presidente del Sistema Nacional Anticorrupci\u00f3n, y\u00a0<strong>Liliana Alvarado<\/strong>, directora general de Ethos, quien afirm\u00f3 que \u201cen M\u00e9xico, de acuerdo a los \u00faltimos datos de la Encuesta Nacional de Calidad e Impacto Gubernamental, el 86 por ciento de la poblaci\u00f3n considera frecuentes o muy frecuentes los actos de corrupci\u00f3n en las instituciones de gobierno. Y desafortunadamente con el paso del tiempo, las manifestaciones de este fen\u00f3meno tanto en M\u00e9xico y el mundo han ido adquiriendo nuevas formas que cada d\u00eda parecen ser m\u00e1s sofisticadas\u201d.<\/p>\n<p>Estos furos concluir\u00e1n este fin de semana.<\/p>\n<p><em><a href=\"mailto:rvizcainoa@gmail.com\" target=\"_blank\" rel=\"noopener noreferrer\">vizcainoa@gmail.com<\/a><a href=\"mailto:rvizcainoa@gmail.com\" target=\"_blank\" rel=\"noopener noreferrer\"><br \/>\n<\/a><a href=\"http:\/\/endirecto.mx\" target=\"_blank\" rel=\"noopener noreferrer\">www.endirecto.mx<\/a><a href=\"mailto:rvizcainoa@gmail.com\" target=\"_blank\" rel=\"noopener noreferrer\"><br \/>\n<\/a><a href=\"https:\/\/twitter.com\/_rvizcaino\" target=\"_blank\" rel=\"noopener noreferrer\">@_RVizcaino<\/a><a href=\"mailto:rvizcainoa@gmail.com\" target=\"_blank\" rel=\"noopener noreferrer\"><br \/>\n<\/a><a href=\"https:\/\/www.facebook.com\/rvizcainoa\" target=\"_blank\" rel=\"noopener noreferrer\">facebook.com\/rvizcainoa<\/a><\/em><\/p>\n","protected":false},"excerpt":{"rendered":"<p><span style=\"color: #005497;\"><strong>Roberto Vizca\u00edno<\/strong><\/span><\/p>\n","protected":false},"author":3,"featured_media":0,"comment_status":"open","ping_status":"open","sticky":false,"template":"","format":"standard","meta":{"_monsterinsights_skip_tracking":false,"_monsterinsights_sitenote_active":false,"_monsterinsights_sitenote_note":"","_monsterinsights_sitenote_category":0,"footnotes":""},"categories":[136],"tags":[43674,93,94],"class_list":["post-551050","post","type-post","status-publish","format-standard","hentry","category-roberto-vizcaino-opinion","tag-opinion","tag-roberto-vizcaino","tag-tras-la-puerta-del-poder"],"_links":{"self":[{"href":"https:\/\/www.diarioimagen.net\/index.php?rest_route=\/wp\/v2\/posts\/551050","targetHints":{"allow":["GET"]}}],"collection":[{"href":"https:\/\/www.diarioimagen.net\/index.php?rest_route=\/wp\/v2\/posts"}],"about":[{"href":"https:\/\/www.diarioimagen.net\/index.php?rest_route=\/wp\/v2\/types\/post"}],"author":[{"embeddable":true,"href":"https:\/\/www.diarioimagen.net\/index.php?rest_route=\/wp\/v2\/users\/3"}],"replies":[{"embeddable":true,"href":"https:\/\/www.diarioimagen.net\/index.php?rest_route=%2Fwp%2Fv2%2Fcomments&post=551050"}],"version-history":[{"count":0,"href":"https:\/\/www.diarioimagen.net\/index.php?rest_route=\/wp\/v2\/posts\/551050\/revisions"}],"wp:attachment":[{"href":"https:\/\/www.diarioimagen.net\/index.php?rest_route=%2Fwp%2Fv2%2Fmedia&parent=551050"}],"wp:term":[{"taxonomy":"category","embeddable":true,"href":"https:\/\/www.diarioimagen.net\/index.php?rest_route=%2Fwp%2Fv2%2Fcategories&post=551050"},{"taxonomy":"post_tag","embeddable":true,"href":"https:\/\/www.diarioimagen.net\/index.php?rest_route=%2Fwp%2Fv2%2Ftags&post=551050"}],"curies":[{"name":"wp","href":"https:\/\/api.w.org\/{rel}","templated":true}]}}