{"id":551139,"date":"2022-06-24T00:04:03","date_gmt":"2022-06-24T05:04:03","guid":{"rendered":"https:\/\/www.diarioimagen.net\/?p=551139"},"modified":"2022-06-24T02:35:17","modified_gmt":"2022-06-24T07:35:17","slug":"el-verde-en-edomex-sera-el-fiel-de-la-balanza-en-2023-segun-sondeos","status":"publish","type":"post","link":"https:\/\/www.diarioimagen.net\/?p=551139","title":{"rendered":"El Verde en Edomex ser\u00e1 el fiel de la balanza en 2023, seg\u00fan sondeos\u00a0"},"content":{"rendered":"<p>&nbsp;<\/p>\n<p><img loading=\"lazy\" decoding=\"async\" class=\"aligncenter size-full wp-image-551217\" src=\"https:\/\/www.diarioimagen.net\/wp-content\/uploads\/2022\/06\/BAENA4-1.jpg\" alt=\"\" width=\"460\" height=\"270\" \/><\/p>\n<p>&nbsp;<\/p>\n<p><strong>Valle de M\u00e9xico.\u2014 <\/strong>El Partido Verde Ecologista de M\u00e9xico (PVEM) ser\u00e1 el fiel de la balanza en el pr\u00f3ximo proceso electoral de 2023 en el cual se elegir\u00e1 Gobernador en el Estado de M\u00e9xico, de acuerdo con resultados de las \u00faltimas encuestas de \u201cEl Financiero\u201d y Massive Caller.<\/p>\n<p>La encuesta de \u201cEl Financiero\u201d publicada el pasado 22 de junio revela la intenci\u00f3n de voto por partidos pol\u00edticos en la entidad, en la cual se observa al PVEM con una preferencia del 4 por ciento, mientras que la casa encuestadora Massive Caller posicion\u00f3 al Verde, el pasado 21 de junio, con 5.4 puntos porcentuales, datos que representan aproximadamente unos 400 mil votos que podr\u00edan ser determinantes en esta importante elecci\u00f3n.<\/p>\n","protected":false},"excerpt":{"rendered":"<p>El Partido Verde Ecologista de M\u00e9xico (PVEM) ser\u00e1 el fiel de la balanza en el pr\u00f3ximo proceso electoral de 2023 en el cual se elegir\u00e1 Gobernador en el Estado de M\u00e9xico, de acuerdo con resultados de las \u00faltimas encuestas de \u201cEl Financiero\u201d y Massive Caller.<\/p>\n","protected":false},"author":3,"featured_media":551217,"comment_status":"open","ping_status":"open","sticky":false,"template":"","format":"standard","meta":{"_monsterinsights_skip_tracking":false,"_monsterinsights_sitenote_active":false,"_monsterinsights_sitenote_note":"","_monsterinsights_sitenote_category":0,"footnotes":""},"categories":[5],"tags":[95818,480,1416],"class_list":["post-551139","post","type-post","status-publish","format-standard","has-post-thumbnail","hentry","category-estado-de-mexico","tag-el-financiero","tag-encuestas","tag-pvem"],"_links":{"self":[{"href":"https:\/\/www.diarioimagen.net\/index.php?rest_route=\/wp\/v2\/posts\/551139","targetHints":{"allow":["GET"]}}],"collection":[{"href":"https:\/\/www.diarioimagen.net\/index.php?rest_route=\/wp\/v2\/posts"}],"about":[{"href":"https:\/\/www.diarioimagen.net\/index.php?rest_route=\/wp\/v2\/types\/post"}],"author":[{"embeddable":true,"href":"https:\/\/www.diarioimagen.net\/index.php?rest_route=\/wp\/v2\/users\/3"}],"replies":[{"embeddable":true,"href":"https:\/\/www.diarioimagen.net\/index.php?rest_route=%2Fwp%2Fv2%2Fcomments&post=551139"}],"version-history":[{"count":0,"href":"https:\/\/www.diarioimagen.net\/index.php?rest_route=\/wp\/v2\/posts\/551139\/revisions"}],"wp:featuredmedia":[{"embeddable":true,"href":"https:\/\/www.diarioimagen.net\/index.php?rest_route=\/wp\/v2\/media\/551217"}],"wp:attachment":[{"href":"https:\/\/www.diarioimagen.net\/index.php?rest_route=%2Fwp%2Fv2%2Fmedia&parent=551139"}],"wp:term":[{"taxonomy":"category","embeddable":true,"href":"https:\/\/www.diarioimagen.net\/index.php?rest_route=%2Fwp%2Fv2%2Fcategories&post=551139"},{"taxonomy":"post_tag","embeddable":true,"href":"https:\/\/www.diarioimagen.net\/index.php?rest_route=%2Fwp%2Fv2%2Ftags&post=551139"}],"curies":[{"name":"wp","href":"https:\/\/api.w.org\/{rel}","templated":true}]}}