{"id":551166,"date":"2022-06-24T00:02:57","date_gmt":"2022-06-24T05:02:57","guid":{"rendered":"https:\/\/www.diarioimagen.net\/?p=551166"},"modified":"2022-06-24T01:31:20","modified_gmt":"2022-06-24T06:31:20","slug":"iglesia-catolica-senala-a-administracion-lopezobradorista-como-estado-fallido","status":"publish","type":"post","link":"https:\/\/www.diarioimagen.net\/?p=551166","title":{"rendered":"Iglesia cat\u00f3lica se\u00f1ala a administraci\u00f3n lopezobradorista como Estado fallido"},"content":{"rendered":"<h2>La Retaguardia<\/h2>\n<h5>Adriana Moreno Cordero<\/h5>\n<p>&nbsp;<\/p>\n<ul>\n<li><strong><em>Listos, \u201ccorcholatos y corcholatas\u201d para Coahuila<\/em><\/strong><\/li>\n<\/ul>\n<p>&nbsp;<\/p>\n<p>Lo que estremeci\u00f3 la semana que cierra, fue el asesinato de los dos sacerdotes jesuitas en la sierra de Chihuahua, <strong>Joaqu\u00edn Mora<\/strong> y <strong>Javier Campos<\/strong>, as\u00ed como el gu\u00eda de turistas, <strong>Pedro Palma<\/strong>, a manos del delincuente <strong>Jos\u00e9 Noriell Portillo<\/strong>, \u201c<strong>El Chueco<\/strong>\u201d, lo que deriv\u00f3, entre otras muchas secuelas, en que toda la Iglesia cat\u00f3lica no s\u00f3olo de M\u00e9xico, sentenciara que esta errada y llamada Cuarta Transformaci\u00f3n, que encabeza <strong>Andr\u00e9s Manuel L\u00f3pez Obrador<\/strong>, s\u00f3lo haya tenido capacidad para producir un Estado fallido, en todos los \u00f3rdenes, pero especialmente en lo que respecta al combate a la inseguridad y la delincuencia organizada.<\/p>\n<p>Y es que fue el inquilino de Palacio Nacional el que le abri\u00f3 las puertas a la impunidad a los grandes capos, con aquel discurso de que hay que dar \u201cabrazos, no balazos\u201d y cuidar los derechos humanos de los criminales, por eso ahora, los diferentes c\u00e1rteles que se adue\u00f1an poco a poco del pa\u00eds, se placean por donde quiera sin que nadie se atreva a molestarlos, sabedores de que son ellos los que tienen \u201cel sart\u00e9n por el mango\u201d, mismo que les proporcion\u00f3 L\u00f3pez Obrador.<\/p>\n<p>No obstante, no deja de causar sorpresa de que a lo largo de la semana que concluye, el tabasque\u00f1o se haya dedicado a defender su pseudoestrategia para combatir a la delincuencia organizada y, sumido en su mundo de \u201camlolandia\u201d, desde su gustad\u00edsimo \u201cstand up\u201d ma\u00f1anero asegura que en cuanto a ese delicado tema, todo est\u00e1 bien. Eso no se lo creen ni sus flamantes legisladores, que tanto lo defendieron en la sesi\u00f3n de la Comisi\u00f3n Permanente \u00bfPues no que ya no hab\u00eda masacres ni impunidad en esta errada y llamada Cuarta Transformaci\u00f3n?<\/p>\n<p>Independientemente de lo anterior, igualmente llama poderosamente la atenci\u00f3n que, en contra de su costumbre, el de Tepetit\u00e1n no haya terminado por confrontarse y hasta agredir verbalmente a la Iglesia cat\u00f3lica. Lo ha hecho con el Instituto Nacional Electoral, con la UNAM, con los cient\u00edficos, con la clase media aspiracionista del pa\u00eds, con sus adversarios; con su \u201cvillano favorito\u201d, <strong>Felipe Cader\u00f3n<\/strong> y en fin, con una larga lista, dej\u00e1ndose llevar por la v\u00edscera y no por la raz\u00f3n.<\/p>\n<p>Sin embargo, en el caso de los jesuitas, que han venido alzando la voz en se\u00f1al de profunda indignaci\u00f3n, as\u00ed como la Conferencia del Episcopado Mexicano (CEM) y el <strong>Papa Francisco<\/strong>, perteneciente a la Compa\u00f1\u00eda de Jes\u00fas, lo ha pensado dos veces el tabasque\u00f1o, esto, sin soslayar que <strong>Jenaro Villamil<\/strong>, titular del Sistema P\u00fablico de Radodifusi\u00f3n del Estado Mexicano, intent\u00f3 hacer una iron\u00eda por las \u201cex benditas redes\u201d sobre la consternaci\u00f3n que manifest\u00f3 el Sumo Pont\u00edfice por el cruento asesinato de sus hermanos jesuitas. Una burla demasiado vulgar y burda, por cierto.<\/p>\n<p>Por su parte, el secretario general de la CEM, <strong>Ram\u00f3n Castro Castro<\/strong>, declar\u00f3 que la violencia esparcida, principalmente por los capos de los c\u00e1rteles,\u00a0 es insoportable: \u201cLos \u00edndices de violencia y sus estructuras de muerte, se han desbordado e instalado en nuestras comunidades, desfigurando a la persona humana, y destruyendo la cultura de paz\u201d, y en esto, tiene toda la raz\u00f3n el prelado, por lo que a nombre del resto de los obispos, demand\u00f3 a esta errada y llamada Cuarta Transformaci\u00f3n, \u201cuna respuesta a la altura de las circunstancias por parte de las autoridades civiles en todos los niveles. Es responsabilidad de quienes gobiernan procurar la justicia y favorecer la paz y la concordia en la convivencia social. Esta realidad de violencia nos golpea, nuestro M\u00e9xico est\u00e1 salpicando sangre de tantos muertos y desaparecidos, entre ellos 27 sacerdotes,<strong>\u00a0<\/strong>incluidos los padres jesuitas que han sido asesinados por el crimen organizado\u201d.<\/p>\n<p>Por lo dem\u00e1s, no es la primera vez que el jefe del Estado Vaticano se queja del terrible clima de inseguridad que vive M\u00e9xico. Cuesti\u00f3n de recordar hace algunos a\u00f1os, cuando en un correo electr\u00f3nico escrito a un amigo, se asombr\u00f3 del clima de violencia que priva en M\u00e9xico y pidi\u00f3 que Argentina, su pa\u00eds natal, no se \u201cmexicanizara\u201d. Poco tiempo despu\u00e9s, el Sumo Pont\u00edfice envi\u00f3 una disculpa manifestando que nunca hab\u00eda sido su intenci\u00f3n lastimar a nuestro pa\u00eds. Sin embargo, el paso del tiempo, desafortunadamente\u00a0 le ha dado la raz\u00f3n al Papa Francisco.<\/p>\n<p>Tampoco puede pasarse por alto que hay otras regiones del pa\u00eds que son azotadas por la delincuencia organizada como: Michoac\u00e1n, Guerrero, Guanajuato y tantas m\u00e1s y los gobernadores, independientemente del partido pol\u00edtico al que pertenezcan, se les va el tiempo en repetir una y otra vez que \u201cse llegar\u00e1 hasta las \u00faltimas consecuencias\u201d. Se reitera, con palabrer\u00eda no se soluciona nada.<\/p>\n<p>Y ante este dram\u00e1tico y sangriento panorama que no tiene para cu\u00e1ndo terminar, el presidente L\u00f3pez Obrador, luego de su p\u00falpito ma\u00f1anero, se fue a jugar beisbol, \u201ca macanear\u201d, como dice \u00e9l, as\u00ed, como si en realidad M\u00e9xico estuviera tan bien; no lo est\u00e1 ni siquiera m\u00ednimamente. Seguramente, practicando su deporta favorito, el tabasque\u00f1o pens\u00f3 en qu\u00e9 pantalla o \u201ccortina de humo\u201d podr\u00e1 echar mano para distraer la atenci\u00f3n, porque la de <strong>Julian Assange<\/strong>, le dur\u00f3 muy poquito tiempo.<\/p>\n<p style=\"text-align: center;\"><strong>Municiones<\/strong><\/p>\n<p>*** Los morenistas est\u00e1n m\u00e1s que emocionados porque este fin de semana dejar\u00e1n sentir su m\u00fasculo ni m\u00e1s ni menos que en Coahuila, donde se reunir\u00e1n como lo hicieron hace unas semanas en Toluca. El dirigente del partido oficial, <strong>Mario Mart\u00edn Delgado<\/strong>, est\u00e1 que no cabe de contento pues supone que en las elecciones que se llevar\u00e1n a cabo en este estado y en el Estado de M\u00e9xico, ahora s\u00ed, Morena de llevar\u00e1 \u201ccarro completo\u201d. Bueno, eso dice \u00e9l pero lo cierto es que esto apenas empieza. As\u00ed que veremos a las \u201ccorcholatas y corcholatos\u201d lucirse en tierras coahuilenses. \u00bfEsta vez la jefa de Gobierno de la Ciudad de M\u00e9xico, <strong>Claudia Sheinbaum,<\/strong> s\u00ed saludar\u00e1 al secretario de Relaciones Exteriores, <strong>Marcelo Ebrard<\/strong>, o le har\u00e1 cara larga en se\u00f1al de enfado? Y por su parte, el flamante secretario de Gobernaci\u00f3n, <strong>Ad\u00e1n Augusto L\u00f3pez Hern\u00e1ndez<\/strong>, \u00bfya habr\u00e1 contestado los mensajes de \u201cwhats\u201d que le enviaron sus seguidores?; \u00bfcu\u00e1l de estas \u201ccorcholatas\u201d se convertir\u00e1 en el influencer preferido de la ciudadan\u00eda?<\/p>\n<p>*** El que hizo muy bien, primero en no dejarse llamar por el despectivo t\u00e9rmino de \u201ccorcholata\u201d, fue el presidente de la Junta de Coordinaci\u00f3n Pol\u00edtica del Senado de la Rep\u00fablica, <strong>Ricardo Monreal<\/strong>, quien s\u00ed se toma las cosas en serio y reiter\u00f3 que no cejar\u00e1 en su intenci\u00f3n de buscar la candidatura presidencial, s\u00f3lo que hay un matiz; el propio senador zacatecano marc\u00f3 el l\u00edmite de lo que ser\u00e1 su estancia en Morena y ello mucho tiene que ver con la dignidad. Si sigue la dirigencia morenista en sus acciones de hacerlo de lado e intentar subestimarlo e intimidarlo entonces, se habr\u00e1 presentado \u201cla gota que derram\u00f3 el vaso\u201d y podr\u00edamos ver una importante migraci\u00f3n de Morena, hacia otro partido.<\/p>\n<p><u><a href=\"mailto:morcora@gmail.com\" target=\"_blank\" rel=\"noopener noreferrer\"><em>morcora@gmail.com<\/em><\/a><\/u><\/p>\n","protected":false},"excerpt":{"rendered":"<p><span style=\"color: #005497;\"><strong>Adriana Moreno Cordero<\/strong><\/span><\/p>\n","protected":false},"author":3,"featured_media":0,"comment_status":"open","ping_status":"open","sticky":false,"template":"","format":"standard","meta":{"_monsterinsights_skip_tracking":false,"_monsterinsights_sitenote_active":false,"_monsterinsights_sitenote_note":"","_monsterinsights_sitenote_category":0,"footnotes":""},"categories":[69370],"tags":[69369,69368,43674],"class_list":["post-551166","post","type-post","status-publish","format-standard","hentry","category-adriana-moreno-cordero","tag-adriana-moreno-cordero","tag-la-retaguardia","tag-opinion"],"_links":{"self":[{"href":"https:\/\/www.diarioimagen.net\/index.php?rest_route=\/wp\/v2\/posts\/551166","targetHints":{"allow":["GET"]}}],"collection":[{"href":"https:\/\/www.diarioimagen.net\/index.php?rest_route=\/wp\/v2\/posts"}],"about":[{"href":"https:\/\/www.diarioimagen.net\/index.php?rest_route=\/wp\/v2\/types\/post"}],"author":[{"embeddable":true,"href":"https:\/\/www.diarioimagen.net\/index.php?rest_route=\/wp\/v2\/users\/3"}],"replies":[{"embeddable":true,"href":"https:\/\/www.diarioimagen.net\/index.php?rest_route=%2Fwp%2Fv2%2Fcomments&post=551166"}],"version-history":[{"count":0,"href":"https:\/\/www.diarioimagen.net\/index.php?rest_route=\/wp\/v2\/posts\/551166\/revisions"}],"wp:attachment":[{"href":"https:\/\/www.diarioimagen.net\/index.php?rest_route=%2Fwp%2Fv2%2Fmedia&parent=551166"}],"wp:term":[{"taxonomy":"category","embeddable":true,"href":"https:\/\/www.diarioimagen.net\/index.php?rest_route=%2Fwp%2Fv2%2Fcategories&post=551166"},{"taxonomy":"post_tag","embeddable":true,"href":"https:\/\/www.diarioimagen.net\/index.php?rest_route=%2Fwp%2Fv2%2Ftags&post=551166"}],"curies":[{"name":"wp","href":"https:\/\/api.w.org\/{rel}","templated":true}]}}