{"id":551168,"date":"2022-06-24T00:05:21","date_gmt":"2022-06-24T05:05:21","guid":{"rendered":"https:\/\/www.diarioimagen.net\/?p=551168"},"modified":"2022-06-24T01:35:01","modified_gmt":"2022-06-24T06:35:01","slug":"mexico-mas-violento-que-bronco","status":"publish","type":"post","link":"https:\/\/www.diarioimagen.net\/?p=551168","title":{"rendered":"M\u00e9xico, m\u00e1s violento que bronco"},"content":{"rendered":"<h2>Perfil de M\u00e9xico<\/h2>\n<h5>Armando R\u00edos Ruiz<\/h5>\n<p>&nbsp;<\/p>\n<p>Estudios de diversas organizaciones colocan a M\u00e9xico entre los pa\u00edses m\u00e1s violentos del mundo, situaci\u00f3n que se ha agravado sustancialmente durante el presente sexenio, durante el cual, los cr\u00edmenes han aumentado de manera evidente, ante la complacencia de las autoridades, que han preferido cruzarse de brazos que combatir el mal, con una estrategia burlonamente equivocada, que aconseja dar abrazos y acusar con sus madres a la delincuencia despiadada.<\/p>\n<p>Actualmente se pretende minimizar, desde las conferencias ma\u00f1aneras, todo lo que nos hace mal que, m\u00e1s que usarse para anunciar la aplicaci\u00f3n de grandes remedios a un pa\u00eds que cada d\u00eda empeora en todo lo que le hace da\u00f1o, se utilizan para fomentar abiertamente la participaci\u00f3n del crimen.<\/p>\n<p>Esta enfermedad que se parece al c\u00e1ncer en lo incurable, por lo menos hoy, es invitada\u00a0 distinguida de la autoridad, que de manera c\u00f3moda asiste a los funerales con grandes reconocimientos a su colaboraci\u00f3n en la vida diaria de los habitantes, de tal manera que la ha convertido en auxiliar o m\u00e1s bien en la encargada de las tareas de pacificaci\u00f3n y en fuerza para someter, infundir miedo, secuestrar y asesinar abiertamente durante los tiempos de elecciones.<\/p>\n<p>Desde el principio del sexenio se invent\u00f3 la frase: \u201cabrazos, no balazos\u201d, como una especie de homenaje al crimen y para transmitirle que tiene patente de corso para que act\u00fae a sus anchas, imbuido de una conciencia que ha crecido a tal punto, que la luz del d\u00eda no representa un l\u00edmite para cometer sus fechor\u00edas. Hoy, circulan en las redes sociales videos en donde se ven convoyes repletos de delincuentes frente a un Ej\u00e9rcito convertido en un adorno demasiado caro.<\/p>\n<p>Hoy, M\u00e9xico ocupa el primer lugar en Am\u00e9rica Latina, en asesinatos de periodistas y el segundo en asesinatos de defensores de derechos humanos, s\u00f3lo por debajo de\u00a0 Colombia. Adem\u00e1s, pelea contra otros pa\u00edses del mundo por escurrirse a los primeros lugares como el m\u00e1s violento. Hay que se\u00f1alar que otros lugares de \u00c1frica y de Arabia est\u00e1n arriba, porque est\u00e1n en guerra.<\/p>\n<p>Elaboro un semanario de lunes a domingo con los asuntos m\u00e1s relevantes. Durante las \u00faltimas semanas, el tema que se ha convertido en el m\u00e1s abundante es el que se refiere a la delincuencia que pervive en todos los rincones del pa\u00eds y que provoca una vida de verdadera zozobra y espanto de los habitantes, que no se resignan a vivir con miedo durante todas las horas del d\u00eda. El crimen de los dos sacerdotes en Chihuahua, Javier Campos y Joaqu\u00edn Mora, no es m\u00e1s que una peque\u00f1\u00edsima muestra de lo que ocurre. Es bastante sonoro, por tratarse de dos personas dedicadas a difundir la paz, incapaces de causar el menor da\u00f1o a nadie, pero que toparon con las ansias de enfermos mentales que alimentan su ego y experimentan un gran alivio a su enfermedad, con el placer que les provoca arrebatar vidas humanas.<\/p>\n<p>No hab\u00eda absolutamente nada en contra de ellos. Los criminales actuaron como los soldados llevados a mi pueblo, que sol\u00edan hacer rondines en la sierra, mucho antes de que el Ej\u00e9rcito fuera rebasado por la delincuencia. Cuando regresaban al cuartel comenzaban a protestar con los ojos rojos por la mariguana: \u201cnom\u00e1s nos traen de excursi\u00f3n como ni\u00f1os bonitos\u201d. La expectativa de locura comenzaba a crecer y el capit\u00e1n que los dirig\u00eda permit\u00eda que asesinaran a alguien por mero gusto, para tranquilizar las ansias.<\/p>\n<p>El sacerdote Javier \u00c1vila, amigo de los dos asesinados, declar\u00f3 que los abrazos que recomienda un Presidente irresponsable o que tal vez sabe perfectamente lo que hace y cu\u00e1l es el objetivo, son in\u00fatiles y no constituyen tranquilidad para los mexicanos. Est\u00e1n rebasados. No s\u00f3lo eso. La estrategia naci\u00f3 rebasada. Como un permiso para la delincuencia, de actuar a su capricho.<\/p>\n<p>He escuchado mucho hablar del\u00a0 M\u00e9xico bronco, para aludir a los mexicanos que no permiten abusos de autoridad. Pero ese M\u00e9xico bronco sufri\u00f3 m\u00e1s bien una mutaci\u00f3n en el M\u00e9xico violento. \u00bfPor qu\u00e9? Porque una autoridad alent\u00f3 y alienta la conversi\u00f3n en este sentido para su propia conveniencia.<\/p>\n<p><a href=\"mailto:ariosruiz@gmail.com\" target=\"_blank\" rel=\"noopener noreferrer\"><em>ariosruiz@gmail.com<\/em><\/a><\/p>\n","protected":false},"excerpt":{"rendered":"<p><span style=\"color: #005497;\"><strong>Armando R\u00edos Ruiz<\/strong><\/span><\/p>\n","protected":false},"author":3,"featured_media":0,"comment_status":"open","ping_status":"open","sticky":false,"template":"","format":"standard","meta":{"_monsterinsights_skip_tracking":false,"_monsterinsights_sitenote_active":false,"_monsterinsights_sitenote_note":"","_monsterinsights_sitenote_category":0,"footnotes":""},"categories":[88405],"tags":[88407,43674,91193],"class_list":["post-551168","post","type-post","status-publish","format-standard","hentry","category-armando-rios-ruiz","tag-armando-rios-ruiz","tag-opinion","tag-perfil-de-mexico"],"_links":{"self":[{"href":"https:\/\/www.diarioimagen.net\/index.php?rest_route=\/wp\/v2\/posts\/551168","targetHints":{"allow":["GET"]}}],"collection":[{"href":"https:\/\/www.diarioimagen.net\/index.php?rest_route=\/wp\/v2\/posts"}],"about":[{"href":"https:\/\/www.diarioimagen.net\/index.php?rest_route=\/wp\/v2\/types\/post"}],"author":[{"embeddable":true,"href":"https:\/\/www.diarioimagen.net\/index.php?rest_route=\/wp\/v2\/users\/3"}],"replies":[{"embeddable":true,"href":"https:\/\/www.diarioimagen.net\/index.php?rest_route=%2Fwp%2Fv2%2Fcomments&post=551168"}],"version-history":[{"count":0,"href":"https:\/\/www.diarioimagen.net\/index.php?rest_route=\/wp\/v2\/posts\/551168\/revisions"}],"wp:attachment":[{"href":"https:\/\/www.diarioimagen.net\/index.php?rest_route=%2Fwp%2Fv2%2Fmedia&parent=551168"}],"wp:term":[{"taxonomy":"category","embeddable":true,"href":"https:\/\/www.diarioimagen.net\/index.php?rest_route=%2Fwp%2Fv2%2Fcategories&post=551168"},{"taxonomy":"post_tag","embeddable":true,"href":"https:\/\/www.diarioimagen.net\/index.php?rest_route=%2Fwp%2Fv2%2Ftags&post=551168"}],"curies":[{"name":"wp","href":"https:\/\/api.w.org\/{rel}","templated":true}]}}