{"id":551175,"date":"2022-06-24T00:08:45","date_gmt":"2022-06-24T05:08:45","guid":{"rendered":"https:\/\/www.diarioimagen.net\/?p=551175"},"modified":"2022-06-24T01:41:47","modified_gmt":"2022-06-24T06:41:47","slug":"crecen-las-inadmisiones-en-cancun-migracion","status":"publish","type":"post","link":"https:\/\/www.diarioimagen.net\/?p=551175","title":{"rendered":"Crecen las inadmisiones en Canc\u00fan: Migraci\u00f3n"},"content":{"rendered":"<h2>Detr\u00e1s del Poder<\/h2>\n<h5>Jos\u00e9 Antonio L\u00f3pez Sosa<\/h5>\n<p>&nbsp;<\/p>\n<p>Hemos visto, le\u00eddo y escuchado las historias de tumultos y desorganizaci\u00f3n en los filtros migratorios del Aeropuerto Internacional de Canc\u00fan -operado por Asur- en sus distintas terminales. Los hechos, incluso, escalaron a una discusi\u00f3n entre los integrantes del gabinete federal para acelerar los procesos y dar un servicio de calidad con seguridad, sobre todo en una puerta de entrada al turismo internacional como es el Caribe mexicano.<\/p>\n<p>Las cosas no se han corregido por completo, la llegada de efectivos de la Marina Armada con distintivos del Instituto Nacional de Migraci\u00f3n (Inami),, haciendo una suerte de supervisi\u00f3n en los distintos puntos de entrada del pa\u00eds, ha sido el \u00fanico cambio tangible y que no representa eficiencia ni eficacia.<\/p>\n<p>Por otro lado, se presume de la relaci\u00f3n cercana entre los gobiernos de M\u00e9xico y Venezuela, desde la llegada del presidente L\u00f3pez Obrador, cosa que quiz\u00e1s est\u00e1 en el imaginario colectivo, pero que en t\u00e9rminos reales dista de lo que acontece en el d\u00eda a d\u00eda. Para darnos una idea entre enero de 2021 y abril de 2022, tan s\u00f3lo en el Aeropuerto Internacional de Canc\u00fan, fueron inadmitidos (es decir, no se les permiti\u00f3 la entrada al pa\u00eds y fueron regresados en el siguiente vuelo disponible) a 2 mil 611 personas, tan s\u00f3lo en los vuelos que despegaron de Caracas, Venezuela y aterrizaron en Canc\u00fan, evidentemente la mayor\u00eda de ellos ciudadanos venezolanos, aunque tambi\u00e9n hay otras nacionalidades a menor escala. De ese n\u00famero, tan s\u00f3lo 5 ten\u00edan una alerta migratoria, 11 ten\u00edan alg\u00fan problema con su documentaci\u00f3n y 2 mil 595 no fueron admitidos porque de acuerdo al Inami, no cumpl\u00edan con los requisitos, \u00bfcu\u00e1les?, los que el agente migratorio en el momento determina, no s\u00e9 si orientado a lo que piensan que es la seguridad nacional o bien, para proteger las fronteras de los Estados Unidos desde Canc\u00fan, se trata de un criterio a modo porque no hay obligatoriedad del instituto para explicar caso por caso, vaya, algo discrecional.<\/p>\n<p>Estamos hablando de las inadmisiones de vuelos desde Caracas, Venezuela, si sumamos estos casos pero de vuelos desde Colombia y Panam\u00e1 por ejemplo, y no s\u00f3lo al aeropuerto de Canc\u00fan, sino al de la Ciudad de M\u00e9xico, notaremos que las inadmisiones son exponencialmente crecientes y que son a discreci\u00f3n del Inami, creando un conflicto entre la vocaci\u00f3n tur\u00edstica de M\u00e9xico y la necedad de proteger las fronteras de los Estados Unidos, \u00bfpor qu\u00e9?, porque los criterios de desconfianza parten siempre de que el viajero de Am\u00e9rica del Sur est\u00e1 buscando llegar a M\u00e9xico para cruzar la frontera norte. No dudo que haya personas cuyo objetivo es ese, pero dentro de esa paranoia, rechazan (inadmiten) a personas que viajaban por otras circunstancias, turismo incluido.<\/p>\n<p>El problema es tan grave, que en la \u00faltima feria Vitrina Tur\u00edstica ANATO, en febrero pasado all\u00e1 en Bogot\u00e1, las autoridades de la organizaci\u00f3n y gubernamentales me pidieron expresamente no tocar el tema de los colombianos no admitidos en M\u00e9xico, porque lesiona la imagen de la venta de destinos mexicanos en Colombia.<\/p>\n<p>Finalmente, en meses anteriores document\u00e9, a trav\u00e9s de mis plataformas sociales, un peque\u00f1o espacio de la terminal 2 del AICM, convertido en mini centro de detenci\u00f3n migratoria, donde inadmitidos estaban hacinados en literas, en condiciones deplorables para un pa\u00eds como M\u00e9xico, que dice a diario que respeta los derechos humanos de los migrantes.<\/p>\n<p><em><a href=\"http:\/\/www.lopezsosa.com\" target=\"_blank\" rel=\"noopener\">www.lopezsosa.com<\/a><\/em><br \/>\n<em><a href=\"mailto:joseantonio@lopezsosa.com\" target=\"_blank\" rel=\"noopener\">joseantonio@lopezsosa.com<\/a><\/em><br \/>\n<em><a href=\"http:\/\/twitter.com\/joseantonio1977\" target=\"_blank\" rel=\"noopener\">@joseantonio197<\/a><\/em><\/p>\n","protected":false},"excerpt":{"rendered":"<p><span style=\"color: #005497;\"><strong>Jos\u00e9 Antonio L\u00f3pez Sosa<\/strong><\/span><\/p>\n","protected":false},"author":3,"featured_media":0,"comment_status":"open","ping_status":"open","sticky":false,"template":"","format":"standard","meta":{"_monsterinsights_skip_tracking":false,"_monsterinsights_sitenote_active":false,"_monsterinsights_sitenote_note":"","_monsterinsights_sitenote_category":0,"footnotes":""},"categories":[637],"tags":[638,43690],"class_list":["post-551175","post","type-post","status-publish","format-standard","hentry","category-jose-antonio-lopez-sosa","tag-detras-del-poder","tag-jose-antonio-lopez-sosa"],"_links":{"self":[{"href":"https:\/\/www.diarioimagen.net\/index.php?rest_route=\/wp\/v2\/posts\/551175","targetHints":{"allow":["GET"]}}],"collection":[{"href":"https:\/\/www.diarioimagen.net\/index.php?rest_route=\/wp\/v2\/posts"}],"about":[{"href":"https:\/\/www.diarioimagen.net\/index.php?rest_route=\/wp\/v2\/types\/post"}],"author":[{"embeddable":true,"href":"https:\/\/www.diarioimagen.net\/index.php?rest_route=\/wp\/v2\/users\/3"}],"replies":[{"embeddable":true,"href":"https:\/\/www.diarioimagen.net\/index.php?rest_route=%2Fwp%2Fv2%2Fcomments&post=551175"}],"version-history":[{"count":0,"href":"https:\/\/www.diarioimagen.net\/index.php?rest_route=\/wp\/v2\/posts\/551175\/revisions"}],"wp:attachment":[{"href":"https:\/\/www.diarioimagen.net\/index.php?rest_route=%2Fwp%2Fv2%2Fmedia&parent=551175"}],"wp:term":[{"taxonomy":"category","embeddable":true,"href":"https:\/\/www.diarioimagen.net\/index.php?rest_route=%2Fwp%2Fv2%2Fcategories&post=551175"},{"taxonomy":"post_tag","embeddable":true,"href":"https:\/\/www.diarioimagen.net\/index.php?rest_route=%2Fwp%2Fv2%2Ftags&post=551175"}],"curies":[{"name":"wp","href":"https:\/\/api.w.org\/{rel}","templated":true}]}}