{"id":551277,"date":"2022-06-27T00:02:10","date_gmt":"2022-06-27T05:02:10","guid":{"rendered":"https:\/\/www.diarioimagen.net\/?p=551277"},"modified":"2022-06-27T23:07:13","modified_gmt":"2022-06-28T04:07:13","slug":"uaemex-espacio-de-respeto-a-los-derechos-laborales-y-libertad-sindical-cebd","status":"publish","type":"post","link":"https:\/\/www.diarioimagen.net\/?p=551277","title":{"rendered":"UAEM\u00e9x, espacio de respeto a los derechos laborales y libertad sindical: CEBD"},"content":{"rendered":"<p><em>\u00a0<\/em><\/p>\n<ul>\n<li><strong><em>El rector de la Aut\u00f3noma mexiquense, Carlos Eduardo Barrera D\u00edaz, al encabezar el cuarto informe de actividades de la FAAPAUAEM, reconoci\u00f3 los logros que este gremio obtuvo en el \u00faltimo a\u00f1o como la legitimidad del contrato colectivo de trabajo<\/em><\/strong><\/li>\n<\/ul>\n<p><strong>\u00a0<\/strong><\/p>\n<div id=\"attachment_551353\" style=\"width: 470px\" class=\"wp-caption aligncenter\"><img loading=\"lazy\" decoding=\"async\" aria-describedby=\"caption-attachment-551353\" class=\"size-full wp-image-551353\" src=\"https:\/\/www.diarioimagen.net\/wp-content\/uploads\/2022\/06\/Uaem2-3.jpg\" alt=\"\" width=\"460\" height=\"270\" \/><p id=\"caption-attachment-551353\" class=\"wp-caption-text\">El rector de la UAEM\u00e9x, Carlos Eduardo Barrera D\u00edaz, invit\u00f3 a los acad\u00e9micos que conforman la FAAPAUAEM a continuar ejerciendo las libertades de investigaci\u00f3n y ense\u00f1anza, fortaleciendo, al mismo tiempo, las estructuras institucionales que se han construido.<\/p><\/div>\n<p>&nbsp;<\/p>\n<p><strong>Toluca, Estado de M\u00e9xico.\u2014<\/strong> La actual administraci\u00f3n de la Universidad Aut\u00f3noma del Estado de M\u00e9xico (UAEM\u00e9x) respeta cabalmente los derechos laborales que protegen la libertad sindical, la legitimidad representativa y la capacidad de negociaci\u00f3n de todas y todos los trabajadores universitarios, asegur\u00f3 el rector Carlos Eduardo Barrera D\u00edaz.<\/p>\n<p>Al encabezar el cuarto informe de actividades de la actual gesti\u00f3n de la Federaci\u00f3n de Asociaciones Aut\u00f3nomas de Personal Acad\u00e9mico de esta casa de estudios (FAAPAUAEM), que rindi\u00f3 el secretario del Interior de esta organizaci\u00f3n sindical, Luis Roberto Garc\u00eda Winder, el rector de la UAEM\u00e9x invit\u00f3 a sus integrantes a continuar ejerciendo las libertades de investigaci\u00f3n y ense\u00f1anza, fortaleciendo, al mismo tiempo, las estructuras institucionales que se han construido.<\/p>\n<p>Asimismo, reconoci\u00f3 los logros que la FAAPAUAEM -bajo el liderazgo de su secretaria general, Gilda Gonz\u00e1lez Villase\u00f1or- obtuvo en el \u00faltimo a\u00f1o como la legitimaci\u00f3n del contrato colectivo de trabajo, los m\u00e1s de 30 mil tr\u00e1mites atendidos, el apoyo otorgado por concepto del D\u00eda de la Mujer Acad\u00e9mica Universitaria, el incremento de 4 por ciento en la dotaci\u00f3n de implementos para actividades laborales, el reconocimiento a personal docente con antig\u00fcedad de 25, 30 y 35 a\u00f1os de servicio, as\u00ed como el pago de ex\u00e1menes recepcionales a Profesores de Tiempo Completo, entre otros.<\/p>\n<p>\u201cEl informe que acabamos de escuchar nos ha mostrado los logros de una representaci\u00f3n gremial comprometida con los leg\u00edtimos intereses de las y los docentes de nuestra casa de estudios, sabia y lealmente amalgamados con su vocaci\u00f3n magisterial\u201d, agreg\u00f3 el rector de la UAEM\u00e9x.<\/p>\n<p>En tanto, Garc\u00eda Winder, en representaci\u00f3n de Gonz\u00e1lez Villase\u00f1or, destac\u00f3 que otros logros alcanzados son que 147 docentes, mediante concurso de oposici\u00f3n, fueron beneficiados con plazas otorgadas, distribuidas en 23 espacios acad\u00e9micos; as\u00ed como la gesti\u00f3n de mil 883 becas de escolaridad.<\/p>\n<p>\u201cHaciendo un balance de esta administraci\u00f3n, dir\u00edamos que avanzamos, que fue una lucha constante de servicio y que si en alg\u00fan momento tuvimos dudas, buscamos en lo inmediato atenderlas. En este trabajo continuo nos dimos cuenta de que con ustedes somos fuertes, que como gremio podemos lograr avances inesperados\u201d, expres\u00f3.<\/p>\n<p>El padr\u00f3n de agremiados de la FAAPAUAEM \u2013de junio de 2021 a junio de 2022- suma 6 mil 112 acad\u00e9micos de los cuales 2 mil 995 son mujeres y 3 mil 117 hombres.<\/p>\n<p>Al acto acudieron la secretaria de Administraci\u00f3n, Er\u00e9ndira Fierro Moreno; la directora de Recursos Humanos, Martha Olivia Cano Nava; la directora de la Facultad de Planeaci\u00f3n Urbana y Regional, Norma Hern\u00e1ndez Ram\u00edrez; el secretario del Sindicato \u00danico de Trabajadores y Empleados al Servicio de la UAEM\u00e9x (SUTESUAEM), Pedro Rodr\u00edguez Magallanes, as\u00ed como integrantes del gabinete universitario y personal administrativo de la FAAPAUAEM.<\/p>\n","protected":false},"excerpt":{"rendered":"<p>La actual administraci\u00f3n de la Universidad Aut\u00f3noma del Estado de M\u00e9xico (UAEM\u00e9x) respeta cabalmente los derechos laborales que protegen la libertad sindical, la legitimidad representativa y la capacidad de negociaci\u00f3n de todas y todos los trabajadores universitarios, asegur\u00f3 el rector Carlos Eduardo Barrera D\u00edaz.<\/p>\n","protected":false},"author":3,"featured_media":551353,"comment_status":"open","ping_status":"open","sticky":false,"template":"","format":"standard","meta":{"_monsterinsights_skip_tracking":false,"_monsterinsights_sitenote_active":false,"_monsterinsights_sitenote_note":"","_monsterinsights_sitenote_category":0,"footnotes":""},"categories":[5],"tags":[92667,94121,67878],"class_list":["post-551277","post","type-post","status-publish","format-standard","has-post-thumbnail","hentry","category-estado-de-mexico","tag-carlos-eduardo-barrera-diaz","tag-cebd","tag-uaemex"],"_links":{"self":[{"href":"https:\/\/www.diarioimagen.net\/index.php?rest_route=\/wp\/v2\/posts\/551277","targetHints":{"allow":["GET"]}}],"collection":[{"href":"https:\/\/www.diarioimagen.net\/index.php?rest_route=\/wp\/v2\/posts"}],"about":[{"href":"https:\/\/www.diarioimagen.net\/index.php?rest_route=\/wp\/v2\/types\/post"}],"author":[{"embeddable":true,"href":"https:\/\/www.diarioimagen.net\/index.php?rest_route=\/wp\/v2\/users\/3"}],"replies":[{"embeddable":true,"href":"https:\/\/www.diarioimagen.net\/index.php?rest_route=%2Fwp%2Fv2%2Fcomments&post=551277"}],"version-history":[{"count":0,"href":"https:\/\/www.diarioimagen.net\/index.php?rest_route=\/wp\/v2\/posts\/551277\/revisions"}],"wp:featuredmedia":[{"embeddable":true,"href":"https:\/\/www.diarioimagen.net\/index.php?rest_route=\/wp\/v2\/media\/551353"}],"wp:attachment":[{"href":"https:\/\/www.diarioimagen.net\/index.php?rest_route=%2Fwp%2Fv2%2Fmedia&parent=551277"}],"wp:term":[{"taxonomy":"category","embeddable":true,"href":"https:\/\/www.diarioimagen.net\/index.php?rest_route=%2Fwp%2Fv2%2Fcategories&post=551277"},{"taxonomy":"post_tag","embeddable":true,"href":"https:\/\/www.diarioimagen.net\/index.php?rest_route=%2Fwp%2Fv2%2Ftags&post=551277"}],"curies":[{"name":"wp","href":"https:\/\/api.w.org\/{rel}","templated":true}]}}